{"id":585336,"date":"2025-12-08T01:27:17","date_gmt":"2025-12-08T01:27:17","guid":{"rendered":"https:\/\/www.europesays.com\/fr\/585336\/"},"modified":"2025-12-08T01:27:17","modified_gmt":"2025-12-08T01:27:17","slug":"lanime-code-geass-hoshi-oi-no-aspar-annonce","status":"publish","type":"post","link":"https:\/\/www.europesays.com\/fr\/585336\/","title":{"rendered":"L&rsquo;anime Code Geass Hoshi Oi no Aspar, annonc\u00e9"},"content":{"rendered":"<p>162<\/p>\n<p>L\u2019univers de <strong>Code Geass<\/strong> est sur le point de conna\u00eetre une nouvelle expansion avec l\u2019anime <strong>Code Geass Hoshi Oi no Aspar<\/strong> (Code Geass: Aspar the Star Chaser) qui c\u00e9l\u00e8brera les 20 ans de la franchise !<\/p>\n<p><img fetchpriority=\"high\" decoding=\"async\" width=\"848\" height=\"1200\" src=\"https:\/\/www.europesays.com\/fr\/wp-content\/uploads\/2025\/12\/Code-Geass-Hoshi-Oi-no-Aspar-annonce-image.jpg\" alt=\"Code Geass Hoshi Oi no Aspar\" class=\"wp-image-201619\" title=\"L'anime Code Geass Hoshi Oi no Aspar, annonc\u00e9 26\"  \/><\/p>\n<p>Il s\u2019agit d\u2019une s\u00e9rie anim\u00e9e. La date de sortie n\u2019a pas encore \u00e9t\u00e9 r\u00e9v\u00e9l\u00e9e. Plus d\u2019informations prochainement.<\/p>\n<p><strong>Staff Animation \u2013 Code Geass Hoshi Oi no Aspar :<\/strong><\/p>\n<p>Studio : <strong>Sunrise<\/strong><br \/>R\u00e9alisateur : <strong>Kazuya Nomura<\/strong> (<a href=\"https:\/\/adala-news.fr\/2020\/09\/lanime-moriarty-the-patriot-en-promotion-video\/\" data-type=\"link\" data-id=\"https:\/\/adala-news.fr\/2020\/09\/lanime-moriarty-the-patriot-en-promotion-video\/\" target=\"_blank\" rel=\"noreferrer noopener\">Moriarty the Patriot<\/a>, <a href=\"https:\/\/adala-news.fr\/2018\/09\/lanime-kaze-ga-tsuyoku-fuiteiru-en-promotion-video\/\" target=\"_blank\" rel=\"noopener\">Kaze ga Tsuyoku Fuiteiru<\/a>, <a href=\"https:\/\/adala-news.fr\/2019\/03\/lanime-black-fox-en-promotion-video\/\" target=\"_blank\" rel=\"noopener\">Black Fox<\/a>)<br \/>Sc\u00e9nariste : <strong>Mado Nozaki<\/strong> (<a href=\"https:\/\/adala-news.fr\/2019\/07\/le-film-animation-hello-world-en-trailer\/\" data-type=\"link\" data-id=\"https:\/\/adala-news.fr\/2019\/07\/le-film-animation-hello-world-en-trailer\/\" target=\"_blank\" rel=\"noreferrer noopener\">Hello World<\/a>, <a href=\"https:\/\/adala-news.fr\/2016\/08\/lanime-seikaisuru-kado-annonce\/\" data-type=\"link\" data-id=\"https:\/\/adala-news.fr\/2016\/08\/lanime-seikaisuru-kado-annonce\/\" target=\"_blank\" rel=\"noreferrer noopener\">KADO The Right Answer<\/a>)<br \/>Character Design : <strong>Rolua<\/strong><br \/>Mecha Design (Agarmatha) : <strong>Yoshi<\/strong><\/p>\n<p>Pour rappel, la pr\u00e9c\u00e9dente s\u00e9rie anim\u00e9e <strong><a href=\"https:\/\/adala-news.fr\/2024\/03\/lanime-code-geass-roze-of-the-recapture-en-trailer\/\" data-type=\"link\" data-id=\"https:\/\/adala-news.fr\/2024\/03\/lanime-code-geass-roze-of-the-recapture-en-trailer\/\" target=\"_blank\" rel=\"noreferrer noopener\">Code Geass: Roz\u00e9 of the Recapture<\/a><\/strong> est sortie en 2024 et compte 12 \u00e9pisodes.<\/p>\n<\/p>\n<p>source : <a href=\"https:\/\/geass.jp\/\" target=\"_blank\" data-type=\"link\" data-id=\"https:\/\/geass.jp\/\" rel=\"noreferrer noopener\">geass.jp<\/a><\/p>\n","protected":false},"excerpt":{"rendered":"162 L\u2019univers de Code Geass est sur le point de conna\u00eetre une nouvelle expansion avec l\u2019anime Code Geass&hellip;\n","protected":false},"author":2,"featured_media":585337,"comment_status":"","ping_status":"","sticky":false,"template":"","format":"standard","meta":{"footnotes":""},"categories":[1356],"tags":[58,59,1011,27,252,1364],"class_list":{"0":"post-585336","1":"post","2":"type-post","3":"status-publish","4":"format-standard","5":"has-post-thumbnail","7":"category-television","8":"tag-divertissement","9":"tag-entertainment","10":"tag-fr","11":"tag-france","12":"tag-television","13":"tag-tv"},"share_on_mastodon":{"url":"https:\/\/pubeurope.com\/@fr\/115681352352839005","error":""},"_links":{"self":[{"href":"https:\/\/www.europesays.com\/fr\/wp-json\/wp\/v2\/posts\/585336","targetHints":{"allow":["GET"]}}],"collection":[{"href":"https:\/\/www.europesays.com\/fr\/wp-json\/wp\/v2\/posts"}],"about":[{"href":"https:\/\/www.europesays.com\/fr\/wp-json\/wp\/v2\/types\/post"}],"author":[{"embeddable":true,"href":"https:\/\/www.europesays.com\/fr\/wp-json\/wp\/v2\/users\/2"}],"replies":[{"embeddable":true,"href":"https:\/\/www.europesays.com\/fr\/wp-json\/wp\/v2\/comments?post=585336"}],"version-history":[{"count":0,"href":"https:\/\/www.europesays.com\/fr\/wp-json\/wp\/v2\/posts\/585336\/revisions"}],"wp:featuredmedia":[{"embeddable":true,"href":"https:\/\/www.europesays.com\/fr\/wp-json\/wp\/v2\/media\/585337"}],"wp:attachment":[{"href":"https:\/\/www.europesays.com\/fr\/wp-json\/wp\/v2\/media?parent=585336"}],"wp:term":[{"taxonomy":"category","embeddable":true,"href":"https:\/\/www.europesays.com\/fr\/wp-json\/wp\/v2\/categories?post=585336"},{"taxonomy":"post_tag","embeddable":true,"href":"https:\/\/www.europesays.com\/fr\/wp-json\/wp\/v2\/tags?post=585336"}],"curies":[{"name":"wp","href":"https:\/\/api.w.org\/{rel}","templated":true}]}}