{"id":585338,"date":"2025-12-08T01:28:21","date_gmt":"2025-12-08T01:28:21","guid":{"rendered":"https:\/\/www.europesays.com\/fr\/585338\/"},"modified":"2025-12-08T01:28:21","modified_gmt":"2025-12-08T01:28:21","slug":"sheila-determinee-mon-but-est-de-journal-des-femmes","status":"publish","type":"post","link":"https:\/\/www.europesays.com\/fr\/585338\/","title":{"rendered":"Sheila, d\u00e9termin\u00e9e : &quot;mon but est de&#8230;&quot; &#8211; Journal des Femmes"},"content":{"rendered":"<ol>\n<li><a href=\"https:\/\/news.google.com\/rss\/articles\/CBMilgFBVV95cUxNZE1VdVRiVGFxX19yMGhIWkdGV00ySXpXSXRiZHNsQ0x4ZTJNU1dreUhxUjBDMkdrT3B2VUhMQjdnX3R4UmRqX0o5aWhBWS1hb0FybVVaUTFIMjU3aWY5Tm1yOG9xMERVelp1bm92Qm9TMURKZmI4MDB0Vnh2ekxZRFE3WkZ6NHRfSGEzMnhSejA3czV3Z2c?oc=5\" target=\"_blank\" rel=\"noopener\">Sheila, d\u00e9termin\u00e9e : \u00ab\u00a0mon but est de&#8230;\u00a0\u00bb<\/a>&nbsp;&nbsp;Journal des Femmes<\/li>\n<li><a href=\"https:\/\/news.google.com\/rss\/articles\/CBMieEFVX3lxTE1VV0cyV2pqZGFpRVdIX1pZQ2VWMXo4RUxWM0lsZEE1dXBqZnM3LVJrQ29lSEd0V2FtTW1KZnVLX0JvZGFfZ0tuSXJTTmx2enJQd1o5YVdLOEVjNHhfcDA2cUdGVUFZdG9Dd3pFamRRWHZoVDg3ZnZLdg?oc=5\" target=\"_blank\" rel=\"noopener\">Sheila en replay &#8211; Basique, le concert<\/a>&nbsp;&nbsp;France TV<\/li>\n<li><a href=\"https:\/\/news.google.com\/rss\/articles\/CBMi6wFBVV95cUxNUnBoZUZFS3NCRFIzUU5pS1ZzQ28xNndfOGtraFBqdnhmN2J2bU5DcThJR3N6R29rTU4tazdEaGR5bGJfcm1BcGgzcXdQVjdjeW13VktfZGlzb2JkQ3NpMmhfeVdycGxkTEh1VUZmdXR2WENuanVDc1FacXdOcTJ2OGQ5XzI1MEtoQ3UtanFudjM5dDloTkRaNDRzd0tuUWkxak4zeXJoTWZRZjc0Uk9hMTF2ekl3WVNWNTRZeG9xOFhiZTJIN3JiQ0pfcTI3SGdLMlhvZzBzWjdiVDV3VzB3NlhiMTVKTzUwTkZv?oc=5\" target=\"_blank\" rel=\"noopener\">Gagnez vos places pour le concert de Sheila le 18 d\u00e9cembre \u00e0 Anth\u00e9a et vibrez au rythme de ses tubes !<\/a>&nbsp;&nbsp;francebleu.fr<\/li>\n<li><a href=\"https:\/\/news.google.com\/rss\/articles\/CBMinAFBVV95cUxQaFB3VFZBa05VaEVtMXBRcnVMemZHMVVCdWZ1bmF6SkdkQUIxM1F5UW8yNjdRNXlkQmVLdFMzY0dpdV84ZnBDVjBmRVZ1Y0VHUS1pWFp1R21OY1pVcE1zTUNrMWtDVHNTTlFMSGdvM0tEeWhYa0JYWlhoaHBYTGl4cVc1ZmJiRHpXTzhvdTlWeTNsc25MN3VWY2x5RnI?oc=5\" target=\"_blank\" rel=\"noopener\">La Trois HD &#8211; Sheila, toutes ces vies l\u00e0&#8230;<\/a>&nbsp;&nbsp;Pickx.be<\/li>\n<li><a href=\"https:\/\/news.google.com\/rss\/articles\/CBMi0gFBVV95cUxQTXRVSzhaZUEtV3FnWktMWm80WkdreXZPbmtSaTAwbGlTTmpnTUxNbU5qOWhrZGZIX0U3dUhoV3ljSVRyU041Z2V5YmtvVnd5SFh5bDdPWXd1YlVxdXBCM1V0dVdnVWNBamN5THNqM1hDdkRKUXBKNDd5STFOYnRXaW9rNTd0amZoTVdMQUVNaHRPa2xoUlZERVZjYzVqN3AtejNqSE5iTmwyUHJjcjVJaUdEVFlaQXZqbG5jV2ZNX242eFRNeHZCUWlsSm5SRmJET2c?oc=5\" target=\"_blank\" rel=\"noopener\">L&rsquo;ic\u00f4ne sans \u00e2ge: soir\u00e9e sp\u00e9ciale Sheila ce vendredi 5 d\u00e9cembre<\/a>&nbsp;&nbsp;moustique.be<\/li>\n<\/ol>\n","protected":false},"excerpt":{"rendered":"Sheila, d\u00e9termin\u00e9e : \u00ab\u00a0mon but est de&#8230;\u00a0\u00bb&nbsp;&nbsp;Journal des Femmes Sheila en replay &#8211; Basique, le concert&nbsp;&nbsp;France TV Gagnez&hellip;\n","protected":false},"author":2,"featured_media":585339,"comment_status":"","ping_status":"","sticky":false,"template":"","format":"standard","meta":{"footnotes":""},"categories":[1355],"tags":[69890,51761,58,59,52292,1011,27,51766,1031,1361,873,10830],"class_list":{"0":"post-585338","1":"post","2":"type-post","3":"status-publish","4":"format-standard","5":"has-post-thumbnail","7":"category-musique","8":"tag-cms-journaldesfemmes-3249774","9":"tag-controller-content","10":"tag-divertissement","11":"tag-entertainment","12":"tag-format-reportage","13":"tag-fr","14":"tag-france","15":"tag-les-histoires-du-jdf","16":"tag-magazine","17":"tag-music","18":"tag-musique","19":"tag-sheila"},"share_on_mastodon":{"url":"https:\/\/pubeurope.com\/@fr\/115681355639705561","error":""},"_links":{"self":[{"href":"https:\/\/www.europesays.com\/fr\/wp-json\/wp\/v2\/posts\/585338","targetHints":{"allow":["GET"]}}],"collection":[{"href":"https:\/\/www.europesays.com\/fr\/wp-json\/wp\/v2\/posts"}],"about":[{"href":"https:\/\/www.europesays.com\/fr\/wp-json\/wp\/v2\/types\/post"}],"author":[{"embeddable":true,"href":"https:\/\/www.europesays.com\/fr\/wp-json\/wp\/v2\/users\/2"}],"replies":[{"embeddable":true,"href":"https:\/\/www.europesays.com\/fr\/wp-json\/wp\/v2\/comments?post=585338"}],"version-history":[{"count":0,"href":"https:\/\/www.europesays.com\/fr\/wp-json\/wp\/v2\/posts\/585338\/revisions"}],"wp:featuredmedia":[{"embeddable":true,"href":"https:\/\/www.europesays.com\/fr\/wp-json\/wp\/v2\/media\/585339"}],"wp:attachment":[{"href":"https:\/\/www.europesays.com\/fr\/wp-json\/wp\/v2\/media?parent=585338"}],"wp:term":[{"taxonomy":"category","embeddable":true,"href":"https:\/\/www.europesays.com\/fr\/wp-json\/wp\/v2\/categories?post=585338"},{"taxonomy":"post_tag","embeddable":true,"href":"https:\/\/www.europesays.com\/fr\/wp-json\/wp\/v2\/tags?post=585338"}],"curies":[{"name":"wp","href":"https:\/\/api.w.org\/{rel}","templated":true}]}}