{"id":585340,"date":"2025-12-08T01:29:43","date_gmt":"2025-12-08T01:29:43","guid":{"rendered":"https:\/\/www.europesays.com\/fr\/585340\/"},"modified":"2025-12-08T01:29:43","modified_gmt":"2025-12-08T01:29:43","slug":"ses-photos-ont-change-ma-vie-comment-le-documentariste-lee-shulman-a-kidnappe-martin-parr-telerama","status":"publish","type":"post","link":"https:\/\/www.europesays.com\/fr\/585340\/","title":{"rendered":"\u201cSes photos ont chang\u00e9 ma vie\u201d : comment le documentariste Lee Shulman a kidnapp\u00e9 Martin Parr &#8211; T\u00e9l\u00e9rama"},"content":{"rendered":"<ol>\n<li><a href=\"https:\/\/news.google.com\/rss\/articles\/CBMi2AFBVV95cUxQMERQd2ZGcnh3bVE5QTkwdTBPVnRRbHJhejlRWG9QdUVEMXoyRUhFNVVrejZmdzRpX3c3dWthVFJmaDRWcnhfUFp2b3JsQ3U2Wlc1S05kNmgtc1RXbXA1cnk2NC0wY0t0eHpnQ1lTWFlfMDRhSEVHbDRCN1ZoMVYwU0JGUnVIakVuRGpFZ2VxckdGdlc4QzBYeU44RVQzOFNDbTVaZ0ZDWnVwNmZreU1DQU1wX21JM1hUSHhLc3FmQUh1WExxdzhnQ3pDUG1yQUdOS29XTzVZTHI?oc=5\" target=\"_blank\" rel=\"noopener\">\u201cSes photos ont chang\u00e9 ma vie\u201d : comment le documentariste Lee Shulman a kidnapp\u00e9 Martin Parr<\/a>&nbsp;&nbsp;T\u00e9l\u00e9rama<\/li>\n<li><a href=\"https:\/\/news.google.com\/rss\/articles\/CBMi0AFBVV95cUxNTGdZaGp3eXl1WHRkZFJQcG9iXzRQSlRXYjVTb3NqcHZPRkJ0dko4TFMxRVlmMUNwX0JTNWhyeFBBY0tDSjdwa2xBSWxlekhRWmo2Q1NVTE1CRHAtLWhESlZzUjVROUhwdnRPajZZZUxfRkU2Qm81Uy1xMG9WNk9KQUFLWmJvS0p2dFplTk5KYVBEMWgydnc4YmgzR1VzbHcxMmMyT3B3aHdsV2p0bnJFc3gxTWoybFVydjZmX1hYOGhjbHE3NzduZ2xSNmZMZ05s?oc=5\" target=\"_blank\" rel=\"noopener\">Martin Parr, extraordinaire photographe de la banalit\u00e9, est mort<\/a>&nbsp;&nbsp;Le Monde.fr<\/li>\n<li><a href=\"https:\/\/news.google.com\/rss\/articles\/CBMilgJBVV95cUxNWDI5cUJNak56em0tRnE5Nk82QnRVdVR1LVYtUUVFSS1WNnQ4dXlNeU8zMms2bEgwUG5kN2VLTXZOY09mclk3V1dldDliS25Scm9fbC0zTy03VkJ5V1BqMzlfNE1oMEU5c1BhMzdaVFNFYnA1V3pZSVBBT2FlX0EzaUJhbWZ4VG11NFFhMHcwQTBEQ0M2SEdXZnZULTJUNklBSjBrc3hIcTZuWWx1RmtQZEJsYWlOcXdQTVMzMF9jd1Q5cW1vckRnQVVHVUMwanluUFhTbDQxWEJDX215eTlPMHRCNXhmb2tiOGJZOElybEFqME5naVlQLXNFMW9Va0ZBLVEwb2NDM05YSWtmaGV1bUEyMFJJQQ?oc=5\" target=\"_blank\" rel=\"noopener\">Touche \u00ab british \u00bb, couleurs vives, critique de la soci\u00e9t\u00e9 : le regard ironique de Martin Parr a marqu\u00e9 la photographie<\/a>&nbsp;&nbsp;Ouest-France<\/li>\n<li><a href=\"https:\/\/news.google.com\/rss\/articles\/CBMi0gJBVV95cUxOY1RCanlCQnVnXzRhaGZpbndzMTU0cG5xYWdrNk05TklpbUlFRV8zTk9fLTcyUDlVSHVUS2l2R1NDYnBPNkFDM1Y5NHVCYVZ6V01sZUx5M3VwWTRqU1JMa2xUZzNuend6NGVyUUdSLW9JSXlQX1lHNUN3Q1FwVnhUV25QengzSWJldi1PNFVtSzJpalpPZU81aUJCWGhuSjdOTGdwWWJQZGhBVGlSakpGeExWbm4zU0MtaWRuYmxmSlY2anhfYUpQa0pQVXRFX1U5YllRYXk1S0s5dXNRcFBXa0xNZXBzSEk3X3JWYS02THNzczBSNWhuTllyUFFRUl9RUElhOTJ0bGxaUlczU0d5MkhwU20zUHZiMnpXVFJlMTlic3ZlY1FBQTJQQVp3M0YxRUtnWkE2ZkM4WEJ1T056eWdpUjdNLUQ2UmpqYWU1Z1dIQQ?oc=5\" target=\"_blank\" rel=\"noopener\">PHOTOS. Quand Martin Parr photographiait les Britanniques venus acheter des litres de bi\u00e8re dans les supermarch\u00e9s du littoral du Pas-de-Calais<\/a>&nbsp;&nbsp;France 3 R\u00e9gions<\/li>\n<li><a href=\"https:\/\/news.google.com\/rss\/articles\/CBMijgFBVV95cUxOLTFWdDBKb1NGQ2NZTFkxZmR3NjJhUllaQW5YOHFhS05mU0FUc1gwOGc4bVZhNWxHanBKRzR6aXI0UXpHYW9LVUZGV0ZiTk1RczlRYmpWLTB3ZmFuX2ZHbmFEYTNjTjB5TjRhUkN5ZmJMU0tPRzNTQkJrTVIwUXM0Z2REZ0o5dmdvMXpkZWdn?oc=5\" target=\"_blank\" rel=\"noopener\">Le photographe britannique Martin Parr est mort<\/a>&nbsp;&nbsp;Le Figaro<\/li>\n<\/ol>\n","protected":false},"excerpt":{"rendered":"\u201cSes photos ont chang\u00e9 ma vie\u201d : comment le documentariste Lee Shulman a kidnapp\u00e9 Martin Parr&nbsp;&nbsp;T\u00e9l\u00e9rama Martin Parr,&hellip;\n","protected":false},"author":2,"featured_media":585341,"comment_status":"","ping_status":"","sticky":false,"template":"","format":"standard","meta":{"footnotes":""},"categories":[1354],"tags":[58,59,1346,1011,27,1360],"class_list":{"0":"post-585340","1":"post","2":"type-post","3":"status-publish","4":"format-standard","5":"has-post-thumbnail","7":"category-films","8":"tag-divertissement","9":"tag-entertainment","10":"tag-films","11":"tag-fr","12":"tag-france","13":"tag-movies"},"share_on_mastodon":{"url":"https:\/\/pubeurope.com\/@fr\/115681359588811196","error":""},"_links":{"self":[{"href":"https:\/\/www.europesays.com\/fr\/wp-json\/wp\/v2\/posts\/585340","targetHints":{"allow":["GET"]}}],"collection":[{"href":"https:\/\/www.europesays.com\/fr\/wp-json\/wp\/v2\/posts"}],"about":[{"href":"https:\/\/www.europesays.com\/fr\/wp-json\/wp\/v2\/types\/post"}],"author":[{"embeddable":true,"href":"https:\/\/www.europesays.com\/fr\/wp-json\/wp\/v2\/users\/2"}],"replies":[{"embeddable":true,"href":"https:\/\/www.europesays.com\/fr\/wp-json\/wp\/v2\/comments?post=585340"}],"version-history":[{"count":0,"href":"https:\/\/www.europesays.com\/fr\/wp-json\/wp\/v2\/posts\/585340\/revisions"}],"wp:featuredmedia":[{"embeddable":true,"href":"https:\/\/www.europesays.com\/fr\/wp-json\/wp\/v2\/media\/585341"}],"wp:attachment":[{"href":"https:\/\/www.europesays.com\/fr\/wp-json\/wp\/v2\/media?parent=585340"}],"wp:term":[{"taxonomy":"category","embeddable":true,"href":"https:\/\/www.europesays.com\/fr\/wp-json\/wp\/v2\/categories?post=585340"},{"taxonomy":"post_tag","embeddable":true,"href":"https:\/\/www.europesays.com\/fr\/wp-json\/wp\/v2\/tags?post=585340"}],"curies":[{"name":"wp","href":"https:\/\/api.w.org\/{rel}","templated":true}]}}