{"id":585344,"date":"2025-12-08T01:31:15","date_gmt":"2025-12-08T01:31:15","guid":{"rendered":"https:\/\/www.europesays.com\/fr\/585344\/"},"modified":"2025-12-08T01:31:15","modified_gmt":"2025-12-08T01:31:15","slug":"salah-laubaine-hivernale-du-psg","status":"publish","type":"post","link":"https:\/\/www.europesays.com\/fr\/585344\/","title":{"rendered":"Salah, l\u2019aubaine hivernale du PSG"},"content":{"rendered":"<p><strong>Mohamed Salah sur le d\u00e9part de<br \/>\nLiverpool, le PSG, toujours attentif au cas de l\u2019attaquant<br \/>\n\u00e9gyptien, pourrait passer \u00e0 l\u2019offensive d\u00e8s cet<br \/>\nhiver.<\/strong><\/p>\n<p>En mal de r\u00e9sultats cette saison, Liverpool a vu sa belle<br \/>\ncoh\u00e9sion de champion sortant voler en \u00e9clat en l\u2019espace de quelques<br \/>\nsemaines. Cantonn\u00e9s au ventre mou du classement de <strong><a href=\"https:\/\/www.sports.fr\/football\/angleterre\" target=\"_blank\" rel=\"noopener\">la Premier<br \/>\nLeague<\/a><\/strong>, les Reds doivent du reste composer avec une<br \/>\ncrise intestine et les \u00e9tats d\u2019\u00e2me de leur star absolue: Mohamed<br \/>\nSalah.<\/p>\n<p>Rel\u00e9gu\u00e9 sur le banc depuis trois matches, l\u2019attaquant \u00e9gyptien<br \/>\nde 33 ans a perdu son sang-froid samedi apr\u00e8s le match nul<br \/>\nenregistr\u00e9 contre Leeds (3-3) \u2013 une rencontre \u00e0 laquelle il n\u2019a pas<br \/>\ndu tout particip\u00e9. \u00ab\u00a0Tout \u00e0 coup, nous n\u2019avons plus aucune<br \/>\nrelation. Je ne sais pas pourquoi, mais il me semble, d\u2019apr\u00e8s ce<br \/>\nque je vois, que quelqu\u2019un ne veut pas de moi dans le<br \/>\nclub\u00a0\u00bb, souffle-t-il, visant clairement son coach Arne<br \/>\nSlot.<\/p>\n<blockquote class=\"twitter-tweet\"><p><a class=\"twitter-link\" rel=\"noindex, nofollow noopener\" href=\"https:\/\/twitter.com\/sports_fr\/status\/1997626567560716451\" target=\"_blank\"><\/p><\/blockquote>\n<p>\u00ab\u00a0J\u2019ai l\u2019impression que le club m\u2019a jet\u00e9 en<br \/>\np\u00e2ture\u00a0\u00bb, poursuit le Pharaon, laissant entendre que le<br \/>\nmatch \u00e0 venir contre Brighton le week-end prochain pourrait \u00eatre<br \/>\nson dernier \u00e0 Liverpool. \u00ab\u00a0Je serai \u00e0 Anfield pour dire au<br \/>\nrevoir aux supporters avant d\u2019aller \u00e0 la Coupe d\u2019Afrique des<br \/>\nnations, parce que je ne sais pas ce qui se passera quand j\u2019y<br \/>\nserai\u2026\u00a0\u00bb<\/p>\n<p>L\u2019Arabie saoudite toujours \u00e0 l\u2019aff\u00fbt\u00a0?<\/p>\n<p>La tr\u00eave hivernale pourrait permettre en effet \u00e0 Mohamed Salah<br \/>\nde trouver une porte de sortie. Et pourquoi pas pour rallier le<br \/>\nPSG, l\u2019un de ses derniers courtisans les plus assidus\u00a0?<br \/>\nD\u2019autant que le pr\u00e9sident du club de la capitale, Nasser<br \/>\nAl-Khela\u00effi, n\u2019a jamais cach\u00e9 son int\u00e9r\u00eat pour le buteur des Reds,<br \/>\nauteur en rouge de 250 buts, et cr\u00e9dit\u00e9 de 113 passes d\u00e9cisives, en<br \/>\n420 parties disput\u00e9es depuis 2017 et son arriv\u00e9e sur les bords de<br \/>\nla Mersey.<\/p>\n<p>Samedi soir face \u00e0 la presse anglaise, Mohamed Salah a de<br \/>\nlui-m\u00eame \u00e9voqu\u00e9 une autre piste qui s\u2019\u00e9tait av\u00e9r\u00e9e br\u00fblante cet<br \/>\n\u00e9t\u00e9. \u00ab\u00a0Je pensais qu\u2019il y avait une bonne opportunit\u00e9 de<br \/>\nrejoindre la Ligue saoudienne. Je pensais que je pourrais y aller<br \/>\nsi je ne renouvelais pas mon contrat avec Liverpool\u2026 Mes relations<br \/>\navec les gens l\u00e0-bas sont toujours bonnes et se poursuivent. De<br \/>\ns\u00e9rieuses n\u00e9gociations ont eu lieu d\u00e9j\u00e0 pour me<br \/>\nrecruter.\u00a0\u00bb Les prochains jours ainsi pourraient \u00eatre<br \/>\nd\u00e9cisifs si toutefois le PSG souhaite \u00e0 nouveau prendre position<br \/>\nsur cet all\u00e9chant dossier.<\/p>\n<p><script async src=\"https:\/\/platform.twitter.com\/widgets.js\" charset=\"utf-8\"><\/script><\/p>\n","protected":false},"excerpt":{"rendered":"Mohamed Salah sur le d\u00e9part de Liverpool, le PSG, toujours attentif au cas de l\u2019attaquant \u00e9gyptien, pourrait passer&hellip;\n","protected":false},"author":2,"featured_media":585345,"comment_status":"","ping_status":"","sticky":false,"template":"","format":"standard","meta":{"footnotes":""},"categories":[9],"tags":[1011,27,60],"class_list":{"0":"post-585344","1":"post","2":"type-post","3":"status-publish","4":"format-standard","5":"has-post-thumbnail","7":"category-sports","8":"tag-fr","9":"tag-france","10":"tag-sports"},"share_on_mastodon":{"url":"https:\/\/pubeurope.com\/@fr\/115681367566862962","error":""},"_links":{"self":[{"href":"https:\/\/www.europesays.com\/fr\/wp-json\/wp\/v2\/posts\/585344","targetHints":{"allow":["GET"]}}],"collection":[{"href":"https:\/\/www.europesays.com\/fr\/wp-json\/wp\/v2\/posts"}],"about":[{"href":"https:\/\/www.europesays.com\/fr\/wp-json\/wp\/v2\/types\/post"}],"author":[{"embeddable":true,"href":"https:\/\/www.europesays.com\/fr\/wp-json\/wp\/v2\/users\/2"}],"replies":[{"embeddable":true,"href":"https:\/\/www.europesays.com\/fr\/wp-json\/wp\/v2\/comments?post=585344"}],"version-history":[{"count":0,"href":"https:\/\/www.europesays.com\/fr\/wp-json\/wp\/v2\/posts\/585344\/revisions"}],"wp:featuredmedia":[{"embeddable":true,"href":"https:\/\/www.europesays.com\/fr\/wp-json\/wp\/v2\/media\/585345"}],"wp:attachment":[{"href":"https:\/\/www.europesays.com\/fr\/wp-json\/wp\/v2\/media?parent=585344"}],"wp:term":[{"taxonomy":"category","embeddable":true,"href":"https:\/\/www.europesays.com\/fr\/wp-json\/wp\/v2\/categories?post=585344"},{"taxonomy":"post_tag","embeddable":true,"href":"https:\/\/www.europesays.com\/fr\/wp-json\/wp\/v2\/tags?post=585344"}],"curies":[{"name":"wp","href":"https:\/\/api.w.org\/{rel}","templated":true}]}}