{"id":585353,"date":"2025-12-08T01:36:18","date_gmt":"2025-12-08T01:36:18","guid":{"rendered":"https:\/\/www.europesays.com\/fr\/585353\/"},"modified":"2025-12-08T01:36:18","modified_gmt":"2025-12-08T01:36:18","slug":"miss-france-2026-un-costume-dhuitre-pour-miss-aquitaine-original-ou-de-mauvais-gout","status":"publish","type":"post","link":"https:\/\/www.europesays.com\/fr\/585353\/","title":{"rendered":"Miss France 2026\u00a0: un costume d\u2019hu\u00eetre pour Miss Aquitaine, original ou de mauvais go\u00fbt\u00a0?"},"content":{"rendered":"<p>\n                                                                    l&rsquo;essentiel<br \/>\n                                                                Le d\u00e9fil\u00e9 en costume traditionnel de sa r\u00e9gion est une tradition le soir de l\u2019\u00e9lection de Miss France. Miss Aquitaine avait rev\u00eatu un costume de coquille d\u2019hu\u00eetre. Les internautes sont moqueurs.\n                            <\/p>\n<p>Si le d\u00e9fil\u00e9 en maillot de bain est un moment attendu dans l\u2019\u00e9lection de Miss France, l\u2019apparition des candidates en costume traditionnel\u00a0reste scrut\u00e9e de pr\u00e8s. Pour les imaginer et les fabriquer, les organisateurs font appel \u00e0 des cr\u00e9ateurs locaux.<\/p>\n<p>L\u2019apparition de Miss Aquitaine, samedi soir sur TF1, en a \u00e9tonn\u00e9 plus d\u2019un an. Son costume \u00e9tait\u2026 une coquille d\u2019hu\u00eetre. Une tenue appel\u00e9e \u00ab\u00a0L\u2019imp\u00e9ratrice du bassin\u00a0\u00bb sortie tout droit de l\u2019imagination de la cr\u00e9atrice Oc\u00e9ane Lamare.<\/p>\n<p>Un choix remarqu\u00e9 et souvent moqu\u00e9 sur les r\u00e9seaux sociaux apr\u00e8s le passage sur sc\u00e8ne d\u2019A\u00efnhoa Lahitete.<\/p>\n<p>L\u2019origine du choix de la coquille d\u2019hu\u00eetre n\u2019est pas connue. Comme le font remarquer des internautes, l\u2019Aquitaine propose une multitude de paysages, de plats et de traditions qui auraient pu \u00eatre mis en avant\u00a0: les plages de la c\u00f4te aquitaine, le vin de Bordeaux, les traditions basques\u2026 Selon une internaute, si la cr\u00e9atrice voulait absolument garder le th\u00e8me de l\u2019hu\u00eetre, \u00ab\u00a0une petite robe nacr\u00e9e avec des perles aurait \u00e9t\u00e9 de meilleur go\u00fbt\u00a0\u00bb.<\/p>\n<p class=\"std-elt__inline\">\n        <strong>\u00c0 lire aussi :<\/strong><br \/>\n        <a href=\"https:\/\/www.ladepeche.fr\/2025\/11\/21\/miss-univers-2025-miss-norvege-creee-la-surprise-en-apparaissant-deguisee-en-saumon-13065291.php\" target=\"_blank\" rel=\"noopener\">Miss Univers 2025\u00a0: Miss Norv\u00e8ge cr\u00e9e la surprise en apparaissant d\u00e9guis\u00e9e en saumon\u00a0!<\/a>\n    <\/p>\n<p>D\u2019autres costumes traditionnels ont \u00e9t\u00e9 salu\u00e9s sur les r\u00e9seaux sociaux\u00a0: Miss \u00cele-de-France dans un costume inspir\u00e9 des vitraux de la cath\u00e9drale Notre-Dame-de-Paris, Miss Limousin dans une tenue qui rendait hommage \u00e0 la porcelaine de Limoges. C\u2019est le costume de Miss Guyane qui a remport\u00e9 le prix du meilleur costume r\u00e9gional. Elle portait une jupe verte orn\u00e9e de plumes et d\u2019oiseaux, avec des couleurs vives et de minutieux d\u00e9tails.<\/p>\n<p>Ni Miss Aquitaine, ni la cr\u00e9atrice n\u2019ont r\u00e9agi au choix vestimentaire pour Miss France. Esp\u00e9rons qu\u2019elles ne se soient pas ferm\u00e9es\u2026 comme une hu\u00eetre.<\/p>\n","protected":false},"excerpt":{"rendered":"l&rsquo;essentiel Le d\u00e9fil\u00e9 en costume traditionnel de sa r\u00e9gion est une tradition le soir de l\u2019\u00e9lection de Miss&hellip;\n","protected":false},"author":2,"featured_media":585354,"comment_status":"","ping_status":"","sticky":false,"template":"","format":"standard","meta":{"footnotes":""},"categories":[4],"tags":[11,58,1011,27,68926,12,25,68925],"class_list":{"0":"post-585353","1":"post","2":"type-post","3":"status-publish","4":"format-standard","5":"has-post-thumbnail","7":"category-france","8":"tag-actualites","9":"tag-divertissement","10":"tag-fr","11":"tag-france","12":"tag-miss-france-2026","13":"tag-news","14":"tag-republique-francaise","15":"tag-tu00e9lu00e9-mu00e9dias"},"share_on_mastodon":{"url":"https:\/\/pubeurope.com\/@fr\/115681387291438183","error":""},"_links":{"self":[{"href":"https:\/\/www.europesays.com\/fr\/wp-json\/wp\/v2\/posts\/585353","targetHints":{"allow":["GET"]}}],"collection":[{"href":"https:\/\/www.europesays.com\/fr\/wp-json\/wp\/v2\/posts"}],"about":[{"href":"https:\/\/www.europesays.com\/fr\/wp-json\/wp\/v2\/types\/post"}],"author":[{"embeddable":true,"href":"https:\/\/www.europesays.com\/fr\/wp-json\/wp\/v2\/users\/2"}],"replies":[{"embeddable":true,"href":"https:\/\/www.europesays.com\/fr\/wp-json\/wp\/v2\/comments?post=585353"}],"version-history":[{"count":0,"href":"https:\/\/www.europesays.com\/fr\/wp-json\/wp\/v2\/posts\/585353\/revisions"}],"wp:featuredmedia":[{"embeddable":true,"href":"https:\/\/www.europesays.com\/fr\/wp-json\/wp\/v2\/media\/585354"}],"wp:attachment":[{"href":"https:\/\/www.europesays.com\/fr\/wp-json\/wp\/v2\/media?parent=585353"}],"wp:term":[{"taxonomy":"category","embeddable":true,"href":"https:\/\/www.europesays.com\/fr\/wp-json\/wp\/v2\/categories?post=585353"},{"taxonomy":"post_tag","embeddable":true,"href":"https:\/\/www.europesays.com\/fr\/wp-json\/wp\/v2\/tags?post=585353"}],"curies":[{"name":"wp","href":"https:\/\/api.w.org\/{rel}","templated":true}]}}