{"id":585362,"date":"2025-12-08T01:48:25","date_gmt":"2025-12-08T01:48:25","guid":{"rendered":"https:\/\/www.europesays.com\/fr\/585362\/"},"modified":"2025-12-08T01:48:25","modified_gmt":"2025-12-08T01:48:25","slug":"dix-ans-dechanges-et-de-savoirs-pour-le-centre-nelson-mandela","status":"publish","type":"post","link":"https:\/\/www.europesays.com\/fr\/585362\/","title":{"rendered":"Dix ans d\u2019\u00e9changes et de savoirs pour le centre Nelson Mandela"},"content":{"rendered":"<p>Au moment de la cr\u00e9ation du centre de loisirs, le choix du nom s\u2019est impos\u00e9 comme une \u00e9vidence : Nelson Mandela. Qui mieux que ce grand homme pour incarner les valeurs de courage, de pers\u00e9v\u00e9rance, d\u2019humilit\u00e9, de libert\u00e9 et de respect des diff\u00e9rences qui sont au c\u0153ur du projet \u00e9ducatif de la ville. Dix ans apr\u00e8s, cet h\u00e9ritage est plus vivant que jamais.<\/p>\n<p><b>Une date qui fait sens<\/b><\/p>\n<p>Certains des anciens coll\u00e8gues qui avaient particip\u00e9 \u00e0 la pose de la premi\u00e8re pierre \u00e9taient pr\u00e9sents, partageant leurs souvenirs avec la nouvelle \u00e9quipe, les enfants et les familles. Un vrai moment de partage o\u00f9 les g\u00e9n\u00e9rations se sont retrouv\u00e9es autour d\u2019un socle artistique et culturel fort. La date n\u2019a pas \u00e9t\u00e9 choisie au hasard : pour la Journ\u00e9e Internationale des Villes \u00c9ducatrices \u2013 un r\u00e9seau mondial dont Lattes est un membre actif \u2013 et dont le th\u00e8me \u00e9tait la participation des enfants, ce sont justement eux qui ont \u00e9t\u00e9 les acteurs principaux de la f\u00eate. Depuis septembre, les enfants ont donn\u00e9 vie \u00e0 un projet imagin\u00e9 avec les artistes de l\u2019association La Vague, dans le cadre de la convention de g\u00e9n\u00e9ralisation de l\u2019\u00e9ducation artistique et culturelle sign\u00e9e avec la M\u00e9tropole de Montpellier.<\/p>\n<p>Le programme \u00e9tait riche et vari\u00e9 : une somptueuse fresque de Madiba (surnom affectueux de Nelson Mandela) r\u00e9alis\u00e9e en collaboration avec Fragments, une cr\u00e9ation musicale compos\u00e9e sous la houlette du musicien Oley, une impressionnante danse hip-hop contemporaine orchestr\u00e9e par Mateo sur le morceau \u00ab\u00a0Full Mandela\u00a0\u00bb de Miles Davis et une \u0153uvre visuelle num\u00e9rique encadr\u00e9e par Papillon. Les enfants et les familles \u00e9taient ravis de cette f\u00eate et comme l\u2019ont \u00e9crit ces jeunes compositeurs : \u00ab\u00a0Les couleurs du mandala, sont aussi belles que Mandela\u00a0\u00bb. Traduction : il y a encore de belles ann\u00e9es \u00e0 vivre et partager au sein du Centre de loisirs Nelson-Mandela.<\/p>\n<p>Correspondant Midi libre : 06 66 42 02 80<\/p>\n","protected":false},"excerpt":{"rendered":"Au moment de la cr\u00e9ation du centre de loisirs, le choix du nom s\u2019est impos\u00e9 comme une \u00e9vidence&hellip;\n","protected":false},"author":2,"featured_media":585363,"comment_status":"","ping_status":"","sticky":false,"template":"","format":"standard","meta":{"footnotes":""},"categories":[9599],"tags":[1111,11,1057,1777,674,1011,27,7089,66497,2208,12,2680,25],"class_list":{"0":"post-585362","1":"post","2":"type-post","3":"status-publish","4":"format-standard","5":"has-post-thumbnail","7":"category-montpellier","8":"tag-actu","9":"tag-actualites","10":"tag-education","11":"tag-eu","12":"tag-europe","13":"tag-fr","14":"tag-france","15":"tag-herault","16":"tag-lattes","17":"tag-montpellier","18":"tag-news","19":"tag-occitanie","20":"tag-republique-francaise"},"share_on_mastodon":{"url":"https:\/\/pubeurope.com\/@fr\/115681434329488410","error":""},"_links":{"self":[{"href":"https:\/\/www.europesays.com\/fr\/wp-json\/wp\/v2\/posts\/585362","targetHints":{"allow":["GET"]}}],"collection":[{"href":"https:\/\/www.europesays.com\/fr\/wp-json\/wp\/v2\/posts"}],"about":[{"href":"https:\/\/www.europesays.com\/fr\/wp-json\/wp\/v2\/types\/post"}],"author":[{"embeddable":true,"href":"https:\/\/www.europesays.com\/fr\/wp-json\/wp\/v2\/users\/2"}],"replies":[{"embeddable":true,"href":"https:\/\/www.europesays.com\/fr\/wp-json\/wp\/v2\/comments?post=585362"}],"version-history":[{"count":0,"href":"https:\/\/www.europesays.com\/fr\/wp-json\/wp\/v2\/posts\/585362\/revisions"}],"wp:featuredmedia":[{"embeddable":true,"href":"https:\/\/www.europesays.com\/fr\/wp-json\/wp\/v2\/media\/585363"}],"wp:attachment":[{"href":"https:\/\/www.europesays.com\/fr\/wp-json\/wp\/v2\/media?parent=585362"}],"wp:term":[{"taxonomy":"category","embeddable":true,"href":"https:\/\/www.europesays.com\/fr\/wp-json\/wp\/v2\/categories?post=585362"},{"taxonomy":"post_tag","embeddable":true,"href":"https:\/\/www.europesays.com\/fr\/wp-json\/wp\/v2\/tags?post=585362"}],"curies":[{"name":"wp","href":"https:\/\/api.w.org\/{rel}","templated":true}]}}