{"id":585369,"date":"2025-12-08T01:54:25","date_gmt":"2025-12-08T01:54:25","guid":{"rendered":"https:\/\/www.europesays.com\/fr\/585369\/"},"modified":"2025-12-08T01:54:25","modified_gmt":"2025-12-08T01:54:25","slug":"deux-jeunes-hommes-tues-par-balle-a-echirolles-et-grenoble-apres-une-rixe-ce-que-lon-sait","status":"publish","type":"post","link":"https:\/\/www.europesays.com\/fr\/585369\/","title":{"rendered":"Deux jeunes hommes tu\u00e9s par balle \u00e0 \u00c9chirolles et Grenoble apr\u00e8s une rixe, ce que l&rsquo;on sait"},"content":{"rendered":"<p>Deux jeunes hommes ont \u00e9t\u00e9 tu\u00e9s dans la nuit de samedi \u00e0<br \/>\ndimanche \u00e0 \u00c9chirolles (Is\u00e8re) et Grenoble (Is\u00e8re), \u00e0 la suite d&rsquo;une<br \/>\nrixe ayant r\u00e9uni plusieurs dizaines d&rsquo;individus pr\u00e8s d&rsquo;un<br \/>\nfast-food. L&rsquo;un a \u00e9t\u00e9 atteint par des tirs alors qu&rsquo;il s&rsquo;\u00e9loignait<br \/>\ndes lieux, tandis que l&rsquo;autre a \u00e9t\u00e9 enlev\u00e9 puis retrouv\u00e9 mort<br \/>\nquelques heures plus tard dans un parc grenoblois.<\/p>\n<p>Les faits se sont produits \u00e0 proximit\u00e9 d&rsquo;un fast-food situ\u00e9<br \/>\navenue du 8-Mai-1945 \u00e0 \u00c9chirolles, o\u00f9 une violente rixe a \u00e9clat\u00e9<br \/>\nentre plusieurs dizaines de personnes, d&rsquo;apr\u00e8s plusieurs sources<br \/>\nproches de l&rsquo;enqu\u00eate, confirmant une information <a href=\"https:\/\/www.ledauphine.com\/faits-divers-justice\/2025\/12\/07\/un-jeune-homme-de-22-ans-grievement-blesse-par-balles-a-echirolles\" target=\"_blank\" rel=\"noopener\">du Dauphin\u00e9<\/a>. Selon le<br \/>\nparquet, les violences ont d\u00e9but\u00e9 dans ce secteur avant de se<br \/>\npropager \u00e0 la voie publique. Un homme circulant sur un deux-roues a<br \/>\nalors ouvert le feu, tandis qu&rsquo;un autre jeune a \u00e9t\u00e9 pass\u00e9 \u00e0 tabac<br \/>\npuis enlev\u00e9 par plusieurs individus.<\/p>\n<p>L&rsquo;homme serait une victime collat\u00e9rale<\/p>\n<p>Le premier signalement a \u00e9t\u00e9 re\u00e7u vers 23h15. Les secours et les<br \/>\nfonctionnaires ont \u00e9t\u00e9 appel\u00e9s pour un jeune homme de 22 ans<br \/>\ngri\u00e8vement bless\u00e9 par balle pr\u00e8s du lyc\u00e9e Marie-Curie. Atteint par<br \/>\ntrois projectiles au flanc et au dos, il s&rsquo;\u00e9loignait de la zone de<br \/>\nla rixe lorsqu&rsquo;il a \u00e9t\u00e9 vis\u00e9 par un homme sur un scooter. D&rsquo;apr\u00e8s<br \/>\nles premiers \u00e9l\u00e9ments, il s&rsquo;agit d&rsquo;une victime collat\u00e9rale, touch\u00e9e<br \/>\nalors qu&rsquo;il s&rsquo;\u00e9tait interpos\u00e9 dans la bagarre g\u00e9n\u00e9rale avant de<br \/>\nquitter les lieux.<\/p>\n<p>Pris en charge par les secours, l&rsquo;homme a \u00e9t\u00e9 m\u00e9dicalis\u00e9 sur<br \/>\nplace dans un premier temps, mais il a finalement succomb\u00e9 \u00e0 ses<br \/>\nblessures un peu plus tard au CHU de Grenoble.<\/p>\n<p>Enlev\u00e9 puis retrouv\u00e9 mort dans un parc avec plusieurs<br \/>\nplaies<\/p>\n<p>Plusieurs t\u00e9moins ont expliqu\u00e9 aux policiers qu&rsquo;un autre homme<br \/>\navait \u00e9t\u00e9 violemment frapp\u00e9 \u00e0 proximit\u00e9 du fast-food, avant d&rsquo;\u00eatre<br \/>\ncontraint de monter dans un v\u00e9hicule avec lequel les agresseurs ont<br \/>\npris la fuite. Ce jeune homme a \u00e9t\u00e9 retrouv\u00e9 ce dimanche vers 8<br \/>\nheures dans le parc La Bruy\u00e8re, dans le quartier de La Villeneuve \u00e0<br \/>\nGrenoble. Son corps pr\u00e9sentait plusieurs plaies \u00ab\u00a0occasionn\u00e9es<br \/>\nnotamment par une arme \u00e0 feu\u00a0\u00bb, ainsi que des traces de coups.<br \/>\nSelon les constatations m\u00e9dico-l\u00e9gales, sa mort remontait \u00e0<br \/>\nplusieurs heures. \u00c2g\u00e9 de 18 ans, la victime \u00e9tait connue des<br \/>\nservices de police pour des faits li\u00e9s aux stup\u00e9fiants, a pr\u00e9cis\u00e9<br \/>\nle parquet.<\/p>\n<p>Le parquet a confirm\u00e9 que les deux meurtres rel\u00e8vent de la m\u00eame<br \/>\naffaire, pr\u00e9cisant que les enqu\u00eateurs n&rsquo;\u00e9tablissent \u00e0 ce stade<br \/>\n\u00ab\u00a0aucun lien avec le narcobanditisme\u00a0\u00bb. Les investigations ont<br \/>\n\u00e9t\u00e9 confi\u00e9es \u00e0 la Division de la criminalit\u00e9 organis\u00e9e et<br \/>\nsp\u00e9cialis\u00e9e (DCOS) de Grenoble. Le d\u00e9roulement exact des faits va<br \/>\n\u00eatre retrac\u00e9 par les enqu\u00eateurs, qui vont tenter d&rsquo;identifier<br \/>\nl&rsquo;ensemble des auteurs en fuite.<\/p>\n","protected":false},"excerpt":{"rendered":"Deux jeunes hommes ont \u00e9t\u00e9 tu\u00e9s dans la nuit de samedi \u00e0 dimanche \u00e0 \u00c9chirolles (Is\u00e8re) et Grenoble&hellip;\n","protected":false},"author":2,"featured_media":50510,"comment_status":"","ping_status":"","sticky":false,"template":"","format":"standard","meta":{"footnotes":""},"categories":[9566],"tags":[1111,11,2430,1777,674,1011,27,2731,12,25],"class_list":{"0":"post-585369","1":"post","2":"type-post","3":"status-publish","4":"format-standard","5":"has-post-thumbnail","7":"category-grenoble","8":"tag-actu","9":"tag-actualites","10":"tag-auvergne-rhone-alpes","11":"tag-eu","12":"tag-europe","13":"tag-fr","14":"tag-france","15":"tag-grenoble","16":"tag-news","17":"tag-republique-francaise"},"share_on_mastodon":{"url":"https:\/\/pubeurope.com\/@fr\/115681457886125690","error":""},"_links":{"self":[{"href":"https:\/\/www.europesays.com\/fr\/wp-json\/wp\/v2\/posts\/585369","targetHints":{"allow":["GET"]}}],"collection":[{"href":"https:\/\/www.europesays.com\/fr\/wp-json\/wp\/v2\/posts"}],"about":[{"href":"https:\/\/www.europesays.com\/fr\/wp-json\/wp\/v2\/types\/post"}],"author":[{"embeddable":true,"href":"https:\/\/www.europesays.com\/fr\/wp-json\/wp\/v2\/users\/2"}],"replies":[{"embeddable":true,"href":"https:\/\/www.europesays.com\/fr\/wp-json\/wp\/v2\/comments?post=585369"}],"version-history":[{"count":0,"href":"https:\/\/www.europesays.com\/fr\/wp-json\/wp\/v2\/posts\/585369\/revisions"}],"wp:featuredmedia":[{"embeddable":true,"href":"https:\/\/www.europesays.com\/fr\/wp-json\/wp\/v2\/media\/50510"}],"wp:attachment":[{"href":"https:\/\/www.europesays.com\/fr\/wp-json\/wp\/v2\/media?parent=585369"}],"wp:term":[{"taxonomy":"category","embeddable":true,"href":"https:\/\/www.europesays.com\/fr\/wp-json\/wp\/v2\/categories?post=585369"},{"taxonomy":"post_tag","embeddable":true,"href":"https:\/\/www.europesays.com\/fr\/wp-json\/wp\/v2\/tags?post=585369"}],"curies":[{"name":"wp","href":"https:\/\/api.w.org\/{rel}","templated":true}]}}