{"id":585370,"date":"2025-12-08T01:55:23","date_gmt":"2025-12-08T01:55:23","guid":{"rendered":"https:\/\/www.europesays.com\/fr\/585370\/"},"modified":"2025-12-08T01:55:23","modified_gmt":"2025-12-08T01:55:23","slug":"breton-de-85-ans-jai-ete-eleve-par-tout-un-village-je-suis-une-espece-en-voie-de","status":"publish","type":"post","link":"https:\/\/www.europesays.com\/fr\/585370\/","title":{"rendered":"\u00ab\u00a0Breton de 85\u00a0ans, j\u2019ai \u00e9t\u00e9 \u00e9lev\u00e9 par tout un village\u00a0: je suis une esp\u00e8ce en voie de"},"content":{"rendered":"<p>Dans le cadre de notre rubrique \u00ab\u00a0Courrier des lectrices et des lecteurs\u00a0\u00bb, Joseph (C\u00f4tes-d\u2019Armor) nous livre ce t\u00e9moignage \u00e9mouvant sur son enfance en Bretagne et sur sa vie\u00a0:<\/p>\n<p>\u00ab\u00a0Il en reste encore quelques-uns\u2026 Un <strong>\u00ab\u00a0plouc\u00a0\u00bb<\/strong> parmi d\u2019autres qui ose enfin utiliser le \u00ab\u00a0je\u00a0\u00bb.<\/p>\n<p>Je me souviens de ce jour o\u00f9 je suis all\u00e9 chercher Ouest-France pour savoir si j\u2019\u00e9tais admis au concours d\u2019entr\u00e9e en 6e et \u00e0 l\u2019examen des bourses. C\u2019\u00e9tait en 1951. J\u2019allais l\u2019annoncer \u00e0 ma m\u00e8re apr\u00e8s avoir fait six kilom\u00e8tres \u00e0 pied, habitant un village isol\u00e9 de Bretagne tr\u00e8s profonde.<\/p>\n<p>J\u2019\u00e9tais orphelin de mon p\u00e8re, d\u00e9c\u00e9d\u00e9 un mois apr\u00e8s ma conception (il a \u00e9t\u00e9 abattu \u00e0 la fin de la \u00ab\u00a0dr\u00f4le de guerre\u00a0\u00bb en mai\u00a01940). \u00ab\u00a0Papa\u00a0\u00bb, un mot donc que je n\u2019ai jamais prononc\u00e9\u2026<\/p>\n<p><strong>Lire aussi\u00a0:<\/strong>\u00a0<a href=\"https:\/\/rennes.maville.com\/actu\/actudet_--en-arrivant-a-l-ecole-chacun-enlevait-ses-sabots-a-l-entree-de-la-classe-_53511-7086331_actu.Htm\" target=\"_blank\" rel=\"noopener\">\u00ab\u00a0En arrivant \u00e0 l\u2019\u00e9cole, chacun enlevait ses sabots \u00e0 l\u2019entr\u00e9e de la classe\u00a0\u00bb<\/a><\/p>\n<p>\u00ab\u00a0J\u2019ai appris \u00e0 me taire et \u00e0 \u00e9couter\u00a0\u00bb<\/p>\n<p>\u00c9lev\u00e9 par ma m\u00e8re et par tout un village, j\u2019ai appris le vivre ensemble et la n\u00e9cessit\u00e9 de s\u2019aider de \u00ab\u00a0l\u2019autre\u00a0\u00bb pour grandir et vivre. J\u2019ai aussi \u00e9t\u00e9 adopt\u00e9 par une \u00e9cole et ses ma\u00eetres. Avant \u00e7a, je ne parlais pas un mot de fran\u00e7ais, seulement le breton. J\u2019y ai appris l\u2019essentiel. Une \u00e9cole de vie o\u00f9 les valeurs\u00a0\u00e9taient aussi importantes que les r\u00e8gles de calcul ou d\u2019orthographe.<\/p>\n<p>Nous \u00e9tions en p\u00e9riode d\u2019occupation allemande. Un camp allemand d\u2019entra\u00eenement se situait tout pr\u00e8s \u00e0 vol d\u2019oiseau et nous avions la visite quasi quotidienne de militaires arm\u00e9s en recherche de ravitaillement. J\u2019ai donc appris \u00e0 deux\u00a0ans \u00e0 me taire et \u00e0 \u00e9couter.\u00a0Un oncle fr\u00e9quentait le maquis voisin et venait aussi parfois chercher de la nourriture chez nous.<\/p>\n<p><strong>Lire aussi\u00a0:<\/strong>\u00a0<a href=\"https:\/\/lemans.maville.com\/actu\/actudet_--ca-faisait-au-moins-trente-ans-pendant-le-concert-la-chanteuse-reconnait-la-vieille-dame-au-premier-rang-_54028-7076520_actu.Htm\" target=\"_blank\" rel=\"noopener\">\u00ab\u00a0\u00c7a faisait au moins trente ans\u00a0\u00bb\u00a0: pendant le concert, la chanteuse reconna\u00eet la vieille dame au premier rang<\/a><\/p>\n<p>\u00ab\u00a0Un petit air de revanche\u00a0\u00bb<\/p>\n<p>Baptis\u00e9 \u00e0 9\u00a0ans, sans doute pour des raisons \u00e9conomiques, j\u2019ai \u00e9galement fum\u00e9 ma premi\u00e8re cigarette \u00e0 cet \u00e2ge-l\u00e0.\u00a0Je n\u2019ai pas emprunt\u00e9\u00a0l\u2019ascenseur social pour la bonne raison que je n\u2019ai connu l\u2019\u00e9lectricit\u00e9 qu\u2019\u00e0 14\u00a0ans, mais l\u2019escalier en granit aux marches taill\u00e9es dans la sueur et le travail.<\/p>\n<p>J\u2019ai connu par contre la honte\u00a0du \u00ab\u00a0sabot\u00a0\u00bb ou de la \u00ab\u00a0vache\u00a0\u00bb (un symbole que l\u2019on devait porter \u00e0 la boutonni\u00e8re, la punition de ceux qui ne parlaient que le breton), ainsi que l\u2019humiliation du pauvre et du <strong>\u00ab\u00a0plouc\u00a0\u00bb<\/strong> dans un \u00e9tablissement de ville.<\/p>\n<p>J\u2019ai surv\u00e9cu. Aujourd\u2019hui \u00e0 85\u00a0ans, je peux enfin \u00ab\u00a0parler\u00a0\u00bb et \u00ab\u00a0\u00e9crire\u00a0\u00bb fran\u00e7ais.\u00a0Je n\u2019ai pas connu l\u2019universit\u00e9 \u00e0 l\u2019heure o\u00f9 d\u2019autres la fr\u00e9quentent mais beaucoup plus tard, avec un petit air de revanche. Lorsque j\u2019ai obtenu mon bac, je suis d\u2019abord devenu instituteur suppl\u00e9ant pendant six ans. Puis j\u2019ai poursuivi mes \u00e9tudes universitaires \u00e0 Paris, \u00e0 Caen (Calvados) et \u00e0 Rennes (Ille-et-Vilaine), tout en travaillant. Je suis devenu psychologue scolaire, puis conseiller principal d\u2019\u00e9ducation, et j\u2019ai termin\u00e9 ma carri\u00e8re en tant que principal de coll\u00e8ge, toujours dans les C\u00f4tes d\u2019Armor.<\/p>\n<p>Finalement, comme dirait un de mes petits-enfants na\u00efvement\u00a0: <strong>\u201cTu es presque un \u00ab\u00a0dinosaure\u00a0\u00bb grand-p\u00e8re\u201d<\/strong>.\u00a0\u00bb<\/p>\n<p>Vous aussi, vous souhaitez partager une belle histoire ou une anecdote insolite\u00a0? Racontez-nous dans <a href=\"https:\/\/www.ouest-france.fr\/contact\/\" target=\"_blank\" rel=\"noopener\">notre formulaire en ligne<\/a> (choisissez \u201cCourrier des lecteurs\u201d en objet) ou envoyez-nous un mail \u00e0 courrierdeslecteurs@ouest-france.fr, sans oublier de mentionner votre nom et vos coordonn\u00e9es (pr\u00e9cisez-nous si vous souhaitez que votre t\u00e9moignage reste anonyme).<\/p>\n<p>\u00a0<\/p>\n","protected":false},"excerpt":{"rendered":"Dans le cadre de notre rubrique \u00ab\u00a0Courrier des lectrices et des lecteurs\u00a0\u00bb, Joseph (C\u00f4tes-d\u2019Armor) nous livre ce t\u00e9moignage&hellip;\n","protected":false},"author":2,"featured_media":585371,"comment_status":"","ping_status":"","sticky":false,"template":"","format":"standard","meta":{"footnotes":""},"categories":[2821],"tags":[31843,1111,11,1764,829,6978,2715,17226,25168,2883,1777,674,1011,27,12,584,25,6456,1811],"class_list":{"0":"post-585370","1":"post","2":"type-post","3":"status-publish","4":"format-standard","5":"has-post-thumbnail","7":"category-rennes","8":"tag-31843","9":"tag-actu","10":"tag-actualites","11":"tag-ans","12":"tag-bretagne","13":"tag-breton","14":"tag-disparition","15":"tag-eleve","16":"tag-espece","17":"tag-ete","18":"tag-eu","19":"tag-europe","20":"tag-fr","21":"tag-france","22":"tag-news","23":"tag-rennes","24":"tag-republique-francaise","25":"tag-village","26":"tag-voie"},"share_on_mastodon":{"url":"https:\/\/pubeurope.com\/@fr\/115681461739058100","error":""},"_links":{"self":[{"href":"https:\/\/www.europesays.com\/fr\/wp-json\/wp\/v2\/posts\/585370","targetHints":{"allow":["GET"]}}],"collection":[{"href":"https:\/\/www.europesays.com\/fr\/wp-json\/wp\/v2\/posts"}],"about":[{"href":"https:\/\/www.europesays.com\/fr\/wp-json\/wp\/v2\/types\/post"}],"author":[{"embeddable":true,"href":"https:\/\/www.europesays.com\/fr\/wp-json\/wp\/v2\/users\/2"}],"replies":[{"embeddable":true,"href":"https:\/\/www.europesays.com\/fr\/wp-json\/wp\/v2\/comments?post=585370"}],"version-history":[{"count":0,"href":"https:\/\/www.europesays.com\/fr\/wp-json\/wp\/v2\/posts\/585370\/revisions"}],"wp:featuredmedia":[{"embeddable":true,"href":"https:\/\/www.europesays.com\/fr\/wp-json\/wp\/v2\/media\/585371"}],"wp:attachment":[{"href":"https:\/\/www.europesays.com\/fr\/wp-json\/wp\/v2\/media?parent=585370"}],"wp:term":[{"taxonomy":"category","embeddable":true,"href":"https:\/\/www.europesays.com\/fr\/wp-json\/wp\/v2\/categories?post=585370"},{"taxonomy":"post_tag","embeddable":true,"href":"https:\/\/www.europesays.com\/fr\/wp-json\/wp\/v2\/tags?post=585370"}],"curies":[{"name":"wp","href":"https:\/\/api.w.org\/{rel}","templated":true}]}}