{"id":585374,"date":"2025-12-08T01:59:47","date_gmt":"2025-12-08T01:59:47","guid":{"rendered":"https:\/\/www.europesays.com\/fr\/585374\/"},"modified":"2025-12-08T01:59:47","modified_gmt":"2025-12-08T01:59:47","slug":"les-notes-de-toulouse-racing-club-de-strasbourg","status":"publish","type":"post","link":"https:\/\/www.europesays.com\/fr\/585374\/","title":{"rendered":"les notes de Toulouse-Racing Club de Strasbourg"},"content":{"rendered":"<p>Six jours <a href=\"https:\/\/www.dna.fr\/sport\/2025\/11\/30\/douche-froide-a-la-meinau-ou-le-racing-club-de-strasbourg-a-ete-surpris-par-brest-(1-2)\" target=\"_blank\" rel=\"noopener\">apr\u00e8s son revers \u00e0 domicile contre Brest (1-2)<\/a>, <a href=\"https:\/\/www.dna.fr\/p\/liam-rosenior\" target=\"_blank\" rel=\"noopener\">Liam Rosenior<\/a> voulait \u00e9viter de voir son \u00e9quipe conc\u00e9der une troisi\u00e8me d\u00e9faite de rang qui ferait tache pour un candidat d\u00e9clar\u00e9 au top\u00a04.<\/p>\n<p>Le coach du Racing a concoct\u00e9, sur les phases de possession, un 3-4-3 hybride et plut\u00f4t inhabituel, <a href=\"https:\/\/www.dna.fr\/p\/diego-moreira-footballeur-belgo-portugais\" target=\"_blank\" rel=\"noopener\">Diego Moreira<\/a> glissant ainsi du couloir gauche au droit. Avant de changer son fusil d\u2019\u00e9paule \u00e0 la demi-heure de jeu, pour permettre \u00e0 Dou\u00e9 de jouer piston droit tout en descendant Chilwell en charni\u00e8re. Sans effet.<\/p>\n<p>Penders 5<\/p>\n<p>Il se couche bien sur la frappe \u00e9cras\u00e9e d\u2019Emmersonn (11e ). Il ne peut que repousser sur le Br\u00e9silien la premi\u00e8re tentative de ce dernier, mis sur orbite apr\u00e8s la bourde de Chilwell devant Sidib\u00e9 (1-0, 18e ). Autoritaire dans les airs.<\/p>\n<p>Dou\u00e9 3<\/p>\n<p>Comme \u00e0 Brest, l\u2019international ivoirien a commenc\u00e9 la rencontre sur l\u2019axe droit de la charni\u00e8re \u00e0 trois. Comme rien ne fonctionnait collectivement pendant la premi\u00e8re demi-heure de jeu, il est repass\u00e9 \u00e0 son poste de pr\u00e9dilection de piston&#8230;<\/p>\n","protected":false},"excerpt":{"rendered":"Six jours apr\u00e8s son revers \u00e0 domicile contre Brest (1-2), Liam Rosenior voulait \u00e9viter de voir son \u00e9quipe&hellip;\n","protected":false},"author":2,"featured_media":585375,"comment_status":"","ping_status":"","sticky":false,"template":"","format":"standard","meta":{"footnotes":""},"categories":[2820],"tags":[1111,11,2880,1777,674,107,63,1011,27,775,12,41281,25,517,640,2879],"class_list":{"0":"post-585374","1":"post","2":"type-post","3":"status-publish","4":"format-standard","5":"has-post-thumbnail","7":"category-strasbourg","8":"tag-actu","9":"tag-actualites","10":"tag-edition-strasbourg","11":"tag-eu","12":"tag-europe","13":"tag-fil-info","14":"tag-football","15":"tag-fr","16":"tag-france","17":"tag-grand-est","18":"tag-news","19":"tag-racing-club-strasbourg-masculin","20":"tag-republique-francaise","21":"tag-sport","22":"tag-strasbourg","23":"tag-strasbourg-ville"},"share_on_mastodon":{"url":"https:\/\/pubeurope.com\/@fr\/115681481363486364","error":""},"_links":{"self":[{"href":"https:\/\/www.europesays.com\/fr\/wp-json\/wp\/v2\/posts\/585374","targetHints":{"allow":["GET"]}}],"collection":[{"href":"https:\/\/www.europesays.com\/fr\/wp-json\/wp\/v2\/posts"}],"about":[{"href":"https:\/\/www.europesays.com\/fr\/wp-json\/wp\/v2\/types\/post"}],"author":[{"embeddable":true,"href":"https:\/\/www.europesays.com\/fr\/wp-json\/wp\/v2\/users\/2"}],"replies":[{"embeddable":true,"href":"https:\/\/www.europesays.com\/fr\/wp-json\/wp\/v2\/comments?post=585374"}],"version-history":[{"count":0,"href":"https:\/\/www.europesays.com\/fr\/wp-json\/wp\/v2\/posts\/585374\/revisions"}],"wp:featuredmedia":[{"embeddable":true,"href":"https:\/\/www.europesays.com\/fr\/wp-json\/wp\/v2\/media\/585375"}],"wp:attachment":[{"href":"https:\/\/www.europesays.com\/fr\/wp-json\/wp\/v2\/media?parent=585374"}],"wp:term":[{"taxonomy":"category","embeddable":true,"href":"https:\/\/www.europesays.com\/fr\/wp-json\/wp\/v2\/categories?post=585374"},{"taxonomy":"post_tag","embeddable":true,"href":"https:\/\/www.europesays.com\/fr\/wp-json\/wp\/v2\/tags?post=585374"}],"curies":[{"name":"wp","href":"https:\/\/api.w.org\/{rel}","templated":true}]}}