{"id":585378,"date":"2025-12-08T02:03:10","date_gmt":"2025-12-08T02:03:10","guid":{"rendered":"https:\/\/www.europesays.com\/fr\/585378\/"},"modified":"2025-12-08T02:03:10","modified_gmt":"2025-12-08T02:03:10","slug":"pour-noel-je-toffre-une-experience-solidaire-cest-lidee-de-la-fraternibox","status":"publish","type":"post","link":"https:\/\/www.europesays.com\/fr\/585378\/","title":{"rendered":"Pour No\u00ebl, je t\u2019offre une exp\u00e9rience solidaire\u00a0: c\u2019est l\u2019id\u00e9e de la Fraternibox"},"content":{"rendered":"<p>Distribuer un panier aux Restos du C\u0153ur, p\u00e9daler pour le triporteur du CSC de la Bugalli\u00e8re, pr\u00eater main-forte aux b\u00e9n\u00e9voles de Partage Solidarit\u00e9 Orvault ou d\u00e9couvrir le tri avec Les Petits Papiers\u2026 Et si, cette ann\u00e9e, on glissait sous le sapin, non pas un cadeau qui finira sur une \u00e9tag\u00e8re, mais la possibilit\u00e9 de vivre une exp\u00e9rience solidaire \u00a0bien r\u00e9elle\u00a0, seul ou \u00e0 deux, au c\u0153ur des associations locales\u00a0?<\/p>\n<p>Donner du temps, rapprocher les habitants\u00a0: c\u2019est l\u2019id\u00e9e de la Fraternibox, une initiative originale, imagin\u00e9e par des habitants et soutenue par la municipalit\u00e9.<\/p>\n<p>Une carte virtuelle mais une exp\u00e9rience \u00ab\u00a0bien r\u00e9elle\u00a0\u00bb<\/p>\n<p>Pour l\u2019offrir, c\u2019est tout simple\u00a0: il suffit de se <a href=\"https:\/\/www.orvault.fr\/actualites\/cartecadeau-fraternibox\/\" target=\"_self\" rel=\"noopener\">rendre sur orvault.fr\/fraternibox<\/a>, d\u2019imprimer la carte-cadeau virtuelle, puis de choisir l\u2019action qui donne envie. Le tout est gratuit, accessible d\u00e8s 18\u00a0ans. D\u2019autres actions viendront enrichir cette box au fil des mois.<\/p>\n<p>Apr\u00e8s la \u00ab\u00a0Bonjour zone\u00a0\u00bb et le \u00ab\u00a0<a href=\"https:\/\/nantes.maville.com\/actu\/actudet_-orvault-a-mis-en-place-un-blablabanc-pour-inciter-a-discuter.-bonne-idee-ou-pas-qu-en-pensez-vous-_52716-6942155_actu.Htm?utm_source=troove&amp;utm_medium=site\" target=\"_self\" rel=\"noopener\">Blablabanc<\/a>\u00a0\u00bb \u2014 ce banc o\u00f9 s\u2019asseoir revient \u00e0 dire qu\u2019on est pr\u00eat \u00e0 \u00e9changer \u2014 install\u00e9s cet \u00e9t\u00e9 au Petit-Chantilly, la Fraternibox prolonge l\u2019\u00e9lan n\u00e9 des rencontres \u00ab\u00a0Orva-liens\u00a0\u00bb, organis\u00e9es autour de la fraternit\u00e9 en 2025. Objectif\u00a0: cr\u00e9er du lien, susciter les rencontres et, peut-\u00eatre, donner le go\u00fbt de s\u2019engager.<\/p>\n<p>Une formule gagnant-gagnant. Car \u00a0le probl\u00e8me, c\u2019est le temps\u00a0, <a href=\"https:\/\/challans.maville.com\/actu\/actudet_--le-probleme-c-est-le-temps.-ces-associations-que-tout-le-monde-adore-peinent-a-trouver-des-benevoles-pour-s-engager-_15-7097282_actu.Htm\" target=\"_self\" rel=\"noopener\">disent la plupart du 1,6\u00a0million d\u2019associations<\/a> en France que tout le monde adore, mais qui peinent \u00e0 trouver des b\u00e9n\u00e9voles pour s\u2019engager.\u00a0Alors elles cherchent des formes de participations plus l\u00e9g\u00e8res, moins chronophages, comme <a href=\"https:\/\/challans.maville.com\/actu\/actudet_--il-n-y-a-pas-de-fil-a-la-patte.-les-volontaires-de-l-heure-civique-donnent-une-heure-par-mois-pour-le-collectif-_15-7097307_actu.Htm?utm_source=troove&amp;utm_medium=site\" target=\"_self\" rel=\"noopener\">l\u2019Heure civique<\/a> ou <a href=\"https:\/\/2hparciparla.pepsup.com\/\" target=\"_blank\" rel=\"noopener\">l\u2019association 2\u00a0heures par-ci par-l\u00e0<\/a> n\u00e9e il y a six mois \u00e0 Challans, en Vend\u00e9e.<\/p>\n<p><strong>Renseignements<\/strong>\u00a0: Maison des associations (Ch\u00e2teau de la Gobini\u00e8re) \u2013 maison-assos@mairie-orvault.fr \u2013 02\u00a051\u00a078\u00a033\u00a016.<\/p>\n<p>\u00a0<\/p>\n","protected":false},"excerpt":{"rendered":"Distribuer un panier aux Restos du C\u0153ur, p\u00e9daler pour le triporteur du CSC de la Bugalli\u00e8re, pr\u00eater main-forte&hellip;\n","protected":false},"author":2,"featured_media":585379,"comment_status":"","ping_status":"","sticky":false,"template":"","format":"standard","meta":{"footnotes":""},"categories":[2818],"tags":[1111,11,1777,674,6383,1011,27,69891,18060,766,12,15830,5235,4151,2636,25,6689,12280,9693],"class_list":{"0":"post-585378","1":"post","2":"type-post","3":"status-publish","4":"format-standard","5":"has-post-thumbnail","7":"category-nantes","8":"tag-actu","9":"tag-actualites","10":"tag-eu","11":"tag-europe","12":"tag-experience","13":"tag-fr","14":"tag-france","15":"tag-fraternibox","16":"tag-idee","17":"tag-nantes","18":"tag-news","19":"tag-noel","20":"tag-offre","21":"tag-orvault","22":"tag-pays-de-la-loire","23":"tag-republique-francaise","24":"tag-roche","25":"tag-solidaire","26":"tag-yon"},"share_on_mastodon":{"url":"https:\/\/pubeurope.com\/@fr\/115681493249939646","error":""},"_links":{"self":[{"href":"https:\/\/www.europesays.com\/fr\/wp-json\/wp\/v2\/posts\/585378","targetHints":{"allow":["GET"]}}],"collection":[{"href":"https:\/\/www.europesays.com\/fr\/wp-json\/wp\/v2\/posts"}],"about":[{"href":"https:\/\/www.europesays.com\/fr\/wp-json\/wp\/v2\/types\/post"}],"author":[{"embeddable":true,"href":"https:\/\/www.europesays.com\/fr\/wp-json\/wp\/v2\/users\/2"}],"replies":[{"embeddable":true,"href":"https:\/\/www.europesays.com\/fr\/wp-json\/wp\/v2\/comments?post=585378"}],"version-history":[{"count":0,"href":"https:\/\/www.europesays.com\/fr\/wp-json\/wp\/v2\/posts\/585378\/revisions"}],"wp:featuredmedia":[{"embeddable":true,"href":"https:\/\/www.europesays.com\/fr\/wp-json\/wp\/v2\/media\/585379"}],"wp:attachment":[{"href":"https:\/\/www.europesays.com\/fr\/wp-json\/wp\/v2\/media?parent=585378"}],"wp:term":[{"taxonomy":"category","embeddable":true,"href":"https:\/\/www.europesays.com\/fr\/wp-json\/wp\/v2\/categories?post=585378"},{"taxonomy":"post_tag","embeddable":true,"href":"https:\/\/www.europesays.com\/fr\/wp-json\/wp\/v2\/tags?post=585378"}],"curies":[{"name":"wp","href":"https:\/\/api.w.org\/{rel}","templated":true}]}}