{"id":585390,"date":"2025-12-08T02:10:18","date_gmt":"2025-12-08T02:10:18","guid":{"rendered":"https:\/\/www.europesays.com\/fr\/585390\/"},"modified":"2025-12-08T02:10:18","modified_gmt":"2025-12-08T02:10:18","slug":"lenorme-message-de-lille-au-psg-pour-bouaddi","status":"publish","type":"post","link":"https:\/\/www.europesays.com\/fr\/585390\/","title":{"rendered":"L&rsquo;\u00e9norme message de Lille au PSG pour Bouaddi !"},"content":{"rendered":"<p>C&rsquo;est l&rsquo;une des p\u00e9pites du championnat de<br \/>\nFrance. Ayyoub Bouabbi fait les beaux jours du Lille OSC et s\u00e9duit<br \/>\nles plus grands clubs europ\u00e9ens dont le Paris Saint-Germain.<\/p>\n<p>Le PSG souhaite depuis la nouvelle \u00e8re dirig\u00e9e par Luis Enrique<br \/>\ns\u2019attacher les plus grands talents fran\u00e7ais et ceux de Ligue 1.<br \/>\nC\u2019est la raison pour laquelle les dirigeants parisiens auraient<br \/>\njet\u00e9 leur d\u00e9volu sur le crack des Dogues Ayyoub Bouaddi.<\/p>\n<p>Malgr\u00e9 sa prolongation de contrat jusqu\u2019en juin 2029 ce vendredi<br \/>\nsoir, le club parisien reste int\u00e9ress\u00e9 par le joueur mais ce n\u2019est<br \/>\npas tout. Le LOSC est \u00e9galement ouvert \u00e0 un transfert si les<br \/>\nconditions sont r\u00e9unies.<\/p>\n<blockquote class=\"twitter-tweet\"><p><a class=\"twitter-link\" rel=\"noindex, nofollow noopener\" href=\"https:\/\/twitter.com\/Santi_J_FM\/status\/1997658717349728501?s=20\" target=\"_blank\"><\/p><\/blockquote>\n<p>A en croire les informations de Foot Mercato, le LOSC<br \/>\nest ouvert \u00e0 une vente, et attend environ 60 millions pour laisser<br \/>\npartir sa p\u00e9pite. Pour preuve, le pr\u00e9sident Olivier L\u00e9tang aurait<br \/>\nd\u00e9j\u00e0 missionn\u00e9 quelques agents pour ramener des offres pour le<br \/>\njoueur.<\/p>\n<p><strong>Le PSG a de la concurrence<\/strong><\/p>\n<p>Sans surprise le Paris Saint-Germain est sur le dossier Bouaddi.<br \/>\nToutefois, il n\u2019est pas le seul. Plusieurs clubs europ\u00e9ens adorent<br \/>\nle profil du milieu de terrain de 18 ans. Selon les informations de<br \/>\nRMC Sport, des clubs comme Arsenal, le Real Madrid, Manchester<br \/>\nUnited ou le Bayern Munich e sont renseign\u00e9s sur le joueur.<\/p>\n<p>Ce qui est s\u00fbr c\u2019est que les prochains mois devraient \u00eatre assez<br \/>\nmouvement\u00e9s pour le franco\/marocain qui ne manque pas de<br \/>\ncourtisans. Affaire \u00e0 suivre\u2026<\/p>\n<p><script async src=\"https:\/\/platform.twitter.com\/widgets.js\" charset=\"utf-8\"><\/script><\/p>\n","protected":false},"excerpt":{"rendered":"C&rsquo;est l&rsquo;une des p\u00e9pites du championnat de France. Ayyoub Bouabbi fait les beaux jours du Lille OSC et&hellip;\n","protected":false},"author":2,"featured_media":585391,"comment_status":"","ping_status":"","sticky":false,"template":"","format":"standard","meta":{"footnotes":""},"categories":[2815],"tags":[1111,11,1777,674,1011,27,811,1307,12,25],"class_list":{"0":"post-585390","1":"post","2":"type-post","3":"status-publish","4":"format-standard","5":"has-post-thumbnail","7":"category-lille","8":"tag-actu","9":"tag-actualites","10":"tag-eu","11":"tag-europe","12":"tag-fr","13":"tag-france","14":"tag-hauts-de-france","15":"tag-lille","16":"tag-news","17":"tag-republique-francaise"},"share_on_mastodon":{"url":"https:\/\/pubeurope.com\/@fr\/115681520809893778","error":""},"_links":{"self":[{"href":"https:\/\/www.europesays.com\/fr\/wp-json\/wp\/v2\/posts\/585390","targetHints":{"allow":["GET"]}}],"collection":[{"href":"https:\/\/www.europesays.com\/fr\/wp-json\/wp\/v2\/posts"}],"about":[{"href":"https:\/\/www.europesays.com\/fr\/wp-json\/wp\/v2\/types\/post"}],"author":[{"embeddable":true,"href":"https:\/\/www.europesays.com\/fr\/wp-json\/wp\/v2\/users\/2"}],"replies":[{"embeddable":true,"href":"https:\/\/www.europesays.com\/fr\/wp-json\/wp\/v2\/comments?post=585390"}],"version-history":[{"count":0,"href":"https:\/\/www.europesays.com\/fr\/wp-json\/wp\/v2\/posts\/585390\/revisions"}],"wp:featuredmedia":[{"embeddable":true,"href":"https:\/\/www.europesays.com\/fr\/wp-json\/wp\/v2\/media\/585391"}],"wp:attachment":[{"href":"https:\/\/www.europesays.com\/fr\/wp-json\/wp\/v2\/media?parent=585390"}],"wp:term":[{"taxonomy":"category","embeddable":true,"href":"https:\/\/www.europesays.com\/fr\/wp-json\/wp\/v2\/categories?post=585390"},{"taxonomy":"post_tag","embeddable":true,"href":"https:\/\/www.europesays.com\/fr\/wp-json\/wp\/v2\/tags?post=585390"}],"curies":[{"name":"wp","href":"https:\/\/api.w.org\/{rel}","templated":true}]}}