{"id":585392,"date":"2025-12-08T02:11:11","date_gmt":"2025-12-08T02:11:11","guid":{"rendered":"https:\/\/www.europesays.com\/fr\/585392\/"},"modified":"2025-12-08T02:11:11","modified_gmt":"2025-12-08T02:11:11","slug":"jusqua-17c-a-marseille-le-retour-de-la-douceur-cest-pour-quand","status":"publish","type":"post","link":"https:\/\/www.europesays.com\/fr\/585392\/","title":{"rendered":"jusqu&rsquo;\u00e0 17\u00b0C \u00e0 Marseille, le retour de la douceur c&rsquo;est pour quand ?"},"content":{"rendered":"<p>Fini les gel\u00e9es matinales et les journ\u00e9es avec \u00e9charpe, bonnet et gants. Voici venu le temps du redoux en Provence. Au moins pour une semaine et les tendances pr\u00e9disent que \u00e7a va sans doute durer une bonne partie du mois de d\u00e9cembre, peut-\u00eatre jusqu&rsquo;\u00e0 No\u00ebl. Voici, dans le d\u00e9tail, les <a href=\"https:\/\/www.laprovence.com\/article\/ecoplanete\/28719661527471\/pourquoi-lhiver-meteorologique-commence-toujours-un-1er-decembre\" target=\"_blank\" rel=\"noopener\">pr\u00e9visions m\u00e9t\u00e9orologiques <\/a>des prochains jours dans notre r\u00e9gion.<\/p>\n<p><strong>Lundi : <\/strong>le ciel sera sans doute voil\u00e9 avec du brouillard le matin dans la vall\u00e9e du Rh\u00f4ne et le val de Durance. Malgr\u00e9 cela, l&rsquo;impression de beau temps sera bien r\u00e9elle. Pas de vent. <strong>Les temp\u00e9ratures vont grimper : de 16 \u00e0 17\u00b0C <\/strong>dans le secteur de Marseille, de 14 \u00e0 15\u00b0C \u00e0 Avignon et autour de 13 \u00e0 14\u00b0C \u00e0 Manosque et \u00e0 Saint-Auban.<\/p>\n<p>Pas de gel\u00e9es matinales sauf peut-\u00eatre dans les Alpes-de-Haute-Provence car les minimales seront autour de 0\u00b0C \u00e0 Manosque.<\/p>\n<p><strong>Mardi :<\/strong> des entr\u00e9es maritimes sont pr\u00e9vues dans la vall\u00e9e du Rh\u00f4ne, en Camargue et dans le Golfe de Fos. Des nuages bas perdureront dans la journ\u00e9e, dans les Bouches-du-Rh\u00f4ne comme le sud du Vaucluse. C\u00f4t\u00e9 mercure, pas de grand changement. Le redoux perdurera.<\/p>\n<p><strong>Mercredi :<\/strong> les nuages continueront de retenir l&rsquo;air chaud au sol. Le thermom\u00e8tre affichera globalement les m\u00eames chiffres que les deux jours pr\u00e9c\u00e9dents. Le vent devrait \u00eatre toujours sans souffle.<\/p>\n<p><strong>Jeudi et vendredi : <\/strong>le ciel sera moins nuageux, plut\u00f4t ensoleill\u00e9. Si la douceur persistera, le mercure perdra tout de m\u00eame un petit degr\u00e9 avec des maximales autour de 15 \u00e0 ,16\u00b0C dans les Bouches-du-Rh\u00f4ne comme le Vaucluse. Et des minimales de 5 \u00e0 9\u00b0C sur le bord de mer et de 1 \u00e0 4\u00b0C dans l&rsquo;int\u00e9rieur des terres.<\/p>\n<p>Pour le <strong>week-end et les jours qui suivent<\/strong>, la tendance est plut\u00f4t \u00e0 la poursuite de ce redoux. Possiblement jusqu&rsquo;\u00e0 No\u00ebl m\u00eame si d&rsquo;ici l\u00e0, avertit M\u00e9t\u00e9o-France, antenne d&rsquo;Aix, une \u00ab\u00a0goutte froide\u00a0\u00bb n&rsquo;est pas \u00e0 exclure. Et elle pourrait vous faire ressortir \u00e9charpe, bonnet et gants&#8230; Mais a priori ce ne sera pas le cas.<\/p>\n","protected":false},"excerpt":{"rendered":"Fini les gel\u00e9es matinales et les journ\u00e9es avec \u00e9charpe, bonnet et gants. Voici venu le temps du redoux&hellip;\n","protected":false},"author":2,"featured_media":585393,"comment_status":"","ping_status":"","sticky":false,"template":"","format":"standard","meta":{"footnotes":""},"categories":[2814],"tags":[69892,17,1111,11,4905,1777,674,1011,27,12333,884,2487,12,1186,882,25,8133,104],"class_list":{"0":"post-585392","1":"post","2":"type-post","3":"status-publish","4":"format-standard","5":"has-post-thumbnail","7":"category-marseille","8":"tag-17c","9":"tag-17","10":"tag-actu","11":"tag-actualites","12":"tag-douceur","13":"tag-eu","14":"tag-europe","15":"tag-fr","16":"tag-france","17":"tag-jusqua","18":"tag-marseille","19":"tag-meteo","20":"tag-news","21":"tag-provence","22":"tag-provence-alpes-cote-dazur","23":"tag-republique-francaise","24":"tag-retour","25":"tag-societe"},"share_on_mastodon":{"url":"https:\/\/pubeurope.com\/@fr\/115681524747151791","error":""},"_links":{"self":[{"href":"https:\/\/www.europesays.com\/fr\/wp-json\/wp\/v2\/posts\/585392","targetHints":{"allow":["GET"]}}],"collection":[{"href":"https:\/\/www.europesays.com\/fr\/wp-json\/wp\/v2\/posts"}],"about":[{"href":"https:\/\/www.europesays.com\/fr\/wp-json\/wp\/v2\/types\/post"}],"author":[{"embeddable":true,"href":"https:\/\/www.europesays.com\/fr\/wp-json\/wp\/v2\/users\/2"}],"replies":[{"embeddable":true,"href":"https:\/\/www.europesays.com\/fr\/wp-json\/wp\/v2\/comments?post=585392"}],"version-history":[{"count":0,"href":"https:\/\/www.europesays.com\/fr\/wp-json\/wp\/v2\/posts\/585392\/revisions"}],"wp:featuredmedia":[{"embeddable":true,"href":"https:\/\/www.europesays.com\/fr\/wp-json\/wp\/v2\/media\/585393"}],"wp:attachment":[{"href":"https:\/\/www.europesays.com\/fr\/wp-json\/wp\/v2\/media?parent=585392"}],"wp:term":[{"taxonomy":"category","embeddable":true,"href":"https:\/\/www.europesays.com\/fr\/wp-json\/wp\/v2\/categories?post=585392"},{"taxonomy":"post_tag","embeddable":true,"href":"https:\/\/www.europesays.com\/fr\/wp-json\/wp\/v2\/tags?post=585392"}],"curies":[{"name":"wp","href":"https:\/\/api.w.org\/{rel}","templated":true}]}}