{"id":585394,"date":"2025-12-08T02:12:20","date_gmt":"2025-12-08T02:12:20","guid":{"rendered":"https:\/\/www.europesays.com\/fr\/585394\/"},"modified":"2025-12-08T02:12:20","modified_gmt":"2025-12-08T02:12:20","slug":"un-immense-plaisir-de-proposer-ca-a-marseille-se-felicite-gerard-pique","status":"publish","type":"post","link":"https:\/\/www.europesays.com\/fr\/585394\/","title":{"rendered":"\u00ab\u00a0Un immense plaisir de proposer \u00e7a \u00e0 Marseille\u00a0\u00bb se f\u00e9licite Gerard Piqu\u00e9"},"content":{"rendered":"<p>Tous les yeux \u00e9taient riv\u00e9s sur Zinedine Zidane, forc\u00e9ment, mais le public marseillais a \u00e9galement pu contempler d&rsquo;autres l\u00e9gendes ce dimanche soir, <a href=\"https:\/\/www.laprovence.com\/article\/sports\/3708109241780715\/ils-font-les-clowns-la-kings-world-cup-de-gerard-pique-sattire-les-foudres-du-football-francais\" target=\"_blank\" rel=\"noopener\">dont Gerard Piqu\u00e9. C&rsquo;est dans la t\u00eate de l&rsquo;Espagnol qu&rsquo;a germ\u00e9 l&rsquo;id\u00e9e de cette comp\u00e9tition d\u00e9cal\u00e9e, lanc\u00e9e en 2023.<\/a> \u00ab\u00a0Avec la Kings League, on a simplement cherch\u00e9 \u00e0 apporter quelque chose qui soit compl\u00e9mentaire avec le football, qui en utilise les normes traditionnelles mais en y rajoutant un peu de feu, de folie pour en faire du show, expliquait le champion du monde 2010. C&rsquo;est un immense plaisir de venir proposer \u00e7a \u00e0 Marseille qui est une terre de foot et peut appr\u00e9cier.\u00a0\u00bb<\/p>\n<p>Le V\u00e9lodrome a r\u00e9pondu tr\u00e8s positivement \u00e0 l&rsquo;ancien d\u00e9fenseur du Bar\u00e7a. Les 30 000 spectateurs environ se sont laiss\u00e9s porter par un rythme pas toujours effr\u00e9n\u00e9 sur le pr\u00e9, mais par quelques jolis gestes \u00e0 l&rsquo;accent br\u00e9silien par moments, un \u00ab\u00a0Aux armes\u00a0\u00bb au ton bien Marseillais, lui, <a href=\"https:\/\/www.laprovence.com\/article\/om\/1732763287053314\/om-cest-quand-meme-assez-honteux-bengous-sexprime-apres-avoir-ete-frappe-par-la-police-espagnole-a-madrid\" target=\"_blank\" rel=\"noopener\">lanc\u00e9 par Redouane Bougheraba et Bengous<\/a>, les concerts en guise d&rsquo;interm\u00e8des, et par ses l\u00e9gendes locales, surtout.<\/p>\n<p>\u00ab\u00a0C&rsquo;est un stade mythique, tout le monde me parle de mani\u00e8re \u00e9logieuse de l&rsquo;atmosph\u00e8re qu&rsquo;on peut y ressentir. Aujourd&rsquo;hui j&rsquo;ai enfin le plaisir de d\u00e9couvrir \u00e7a, parce qu&rsquo;en &#8230;<\/p>\n","protected":false},"excerpt":{"rendered":"Tous les yeux \u00e9taient riv\u00e9s sur Zinedine Zidane, forc\u00e9ment, mais le public marseillais a \u00e9galement pu contempler d&rsquo;autres&hellip;\n","protected":false},"author":2,"featured_media":585395,"comment_status":"","ping_status":"","sticky":false,"template":"","format":"standard","meta":{"footnotes":""},"categories":[2814],"tags":[17,1111,11,1777,674,1011,27,47204,11808,884,12,9666,13434,882,25,60,9066,1483],"class_list":{"0":"post-585394","1":"post","2":"type-post","3":"status-publish","4":"format-standard","5":"has-post-thumbnail","7":"category-marseille","8":"tag-17","9":"tag-actu","10":"tag-actualites","11":"tag-eu","12":"tag-europe","13":"tag-fr","14":"tag-france","15":"tag-immense","16":"tag-league","17":"tag-marseille","18":"tag-news","19":"tag-plaisir","20":"tag-proposer","21":"tag-provence-alpes-cote-dazur","22":"tag-republique-francaise","23":"tag-sports","24":"tag-un","25":"tag-universe"},"share_on_mastodon":{"url":"https:\/\/pubeurope.com\/@fr\/115681528653346814","error":""},"_links":{"self":[{"href":"https:\/\/www.europesays.com\/fr\/wp-json\/wp\/v2\/posts\/585394","targetHints":{"allow":["GET"]}}],"collection":[{"href":"https:\/\/www.europesays.com\/fr\/wp-json\/wp\/v2\/posts"}],"about":[{"href":"https:\/\/www.europesays.com\/fr\/wp-json\/wp\/v2\/types\/post"}],"author":[{"embeddable":true,"href":"https:\/\/www.europesays.com\/fr\/wp-json\/wp\/v2\/users\/2"}],"replies":[{"embeddable":true,"href":"https:\/\/www.europesays.com\/fr\/wp-json\/wp\/v2\/comments?post=585394"}],"version-history":[{"count":0,"href":"https:\/\/www.europesays.com\/fr\/wp-json\/wp\/v2\/posts\/585394\/revisions"}],"wp:featuredmedia":[{"embeddable":true,"href":"https:\/\/www.europesays.com\/fr\/wp-json\/wp\/v2\/media\/585395"}],"wp:attachment":[{"href":"https:\/\/www.europesays.com\/fr\/wp-json\/wp\/v2\/media?parent=585394"}],"wp:term":[{"taxonomy":"category","embeddable":true,"href":"https:\/\/www.europesays.com\/fr\/wp-json\/wp\/v2\/categories?post=585394"},{"taxonomy":"post_tag","embeddable":true,"href":"https:\/\/www.europesays.com\/fr\/wp-json\/wp\/v2\/tags?post=585394"}],"curies":[{"name":"wp","href":"https:\/\/api.w.org\/{rel}","templated":true}]}}