{"id":585398,"date":"2025-12-08T02:14:32","date_gmt":"2025-12-08T02:14:32","guid":{"rendered":"https:\/\/www.europesays.com\/fr\/585398\/"},"modified":"2025-12-08T02:14:32","modified_gmt":"2025-12-08T02:14:32","slug":"stupeur-a-lyon-la-police-insultee-en-lettres-geantes-journal-de-20-heures","status":"publish","type":"post","link":"https:\/\/www.europesays.com\/fr\/585398\/","title":{"rendered":"Stupeur \u00e0 Lyon : la police insult\u00e9e en lettres g\u00e9antes &#8211; Journal de 20 heures"},"content":{"rendered":"<p id=\"descriptionPanel\" class=\"text-secondary mr-2 line-clamp-2 pr-2.5 overflow-visible\">Samedi soir, entre deux projections de l\u2019une des \u0153uvres majeures de la F\u00eate des Lumi\u00e8res, peu avant 20 heures, le public s\u2019\u00e9tonne des slogans politiques inattendus. Des messages hostiles au Rassemblement national et aux policiers : \u201cLa police blesse et tue\u201d, lit-on. Le collectif \u00e9cologiste radical des Soul\u00e8vements de la Terre a revendiqu\u00e9 cette action \u00e9clair dans la nuit, un groupe connu pour son combat \u00e0 Sainte-Soline ou sur le chantier de l\u2019A69.<\/p>\n<p>TF1 | Reportage E. LEFEBVRE, F. CHEVALLAY, L. L\u00c9GER<\/p>\n<p>Afficher la version longue du r\u00e9sum\u00e9<a class=\"shrink-0\" href=\"https:\/\/www.tf1.fr\/tf1\/jt-20h\" target=\"_blank\" rel=\"noopener\"><img decoding=\"async\" src=\"https:\/\/www.europesays.com\/fr\/wp-content\/uploads\/2025\/09\/program-card-portrait-1-2a6a1e-2a3b77-0@1x.jpg\" width=\"138\" height=\"184\" alt=\"\" loading=\"eager\" fetchpriority=\"auto\" class=\"rounded-3px aspect-[3\/4] h-24 w-auto\" aria-hidden=\"true\"\/><\/a><img alt=\"Sous-Titrage T\u00e9l\u00e9texte\" loading=\"lazy\" width=\"27\" height=\"20\" decoding=\"async\" data-nimg=\"1\" style=\"color:transparent\" src=\"https:\/\/www.tf1.fr\/public\/_next\/static\/media\/sme.b8f879c0.svg\"\/><\/p>\n<p>2m23<\/p>\n<p>7 d\u00e9c. 2025 \u00e0 20:03<\/p>\n","protected":false},"excerpt":{"rendered":"Samedi soir, entre deux projections de l\u2019une des \u0153uvres majeures de la F\u00eate des Lumi\u00e8res, peu avant 20&hellip;\n","protected":false},"author":2,"featured_media":585399,"comment_status":"","ping_status":"","sticky":false,"template":"","format":"standard","meta":{"footnotes":""},"categories":[1889],"tags":[1111,11,2430,1777,674,3483,3697,41323,41321,1011,27,3699,3698,41324,41329,41333,41322,41330,41334,41327,41326,2428,12,25,41331,41332,3701,41328,3700,41325],"class_list":{"0":"post-585398","1":"post","2":"type-post","3":"status-publish","4":"format-standard","5":"has-post-thumbnail","7":"category-lyon","8":"tag-actu","9":"tag-actualites","10":"tag-auvergne-rhone-alpes","11":"tag-eu","12":"tag-europe","13":"tag-extrait","14":"tag-extrait-journal-de-20-heures","15":"tag-extrait-journal-de-20-heures-tf1","16":"tag-extrait-tf1","17":"tag-fr","18":"tag-france","19":"tag-journal-de-20-heures","20":"tag-journal-de-20-heures-extrait","21":"tag-journal-de-20-heures-extrait-tf1","22":"tag-journal-de-20-heures-streaming","23":"tag-journal-de-20-heures-streaming-gratuit","24":"tag-journal-de-20-heures-tf1","25":"tag-journal-de-20-heures-tf1-streaming","26":"tag-journal-de-20-heures-tf1-streaming-gratuit","27":"tag-journal-de-20-heures-tf1-video","28":"tag-journal-de-20-heures-video","29":"tag-lyon","30":"tag-news","31":"tag-republique-francaise","32":"tag-streaming-gratuit-journal-de-20-heures","33":"tag-streaming-gratuit-journal-de-20-heures-tf1","34":"tag-streaming-journal-de-20-heures","35":"tag-streaming-journal-de-20-heures-tf1","36":"tag-video-journal-de-20-heures","37":"tag-video-journal-de-20-heures-tf1"},"share_on_mastodon":{"url":"","error":"Validation failed: Text character limit of 500 exceeded"},"_links":{"self":[{"href":"https:\/\/www.europesays.com\/fr\/wp-json\/wp\/v2\/posts\/585398","targetHints":{"allow":["GET"]}}],"collection":[{"href":"https:\/\/www.europesays.com\/fr\/wp-json\/wp\/v2\/posts"}],"about":[{"href":"https:\/\/www.europesays.com\/fr\/wp-json\/wp\/v2\/types\/post"}],"author":[{"embeddable":true,"href":"https:\/\/www.europesays.com\/fr\/wp-json\/wp\/v2\/users\/2"}],"replies":[{"embeddable":true,"href":"https:\/\/www.europesays.com\/fr\/wp-json\/wp\/v2\/comments?post=585398"}],"version-history":[{"count":0,"href":"https:\/\/www.europesays.com\/fr\/wp-json\/wp\/v2\/posts\/585398\/revisions"}],"wp:featuredmedia":[{"embeddable":true,"href":"https:\/\/www.europesays.com\/fr\/wp-json\/wp\/v2\/media\/585399"}],"wp:attachment":[{"href":"https:\/\/www.europesays.com\/fr\/wp-json\/wp\/v2\/media?parent=585398"}],"wp:term":[{"taxonomy":"category","embeddable":true,"href":"https:\/\/www.europesays.com\/fr\/wp-json\/wp\/v2\/categories?post=585398"},{"taxonomy":"post_tag","embeddable":true,"href":"https:\/\/www.europesays.com\/fr\/wp-json\/wp\/v2\/tags?post=585398"}],"curies":[{"name":"wp","href":"https:\/\/api.w.org\/{rel}","templated":true}]}}