{"id":585411,"date":"2025-12-08T02:23:12","date_gmt":"2025-12-08T02:23:12","guid":{"rendered":"https:\/\/www.europesays.com\/fr\/585411\/"},"modified":"2025-12-08T02:23:12","modified_gmt":"2025-12-08T02:23:12","slug":"trump-frustre-par-lattitude-de-zelensky-vis-a-vis-du-plan-de-paix-americain","status":"publish","type":"post","link":"https:\/\/www.europesays.com\/fr\/585411\/","title":{"rendered":"Trump frustr\u00e9 par l\u2019attitude de Zelensky vis-\u00e0-vis du plan de paix am\u00e9ricain"},"content":{"rendered":"<p>Volodymyr Zelensky est une nouvelle fois au c\u0153ur des critiques de Donald Trump. Le pr\u00e9sident des Etats-Unis a en effet reproch\u00e9 dimanche soir \u00e0 son homologue ukrainien de n\u2019avoir \u00ab\u00a0pas lu la proposition\u00a0\u00bb de paix sur <a href=\"https:\/\/www.20minutes.fr\/monde\/ukraine\/4190143-20251207-guerre-ukraine-rapprochement-entre-washington-moscou-attaque-drone-entree-nouvel-acteur-conflit\" target=\"_blank\" class=\"c-link c-link--is-underlined\" rel=\"noopener\">l\u2019Ukraine<\/a> d\u00e9voil\u00e9e il y a trois semaines par Washington et qui fait l\u2019objet de pourparlers s\u00e9par\u00e9s avec Moscou et Kiev.<\/p>\n<p>\u00ab\u00a0Nous avons donc parl\u00e9 au pr\u00e9sident (russe Vladimir) Poutine, nous avons parl\u00e9 aux dirigeants ukrainiens \u2013 notamment Zelensky, le pr\u00e9sident Zelensky \u2013 et je dois dire que je suis un peu d\u00e9\u00e7u que le pr\u00e9sident Zelensky n\u2019ait pas encore lu la proposition\u00a0\u00bb am\u00e9ricaine, a d\u00e9plor\u00e9 le locataire de la Maison-Blanche, interrog\u00e9 par des journalistes lors d\u2019une soir\u00e9e de gala \u00e0 Washington.<\/p>\n<p>Le texte pr\u00e9sent\u00e9 \u00e0 Poutine<\/p>\n<p>\u00ab\u00a0Cela convient \u00e0 la Russie, vous savez je pense que la Russie pr\u00e9f\u00e9rerait avoir tout le pays\u00a0\u00bb, mais \u00ab\u00a0je ne suis pas s\u00fbr que cela convienne \u00e0 Zelensky\u00a0\u00bb, a encore dit Donald Trump.<\/p>\n<\/p>\n<p>Depuis la pr\u00e9sentation du plan am\u00e9ricain, plusieurs sessions de pourparlers ont eu lieu avec les Ukrainiens \u00e0 Gen\u00e8ve et en Floride pour tenter d\u2019amender le texte en faveur de Kiev. Le document a aussi \u00e9t\u00e9 <a href=\"https:\/\/www.20minutes.fr\/monde\/ukraine\/4189324-20251203-guerre-ukraine-face-emissaire-trump-poutine-reste-intransigeant-revendications\" target=\"_blank\" class=\"c-link c-link--is-underlined\" rel=\"noopener\">pr\u00e9sent\u00e9 mardi \u00e0 Vladimir Poutine<\/a> lors d\u2019une visite \u00e0 Moscou de l\u2019\u00e9missaire officiel am\u00e9ricain <a href=\"https:\/\/www.20minutes.fr\/monde\/ukraine\/4189203-20251202-guerre-ukraine-roule-steve-witkoff-emissaire-americain-donald-trump-russie\" target=\"_blank\" class=\"c-link c-link--is-underlined\" rel=\"noopener\">Steve Witkoff<\/a> et de Jared Kushner, gendre du pr\u00e9sident am\u00e9ricain et m\u00e9diateur informel.<\/p>\n<p><a href=\"https:\/\/www.20minutes.fr\/monde\/ukraine\/\" target=\"_blank\" class=\"c-link c-btn c-btn--primary\" rel=\"noopener\">Notre dossier sur la Guerre en Ukraine<\/a><\/p>\n<p>Peu de d\u00e9tails ont filtr\u00e9 sur ce plan amend\u00e9, apr\u00e8s que la version initiale a \u00e9t\u00e9 per\u00e7ue par Kiev et les Europ\u00e9ens comme \u00e9tant largement favorable \u00e0 la Russie.<\/p>\n","protected":false},"excerpt":{"rendered":"Volodymyr Zelensky est une nouvelle fois au c\u0153ur des critiques de Donald Trump. Le pr\u00e9sident des Etats-Unis a&hellip;\n","protected":false},"author":2,"featured_media":585412,"comment_status":"","ping_status":"","sticky":false,"template":"","format":"standard","meta":{"footnotes":""},"categories":[1590],"tags":[47,11,75,73,1777,674,131,74,12,132,220,133,135,134],"class_list":{"0":"post-585411","1":"post","2":"type-post","3":"status-publish","4":"format-standard","5":"has-post-thumbnail","7":"category-ukraine","8":"tag-actualite","9":"tag-actualites","10":"tag-donald-trump","11":"tag-etats-unis","12":"tag-eu","13":"tag-europe","14":"tag-guerre-en-ukraine","15":"tag-monde","16":"tag-news","17":"tag-russie","18":"tag-ukraine","19":"tag-video","20":"tag-vladimir-poutine","21":"tag-volodymyr-zelensky"},"share_on_mastodon":{"url":"https:\/\/pubeurope.com\/@fr\/115681571964877854","error":""},"_links":{"self":[{"href":"https:\/\/www.europesays.com\/fr\/wp-json\/wp\/v2\/posts\/585411","targetHints":{"allow":["GET"]}}],"collection":[{"href":"https:\/\/www.europesays.com\/fr\/wp-json\/wp\/v2\/posts"}],"about":[{"href":"https:\/\/www.europesays.com\/fr\/wp-json\/wp\/v2\/types\/post"}],"author":[{"embeddable":true,"href":"https:\/\/www.europesays.com\/fr\/wp-json\/wp\/v2\/users\/2"}],"replies":[{"embeddable":true,"href":"https:\/\/www.europesays.com\/fr\/wp-json\/wp\/v2\/comments?post=585411"}],"version-history":[{"count":0,"href":"https:\/\/www.europesays.com\/fr\/wp-json\/wp\/v2\/posts\/585411\/revisions"}],"wp:featuredmedia":[{"embeddable":true,"href":"https:\/\/www.europesays.com\/fr\/wp-json\/wp\/v2\/media\/585412"}],"wp:attachment":[{"href":"https:\/\/www.europesays.com\/fr\/wp-json\/wp\/v2\/media?parent=585411"}],"wp:term":[{"taxonomy":"category","embeddable":true,"href":"https:\/\/www.europesays.com\/fr\/wp-json\/wp\/v2\/categories?post=585411"},{"taxonomy":"post_tag","embeddable":true,"href":"https:\/\/www.europesays.com\/fr\/wp-json\/wp\/v2\/tags?post=585411"}],"curies":[{"name":"wp","href":"https:\/\/api.w.org\/{rel}","templated":true}]}}