{"id":585413,"date":"2025-12-08T02:24:15","date_gmt":"2025-12-08T02:24:15","guid":{"rendered":"https:\/\/www.europesays.com\/fr\/585413\/"},"modified":"2025-12-08T02:24:15","modified_gmt":"2025-12-08T02:24:15","slug":"la-crise-du-boeuf-americain-profite-aux-exportations-daustralie-chronique-des-matieres-premieres","status":"publish","type":"post","link":"https:\/\/www.europesays.com\/fr\/585413\/","title":{"rendered":"La crise du b\u0153uf am\u00e9ricain profite aux exportations d&rsquo;Australie &#8211; Chronique des mati\u00e8res premi\u00e8res"},"content":{"rendered":"<p>\n                                                Les droits de douane am\u00e9ricains sur le b\u0153uf ont \u00e9t\u00e9 lev\u00e9s mi-novembre, mais pendant la p\u00e9riode o\u00f9 ils ont \u00e9t\u00e9 appliqu\u00e9s, ils n&rsquo;ont pas frein\u00e9 le commerce. Les \u00c9tats-Unis ont import\u00e9 d&rsquo;importants volumes. Ils sont partis pour \u00eatre une nouvelle fois d\u00e9ficitaires en b\u0153uf.                    <\/p>\n<p>Les <strong><a href=\"https:\/\/www.rfi.fr\/fr\/tag\/\u00e9tats-unis\/\" target=\"_self\" rel=\"noopener\">\u00c9tats-Unis<\/a><\/strong> restent encore tout juste les premiers producteurs, mais depuis 2023, ils sont en d\u00e9ficit, rappelle Jean-Paul Simier, expert de la fili\u00e8re viande. C&rsquo;est-\u00e0-dire qu&rsquo;ils importent plus qu&rsquo;ils n&rsquo;exportent. Ce d\u00e9ficit \u00e9tait de 700\u00a0000 tonnes l&rsquo;ann\u00e9e derni\u00e8re.<\/p>\n<p>Le pays, qui a longtemps \u00e9t\u00e9 le plus grand exportateur de b\u0153uf, fait face \u00e0 une crise qui dure depuis des ann\u00e9es : les s\u00e9cheresses \u00e0 r\u00e9p\u00e9tition ont fait s&rsquo;effondrer le cheptel \u00e0 son plus bas niveau depuis 70 ans.\u00a0Au mois d&rsquo;ao\u00fbt, pour citer un des derniers chiffres disponibles, les remplissages de parcs \u00e0 engraissement \u00e9taient en baisse de 2% par rapport \u00e0 l&rsquo;ann\u00e9e derni\u00e8re, et il n&rsquo;y a aucun signe d&rsquo;am\u00e9lioration \u00e0 l&rsquo;horizon.\u00a0<\/p>\n<p> L&rsquo;Australie augmente ses ventes aux \u00c9tats-Unis <\/p>\n<p>Les exportations australiennes ont atteint un record cette ann\u00e9e\u00a0: 1,4 million de tonnes sur les onze premiers mois de l&rsquo;ann\u00e9e. C&rsquo;est 15% de plus que l&rsquo;ann\u00e9e derni\u00e8re, selon l&rsquo;organisation professionnelle <strong><a href=\"https:\/\/www.mla.com.au\/news-and-events\/industry-news\/global-appetite-drives-australian-beef-and-goatmeat-exports-to-new-highs\/\" target=\"_blank\" rel=\"noopener\">Meat&amp;Livestock Australia<\/a><\/strong>.<\/p>\n<p>Cette performance est en partie due \u00e0 la demande am\u00e9ricaine (+17%), qui a absorb\u00e9 un tiers environ de la viande australienne \u2013\u00a0soit 412 000 tonnes jusqu&rsquo;en novembre. L&rsquo;<strong><a href=\"https:\/\/www.rfi.fr\/fr\/tag\/australie\/\" target=\"_self\" rel=\"noopener\">Australie<\/a><\/strong> a aussi augment\u00e9 ses exp\u00e9ditions en Chine, au Japon et en Cor\u00e9e du Sud. Depuis plusieurs ann\u00e9es, Canberra est devenu le deuxi\u00e8me exportateur mondial, derri\u00e8re le Br\u00e9sil. C&rsquo;est\u00a0le fruit d&rsquo;un changement de strat\u00e9gie\u00a0: le pays a mis\u00e9 sur le d\u00e9veloppement de parcs \u00e0 engraissement, \u00e0 la mode am\u00e9ricaine.<\/p>\n<p> Des prix en hausse de 30%\u00a0 <\/p>\n<p>Ces \u00e9levages permettent de s&rsquo;affranchir des alternances de s\u00e9cheresse et de pluie sur les p\u00e2turages, et de proposer en compl\u00e9ment des animaux nourris \u00e0 l&rsquo;herbe et une offre \u00e0 l&rsquo;export plus r\u00e9guli\u00e8re. Ces animaux \u00e9lev\u00e9s aux c\u00e9r\u00e9ales ont par ailleurs une qualit\u00e9 de viande qui se rapproche de celle des \u00c9tats-Unis ; un atout pour gagner des parts de march\u00e9 au pays des burgers et des barbecues.<\/p>\n<p>En juillet, le nombre de bovins \u00e0 l&rsquo;engraissement en Australie a atteint un record d&rsquo;1,6\u00a0million de t\u00eates, contre 1 million il y a cinq ans selon l&rsquo;agence Reuters, qui relaie des projections \u00e0 2 millions en 2027.\u00a0<\/p>\n<p>Mais l&rsquo;Australie ne pourra pas seule nourrir le monde entier, et le Br\u00e9sil non plus, rappelle Jean-Paux Simier. Le manque qui se profile se traduit par <strong><a href=\"https:\/\/www.rfi.fr\/fr\/podcasts\/chronique-des-mati\u00e8res-premi\u00e8res\/20250518-les-am\u00e9ricains-manquent-de-boeuf-mais-r\u00eavent-toujours-d-en-exporter-plus\" target=\"_self\" rel=\"noopener\">les prix qui ont augment\u00e9 de 30% aux \u00c9tats-Unis<\/a><\/strong>, comme en Europe, en l&rsquo;espace d&rsquo;une ann\u00e9e.<\/p>\n<p class=\"a-read-more\">\u00c0 lire aussi<a href=\"https:\/\/www.rfi.fr\/fr\/podcasts\/chronique-des-mati\u00e8res-premi\u00e8res\/20220616-viande-rouge-la-demande-fait-flamber-les-prix\" target=\"_self\" class=\"a-read-more__link\" rel=\"noopener\">Viande rouge: la demande fait flamber les prix<\/a><\/p>\n","protected":false},"excerpt":{"rendered":"Les droits de douane am\u00e9ricains sur le b\u0153uf ont \u00e9t\u00e9 lev\u00e9s mi-novembre, mais pendant la p\u00e9riode o\u00f9 ils&hellip;\n","protected":false},"author":2,"featured_media":585414,"comment_status":"","ping_status":"","sticky":false,"template":"","format":"standard","meta":{"footnotes":""},"categories":[1589],"tags":[11,4652,5035,9099,33,73,1866,6848,12,1864,1865,1863,308],"class_list":{"0":"post-585413","1":"post","2":"type-post","3":"status-publish","4":"format-standard","5":"has-post-thumbnail","7":"category-etats-unis","8":"tag-actualites","9":"tag-agriculture-et-peche","10":"tag-australie","11":"tag-chronique-des-matieres-premieres","12":"tag-economie","13":"tag-etats-unis","14":"tag-etats-unis-damerique","15":"tag-matieres-premieres","16":"tag-news","17":"tag-united-states","18":"tag-united-states-of-america","19":"tag-us","20":"tag-usa"},"share_on_mastodon":{"url":"https:\/\/pubeurope.com\/@fr\/115681575928681339","error":""},"_links":{"self":[{"href":"https:\/\/www.europesays.com\/fr\/wp-json\/wp\/v2\/posts\/585413","targetHints":{"allow":["GET"]}}],"collection":[{"href":"https:\/\/www.europesays.com\/fr\/wp-json\/wp\/v2\/posts"}],"about":[{"href":"https:\/\/www.europesays.com\/fr\/wp-json\/wp\/v2\/types\/post"}],"author":[{"embeddable":true,"href":"https:\/\/www.europesays.com\/fr\/wp-json\/wp\/v2\/users\/2"}],"replies":[{"embeddable":true,"href":"https:\/\/www.europesays.com\/fr\/wp-json\/wp\/v2\/comments?post=585413"}],"version-history":[{"count":0,"href":"https:\/\/www.europesays.com\/fr\/wp-json\/wp\/v2\/posts\/585413\/revisions"}],"wp:featuredmedia":[{"embeddable":true,"href":"https:\/\/www.europesays.com\/fr\/wp-json\/wp\/v2\/media\/585414"}],"wp:attachment":[{"href":"https:\/\/www.europesays.com\/fr\/wp-json\/wp\/v2\/media?parent=585413"}],"wp:term":[{"taxonomy":"category","embeddable":true,"href":"https:\/\/www.europesays.com\/fr\/wp-json\/wp\/v2\/categories?post=585413"},{"taxonomy":"post_tag","embeddable":true,"href":"https:\/\/www.europesays.com\/fr\/wp-json\/wp\/v2\/tags?post=585413"}],"curies":[{"name":"wp","href":"https:\/\/api.w.org\/{rel}","templated":true}]}}