{"id":585415,"date":"2025-12-08T02:25:48","date_gmt":"2025-12-08T02:25:48","guid":{"rendered":"https:\/\/www.europesays.com\/fr\/585415\/"},"modified":"2025-12-08T02:25:48","modified_gmt":"2025-12-08T02:25:48","slug":"pourquoi-charles-iii-a-t-il-peur-pour-ses-petits-enfants","status":"publish","type":"post","link":"https:\/\/www.europesays.com\/fr\/585415\/","title":{"rendered":"Pourquoi Charles III a-t-il peur pour ses petits-enfants ?"},"content":{"rendered":"<p>Il y a 50 ans, <a target=\"_blank\" href=\"https:\/\/www.pointdevue.fr\/grand-angle\/biographies\/charles-iii\" rel=\"nofollow noopener\">Charles III<\/a>, alors prince de Galles, partait \u00e0 l&rsquo;assaut de l&rsquo;Arctique canadien, \u00e0 l&rsquo;\u00e2ge de 26 ans, <strong>en plongeant sous la glace, \u00e0 9 m\u00e8tres de profondeur<\/strong>. Accompagn\u00e9 de Joseph MacInnis, m\u00e9decin et chercheur, il fit une sortie d&rsquo;une demi-heure afin d&rsquo;en savoir plus sur les exp\u00e9riences men\u00e9es sous la glace par les scientifiques canadiens. Afin de c\u00e9l\u00e9brer cet anniversaire, le souverain est \u00e0 l&rsquo;honneur dans un documentaire r\u00e9alis\u00e9 pour la cha\u00eene ITV, <strong>qui sera diffus\u00e9 le 22 d\u00e9cembre : <\/strong><strong>Steve Backshall\u2019s Royal Arctic Challenge.\u00a0<\/strong><\/p>\n<p><img decoding=\"async\" src=\"https:\/\/www.europesays.com\/fr\/wp-content\/uploads\/2025\/12\/GettyImages-6113769373bwCFVD8NK.jpg\" alt=\"Charles, alors prince de Galles lors de sa visite dans les territoires du nord-ouest du Canada, en avril 1975.\"\/><strong>Charles, alors prince de Galles lors de sa visite dans les territoires du nord-ouest du Canada, en avril 1975.<\/strong> \u00a9 Serge Lemoine\/Hutton Archives\/Getty<\/p>\n<p>Environnementaliste, Steve Backshall a eu le privil\u00e8ge d&rsquo;interroger le souverain sur ses souvenirs de cette aventure mais aussi sur son <a target=\"_blank\" href=\"https:\/\/www.pointdevue.fr\/royal\/royaume-uni\/charles-iii-sa-vision-dune-planete-durable-et-plus-belle\" rel=\"nofollow noopener\">combat de plusieurs dizaines d&rsquo;ann\u00e9es pour la plan\u00e8te<\/a>. \u00ab\u00a0Tout peut \u00eatre sauv\u00e9, mais il me semble tr\u00e8s \u00e9trange que, dans d\u2019autres domaines, tout le monde consid\u00e8re les propos des scientifiques comme une v\u00e9rit\u00e9 absolument cruciale, mais que dans ce cas, pour une raison ou une autre, ce ne soit apparemment pas aussi simple\u00a0\u00bb, confie Charles III \u00e0 Steve Backshall, <strong>\u00e9voquant la frilosit\u00e9 du public \u00e0 l&rsquo;\u00e9gard des \u00e9tudes scientifiques.\u00a0<\/strong><\/p>\n<p>\u00ab\u00a0Dieu merci, j&rsquo;\u00e9tais jeune \u00e0 l&rsquo;\u00e9poque !\u00a0\u00bb<\/p>\n<p>Au palais de Buckingham, les deux hommes abordent les effets d\u00e9vastateurs du changement climatique, <strong>le roi avouant avoir peur pour les plus jeunes.<\/strong> \u00ab\u00a0Je ne veux pas que <a target=\"_blank\" href=\"https:\/\/www.pointdevue.fr\/royal\/royaume-uni\/george-charlotte-et-louis-gates-par-leur-grand-pere-charles-iii\" rel=\"nofollow noopener\">mes petits-enfants<\/a> m\u2019accusent de n\u2019avoir rien fait. C\u2019est l\u2019essentiel\u00a0\u00bb, livre-t-il. \u00ab\u00a0Il faut simplement continuer d\u2019essayer, je trouve, car je me soucie, pour ce que \u00e7a vaut, des jeunes g\u00e9n\u00e9rations\u00a0\u00bb. Au c\u0153ur de son propos, la transmission. <strong>\u00ab\u00a0Pour moi, il n\u2019est pas juste de leur laisser quelque chose dans un \u00e9tat bien pire que celui dans lequel je l\u2019ai trouv\u00e9<\/strong>, si vous voyez ce que je veux dire. Le but a toujours \u00e9t\u00e9, selon moi, d\u2019am\u00e9liorer les choses pour les gens, afin qu\u2019ils n\u2019aient pas \u00e0 g\u00e9rer un h\u00e9ritage \u00e9pouvantable d\u2019horreurs\u00a0\u00bb. Une situation que Charles III a combattu toute sa vie, avant m\u00eame d&rsquo;\u00eatre p\u00e8re et grand-p\u00e8re.\u00a0<\/p>\n<p><img decoding=\"async\" src=\"https:\/\/www.europesays.com\/fr\/wp-content\/uploads\/2025\/12\/ABACA_BRPAPhotos20250614_246JTVfARP1vi.jpg\" alt=\"La reine Camilla, Charles III, le prince de Galles, le prince Louis, le prince George, la princesse de Galles, la princesse Charlotte, sur le balcon du palais de Buckingham, pour Trooping the Colour, le 14 juin 2025.\"\/><strong>La reine Camilla, Charles III, le prince de Galles, le prince Louis, le prince George, la princesse de Galles, la princesse Charlotte, sur le balcon du palais de Buckingham, pour Trooping the Colour, le 14 juin 2025.<\/strong> \u00a9 Aaron Chown\/PA Wire<\/p>\n<p>Revenant tous deux sur l&rsquo;exp\u00e9rience de celui qui n&rsquo;\u00e9tait alors que prince de Galles, au fond de l&rsquo;Arctique, les deux hommes se sont amus\u00e9s du risque que pr\u00e9sentait pourtant l&rsquo;exercice \u00e0 l&rsquo;\u00e9poque. \u00ab\u00a0J\u2019ai bien peur d\u2019avoir toujours eu tendance \u00e0 vivre dangereusement\u00a0\u00bb, a plaisant\u00e9 le roi. \u00ab\u00a0Dieu merci, j\u2019\u00e9tais jeune \u00e0 l\u2019\u00e9poque, je n\u2019aurais jamais surv\u00e9cu aujourd\u2019hui\u00a0\u00bb, a-t-il admis \u00e0 propos de cette plong\u00e9e dans la glace. Je suis trop vieux pour y retourner\u00a0\u00bb.\u00a0<\/p>\n<p><img decoding=\"async\" src=\"https:\/\/www.europesays.com\/fr\/wp-content\/uploads\/2025\/12\/GettyImages-1396619680ULiqvWyuIS.jpg\" alt=\"Charles, alors prince de Galles en combinaison de plong\u00e9e lors de son exp\u00e9rience \u00e0 Resolute Bay, nord-ouest du Canada, en avril 1975.\"\/><strong>Charles, alors prince de Galles en combinaison de plong\u00e9e lors de son exp\u00e9rience \u00e0 Resolute Bay, nord-ouest du Canada, en avril 1975.<\/strong> \u00a9 Anwar Hussein\/Getty Images<\/p>\n<p>Cette vir\u00e9e au Canada a profond\u00e9ment marqu\u00e9 le souverain.<strong> \u00ab\u00a0C\u2019\u00e9tait incroyable \u00e0 cette \u00e9poque. Merci mon Dieu, j\u2019ai vu (l\u2019Arctique) tel qu\u2019il devait \u00eatre. J\u2019ai beaucoup appris en y allant\u00a0\u00bb<\/strong>, admet-il face \u00e0 son interlocuteur. \u00ab\u00a0Nous avons oubli\u00e9, je pense, que nous sommes totalement li\u00e9s \u00e0 la nature. Le probl\u00e8me est d\u2019essayer de red\u00e9couvrir ce lien. <strong>Ce que nous faisons \u00e0 la nature est fondamentalement une catastrophe pour nous-m\u00eames\u00a0\u00bb.\u00a0<\/strong><\/p>\n<p><img decoding=\"async\" src=\"https:\/\/www.europesays.com\/fr\/wp-content\/uploads\/2025\/12\/ABACA_341365_00705ovh7gccx.jpg\" alt=\"Charles III, alors prince de Galles, visite le Leenavale Sheep Stud, en Tasmanie, le 8 novembre 2012.\"\/><strong>Charles III, alors prince de Galles, visite le Leenavale Sheep Stud, en Tasmanie, le 8 novembre 2012.<\/strong> \u00a9 Chris Radburn\/PA Wire\/ABACAPRESS.COM<\/p>\n<p>Invit\u00e9 exceptionnel, Charles III a \u00e9galement vu le m\u00e9decin qui l&rsquo;accompagnait \u00e0 l&rsquo;\u00e9poque, t\u00e9moigner dans ce documentaire. <strong>\u00ab\u00a0Me voil\u00e0 en train d\u2019emmener le futur roi d\u2019Angleterre sous l\u2019eau, en portant le poids de tout ce qui pourrait mal tourner\u00a0\u00bb<\/strong>, plaisante-t-il. \u00ab\u00a0Et la liste est longue\u00a0\u00bb. Pr\u00e9cisant qu&rsquo;il a beaucoup pri\u00e9 pour que tout se d\u00e9roule correctement. Si tout s&rsquo;est bien pass\u00e9 pour Charles, on ne peut pas en dire autant de la plan\u00e8te, qui n&rsquo;a pas su entendre le message port\u00e9 par le roi avant tout le monde.<\/p>\n<p>Lire aussi &gt;&gt; <a target=\"_blank\" href=\"https:\/\/www.pointdevue.fr\/royal\/royaume-uni\/mais-cest-de-lhypocrisie-la-neutralite-de-charles-iii-mise-a-mal-dans-un-documentaire-de-la-bbc\" rel=\"nofollow noopener\">\u00ab\u00a0Mais c&rsquo;est de l&rsquo;hypocrisie !\u00a0\u00bb La neutralit\u00e9 de Charles III mise \u00e0 mal dans un documentaire de la BBC<\/a><\/p>\n<p>\u00a0<\/p>\n","protected":false},"excerpt":{"rendered":"Il y a 50 ans, Charles III, alors prince de Galles, partait \u00e0 l&rsquo;assaut de l&rsquo;Arctique canadien, \u00e0&hellip;\n","protected":false},"author":2,"featured_media":585416,"comment_status":"","ping_status":"","sticky":false,"template":"","format":"standard","meta":{"footnotes":""},"categories":[1588],"tags":[11,1777,674,12,473,1853,1851,1850,1852],"class_list":{"0":"post-585415","1":"post","2":"type-post","3":"status-publish","4":"format-standard","5":"has-post-thumbnail","7":"category-royaume-uni","8":"tag-actualites","9":"tag-eu","10":"tag-europe","11":"tag-news","12":"tag-royaume-uni","13":"tag-royaume-uni-de-grande-bretagne-et-dirlande-du-nord","14":"tag-uk","15":"tag-united-kingdom","16":"tag-united-kingdom-of-great-britain-and-northern-ireland"},"share_on_mastodon":{"url":"https:\/\/pubeurope.com\/@fr\/115681584683702457","error":""},"_links":{"self":[{"href":"https:\/\/www.europesays.com\/fr\/wp-json\/wp\/v2\/posts\/585415","targetHints":{"allow":["GET"]}}],"collection":[{"href":"https:\/\/www.europesays.com\/fr\/wp-json\/wp\/v2\/posts"}],"about":[{"href":"https:\/\/www.europesays.com\/fr\/wp-json\/wp\/v2\/types\/post"}],"author":[{"embeddable":true,"href":"https:\/\/www.europesays.com\/fr\/wp-json\/wp\/v2\/users\/2"}],"replies":[{"embeddable":true,"href":"https:\/\/www.europesays.com\/fr\/wp-json\/wp\/v2\/comments?post=585415"}],"version-history":[{"count":0,"href":"https:\/\/www.europesays.com\/fr\/wp-json\/wp\/v2\/posts\/585415\/revisions"}],"wp:featuredmedia":[{"embeddable":true,"href":"https:\/\/www.europesays.com\/fr\/wp-json\/wp\/v2\/media\/585416"}],"wp:attachment":[{"href":"https:\/\/www.europesays.com\/fr\/wp-json\/wp\/v2\/media?parent=585415"}],"wp:term":[{"taxonomy":"category","embeddable":true,"href":"https:\/\/www.europesays.com\/fr\/wp-json\/wp\/v2\/categories?post=585415"},{"taxonomy":"post_tag","embeddable":true,"href":"https:\/\/www.europesays.com\/fr\/wp-json\/wp\/v2\/tags?post=585415"}],"curies":[{"name":"wp","href":"https:\/\/api.w.org\/{rel}","templated":true}]}}