{"id":585417,"date":"2025-12-08T02:26:21","date_gmt":"2025-12-08T02:26:21","guid":{"rendered":"https:\/\/www.europesays.com\/fr\/585417\/"},"modified":"2025-12-08T02:26:21","modified_gmt":"2025-12-08T02:26:21","slug":"lexil-du-grand-charles-vers-lallemagne","status":"publish","type":"post","link":"https:\/\/www.europesays.com\/fr\/585417\/","title":{"rendered":"L\u2019exil du \u00ab Grand Charles \u00bb vers l\u2019Allemagne"},"content":{"rendered":"\n<p>Il y a des terreaux o\u00f9 le talent pousse mieux qu\u2019ailleurs. \u00c0 Frontignan, le hand b\u00e9n\u00e9ficie d\u2019un microclimat et d\u2019un terrain de jeu fertile depuis pr\u00e8s de quarante ans. Un jour, Branko Karabatic, p\u00e8re de Nikola et Luka, y a pos\u00e9 ses valises au bout d\u2019un voyage d\u2019affaires entam\u00e9 \u00e0 Trogir, dans l\u2019ex-Yougoslavie.<\/p>\n<p>Dans le sillage de cet homme au regard aussi doux qu\u2019au go\u00fbt de l\u2019effort f\u00e9roce, s\u2019est forg\u00e9 une culture du sport, du hand en particulier. Avant d\u2019\u00eatre un \u00e9ducateur exigeant, il fut un gardien international \u00e0 Nis, terre natale de Nikola, ou avec la s\u00e9lection yougoslave.<\/p>\n<p>Le dernier h\u00e9ritier de Branko, d\u00e9c\u00e9d\u00e9 en mai\u00a02011 \u00e0 l\u2019\u00e2ge de 55\u00a0ans, ne pouvait \u00eatre qu\u2019un gardien de but. En l\u2019occurrence Charles Bolzinger, jeune portier de Montpellier Handball sur le point de s\u2019envoler vers la Bundesliga.<\/p>\n<p>Bolzinger (24\u00a0ans), filleul de Branko, a refus\u00e9 l\u2019offre de prolongation de contrat de son club formateur, comme l\u2019a annonc\u00e9 Midi Libre. Comme d\u2019autres avant lui, comme Nikola Karabatic (Kiel, 2005), Ludovic Fabregas (Barcelone, 2018), cet autre produit-maison du MHB veut vivre les choses en grand. Veut fa\u00e7onner sa l\u00e9gende, pour le moins construire une carri\u00e8re, suivre peut-\u00eatre la trace de Thierry Omeyer, meilleur gardien de l\u2019histoire du handball fran\u00e7ais.<\/p>\n<p>En 2006, en \u00e9cho \u00e0 un Euro en Suisse exceptionnel, coup d\u2019envoi du r\u00e8gne des \u00ab\u00a0Experts\u00a0\u00bb, Omeyer avait prolong\u00e9 son contrat au MHB, avant d\u2019accepter quelques mois plus tard l\u2019offre de Kiel, l\u2019un des ma\u00eetres de la Bundesliga et de l\u2019Europe.<\/p>\n<p>Charles Bolzinger s\u2019appr\u00eate \u00e0 son tour \u00e0 quitter Montpellier au plus tard en 2027, terme de son contrat, peut-\u00eatre d\u00e8s l\u2019\u00e9t\u00e9 prochain, pour un club prestigieux de ce championnat r\u00e9f\u00e9rent, o\u00f9 le handball g\u00e9n\u00e8re une popularit\u00e9, un engouement et une attente incomparables. Selon divers m\u00e9dias, Flensburg, sur les bords de la Baltique, et Berlin convoitent le gardien h\u00e9raultais.<\/p>\n<p>Dans le Nord de l\u2019Allemagne, il pourrait suppl\u00e9er le Bosnien Benjamin Buric (35\u00a0ans).<\/p>\n<p>\u00c0 Montpellier, rejoint \u00e0 l\u2019\u00e2ge de 15\u00a0ans et demi, ce gardien longiligne (1,98 m, 100 kg) a fait toutes ses classes. Et, il a tr\u00e8s vite saut\u00e9 les marches pour s\u2019installer au c\u00f4t\u00e9 de R\u00e9mi Desbonnet, arriv\u00e9 de N\u00eemes, dans l\u2019effectif de Patrice Canayer, alors manager.<\/p>\n<p>Dans l\u2019insouciance et l\u2019euphorie de ses d\u00e9buts en premi\u00e8re division, lors de la saison 2022-23, le jeune gardien a affich\u00e9 son envergure et sa marque de fabrique pour bousculer la hi\u00e9rarchie. \u00ab\u00a0Certains observateurs pr\u00e9conisaient que Charles devait \u00eatre pr\u00eat\u00e9 pour avoir du temps de jeu. Il est rest\u00e9 et a \u00e9t\u00e9 le num\u00e9ro 1 quasiment toute la saison. L\u2019\u00e9mulation est un tr\u00e8s bon vecteur pour faire avancer les gens. Il avait termin\u00e9 la premi\u00e8re moiti\u00e9 de saison \u00e0 39% d\u2019arr\u00eats, avec neuf points d\u2019avance sur le second. Cela ne pouvait pas durer. Il a connu la gr\u00e2ce divine, aujourd\u2019hui, il doit trouver la gr\u00e2ce. La gr\u00e2ce divine, je ne suis pas s\u00fbr qu\u2019elle revienne. Il est encore en phase d\u2019apprentissage. C\u2019est plus facile d\u2019apprendre quand tu d\u00e9butes que quand tu es connu\u00a0\u00bb expliquait alors l\u2019ancien manager Patrice Canayer.<\/p>\n<p>\u00ab\u00a0Le grand Charles\u00a0\u00bb ne va pas partir comme \u00e7a. Le Frontignanais va devoir couper les ponts, rompre le cordon ombilical avec son club formateur, o\u00f9 sa personnalit\u00e9 a s\u00e9duit tout Bougnol. Fac\u00e9tieux, accessible et populaire, il entretient des liens \u00e9troits avec les \u00ab\u00a0Blue Fox\u00a0\u00bb, club de supporters influent.<\/p>\n<p>L\u2019international (26 s\u00e9lections) va partir de Montpellier et \u00e0 la chasse d\u2019une place vacante chez les Bleus depuis 2024 et les JO. Vincent G\u00e9rard, successeur contest\u00e9 de Thierry Omeyer, avait \u00e9tir\u00e9 sa carri\u00e8re jusqu\u2019\u00e0 l\u2019\u00e9ch\u00e9ance olympique avant de tirer sa r\u00e9f\u00e9rence.<\/p>\n<p>Aujourd\u2019hui, Charles Bolzinger va devoir assumer aussi cette lourde succession. Le prochain championnat d\u2019Europe (15\u00a0janvier &#8211; 1er\u00a0f\u00e9vrier), au Danemark, Norv\u00e8ge et Su\u00e8de sera un excellent tremplin pour afficher un nouveau statut. Et d\u00e9rouler le tapis rouge vers Flensburg, ville frontali\u00e8re du Danemark, ou vers Berlin.<\/p>\n","protected":false},"excerpt":{"rendered":"Il y a des terreaux o\u00f9 le talent pousse mieux qu\u2019ailleurs. \u00c0 Frontignan, le hand b\u00e9n\u00e9ficie d\u2019un microclimat&hellip;\n","protected":false},"author":2,"featured_media":585418,"comment_status":"","ping_status":"","sticky":false,"template":"","format":"standard","meta":{"footnotes":""},"categories":[1587],"tags":[11,672,1804,1805,1803,1777,674,1801,12,1802,517],"class_list":{"0":"post-585417","1":"post","2":"type-post","3":"status-publish","4":"format-standard","5":"has-post-thumbnail","7":"category-allemagne","8":"tag-actualites","9":"tag-allemagne","10":"tag-bundesrepublik-deutschland","11":"tag-de","12":"tag-deutschland","13":"tag-eu","14":"tag-europe","15":"tag-germany","16":"tag-news","17":"tag-republique-federale-dallemagne","18":"tag-sport"},"share_on_mastodon":{"url":"https:\/\/pubeurope.com\/@fr\/115681584729777746","error":""},"_links":{"self":[{"href":"https:\/\/www.europesays.com\/fr\/wp-json\/wp\/v2\/posts\/585417","targetHints":{"allow":["GET"]}}],"collection":[{"href":"https:\/\/www.europesays.com\/fr\/wp-json\/wp\/v2\/posts"}],"about":[{"href":"https:\/\/www.europesays.com\/fr\/wp-json\/wp\/v2\/types\/post"}],"author":[{"embeddable":true,"href":"https:\/\/www.europesays.com\/fr\/wp-json\/wp\/v2\/users\/2"}],"replies":[{"embeddable":true,"href":"https:\/\/www.europesays.com\/fr\/wp-json\/wp\/v2\/comments?post=585417"}],"version-history":[{"count":0,"href":"https:\/\/www.europesays.com\/fr\/wp-json\/wp\/v2\/posts\/585417\/revisions"}],"wp:featuredmedia":[{"embeddable":true,"href":"https:\/\/www.europesays.com\/fr\/wp-json\/wp\/v2\/media\/585418"}],"wp:attachment":[{"href":"https:\/\/www.europesays.com\/fr\/wp-json\/wp\/v2\/media?parent=585417"}],"wp:term":[{"taxonomy":"category","embeddable":true,"href":"https:\/\/www.europesays.com\/fr\/wp-json\/wp\/v2\/categories?post=585417"},{"taxonomy":"post_tag","embeddable":true,"href":"https:\/\/www.europesays.com\/fr\/wp-json\/wp\/v2\/tags?post=585417"}],"curies":[{"name":"wp","href":"https:\/\/api.w.org\/{rel}","templated":true}]}}