{"id":585421,"date":"2025-12-08T02:28:10","date_gmt":"2025-12-08T02:28:10","guid":{"rendered":"https:\/\/www.europesays.com\/fr\/585421\/"},"modified":"2025-12-08T02:28:10","modified_gmt":"2025-12-08T02:28:10","slug":"bruxelles-inflige-120-millions-deuros-damende-au-reseau-x-la-lettre-de-laudiovisuel","status":"publish","type":"post","link":"https:\/\/www.europesays.com\/fr\/585421\/","title":{"rendered":"Bruxelles inflige 120 millions d\u2019euros d\u2019amende au r\u00e9seau X \u2013 La lettre de l&rsquo;audiovisuel"},"content":{"rendered":"<p>L&rsquo;Union europ\u00e9enne a inflig\u00e9 sa premi\u00e8re amende \u00e0 une plateforme dans le cadre du r\u00e8glement europ\u00e9en sur les services num\u00e9riques, pour des infractions notifi\u00e9es \u00e0 X en juillet 2024. L&rsquo;Union europ\u00e9enne a sanctionn\u00e9 le r\u00e9seau social X d&rsquo;Elon Musk \u00e0 hauteur de 120 millions d&rsquo;euros pour plusieurs violations du r\u00e8glement sur les services num\u00e9riques (RSN, [\u2026]<\/p>\n","protected":false},"excerpt":{"rendered":"L&rsquo;Union europ\u00e9enne a inflig\u00e9 sa premi\u00e8re amende \u00e0 une plateforme dans le cadre du r\u00e8glement europ\u00e9en sur les&hellip;\n","protected":false},"author":2,"featured_media":585422,"comment_status":"","ping_status":"","sticky":false,"template":"","format":"standard","meta":{"footnotes":""},"categories":[1586],"tags":[11,1777,674,1779,1011,27,12,25,1778,364],"class_list":{"0":"post-585421","1":"post","2":"type-post","3":"status-publish","4":"format-standard","5":"has-post-thumbnail","7":"category-europe","8":"tag-actualites","9":"tag-eu","10":"tag-europe","11":"tag-european-union","12":"tag-fr","13":"tag-france","14":"tag-news","15":"tag-republique-francaise","16":"tag-ue","17":"tag-union-europeenne"},"share_on_mastodon":{"url":"","error":""},"_links":{"self":[{"href":"https:\/\/www.europesays.com\/fr\/wp-json\/wp\/v2\/posts\/585421","targetHints":{"allow":["GET"]}}],"collection":[{"href":"https:\/\/www.europesays.com\/fr\/wp-json\/wp\/v2\/posts"}],"about":[{"href":"https:\/\/www.europesays.com\/fr\/wp-json\/wp\/v2\/types\/post"}],"author":[{"embeddable":true,"href":"https:\/\/www.europesays.com\/fr\/wp-json\/wp\/v2\/users\/2"}],"replies":[{"embeddable":true,"href":"https:\/\/www.europesays.com\/fr\/wp-json\/wp\/v2\/comments?post=585421"}],"version-history":[{"count":0,"href":"https:\/\/www.europesays.com\/fr\/wp-json\/wp\/v2\/posts\/585421\/revisions"}],"wp:featuredmedia":[{"embeddable":true,"href":"https:\/\/www.europesays.com\/fr\/wp-json\/wp\/v2\/media\/585422"}],"wp:attachment":[{"href":"https:\/\/www.europesays.com\/fr\/wp-json\/wp\/v2\/media?parent=585421"}],"wp:term":[{"taxonomy":"category","embeddable":true,"href":"https:\/\/www.europesays.com\/fr\/wp-json\/wp\/v2\/categories?post=585421"},{"taxonomy":"post_tag","embeddable":true,"href":"https:\/\/www.europesays.com\/fr\/wp-json\/wp\/v2\/tags?post=585421"}],"curies":[{"name":"wp","href":"https:\/\/api.w.org\/{rel}","templated":true}]}}