{"id":585423,"date":"2025-12-08T02:29:20","date_gmt":"2025-12-08T02:29:20","guid":{"rendered":"https:\/\/www.europesays.com\/fr\/585423\/"},"modified":"2025-12-08T02:29:20","modified_gmt":"2025-12-08T02:29:20","slug":"ce-que-changerait-ou-non-la-demission-de-lecornu-en-cas-de-rejet-du-budget-de-la-secu","status":"publish","type":"post","link":"https:\/\/www.europesays.com\/fr\/585423\/","title":{"rendered":"Ce que changerait, ou non, la d\u00e9mission de Lecornu en cas de rejet du budget de la S\u00e9cu"},"content":{"rendered":"<p>        <img decoding=\"async\" loading=\"lazy\" src=\"https:\/\/www.europesays.com\/fr\/wp-content\/uploads\/2025\/12\/1a694e4_upload-1-kwluavs6dykd-afp-20251205-878e9r7-v1-midres-francepoliticsparliamentbudget.jpg\"  width=\"728\" height=\"410\" alt=\"S\u00e9bastien Lecornu \u00e0 l\u2019Assembl\u00e9e le 5\u00a0d\u00e9cembre 2025\"\/>  <\/p>\n<p>IAN LANGSDON \/ AFP<\/p>\n<p>S\u00e9bastien Lecornu \u00e0 l\u2019Assembl\u00e9e le 5\u00a0d\u00e9cembre 2025<\/p>\n<p>      <strong>EN BREF<\/strong> <strong>\u2022 <\/strong>La pression monte sur Lecornu, \u00e0 quelques jours d\u2019un vote fatidique sur le budget. Le rejet du <strong>\u2022 <\/strong>L\u2019hypoth\u00e8se de sa d\u00e9mission est \u00e9voqu\u00e9e dans plusieurs camps, mais la porte-parole du gouvernement ne veut pas entendre parler.<br \/><strong>\u2022 <\/strong>Son d\u00e9part n\u2019arrangerait pas le sort du budget de la S\u00e9cu, ni celui de l\u2019\u00c9tat.                         <\/p>\n<p class=\"asset asset-text\">Pas de budget et puis s\u2019en va\u00a0? \u00c0 deux jours du vote de l\u2019Assembl\u00e9e nationale sur le budget de la s\u00e9curit\u00e9 sociale (en deuxi\u00e8me lecture), une petite musique se fait doucement entendre. En cas de rejet &#8211; une option probable tant <a href=\"https:\/\/www.huffingtonpost.fr\/politique\/video\/retraites-annee-blanche-conge-maladie-la-soiree-qui-a-re-refaconne-le-budget-de-la-secu_257916.html\" target=\"_blank\" rel=\"noopener\">le projet de loi crispe dans tous les camps<\/a> &#8211; S\u00e9bastien Lecornu quittera-t-il ses fonctions\u00a0?<\/p>\n<p class=\"asset asset-text\">Ce dimanche 7\u00a0d\u00e9cembre, les voyants \u00e9taient plut\u00f4t rouge c\u00f4t\u00e9 gouvernement. Au sein des formations EPR, MoDem, Horizons et LR qui comptent des membres au gouvernement et devraient donc le soutenir, deux ont fait s\u00e9cession lors du vote de la partie \u00ab\u00a0recette\u00a0\u00bb du PLFSS. Les groupes Droite R\u00e9publicain et Horizons se sont majoritairement abstenus et le premier volet n\u2019a pu \u00eatre adopt\u00e9 que gr\u00e2ce \u00e0 <a href=\"https:\/\/www.huffingtonpost.fr\/politique\/article\/le-rn-s-explique-sur-l-absence-qui-a-profite-au-gouvernement-sur-le-budget-de-la-secu-et-promet-de-ne-pas-recidiver_257955.html\" target=\"_blank\" rel=\"noopener\">l\u2019absence d\u2019une partie de l\u2019opposition.<\/a> Ils menacent de r\u00e9cidiver mardi 9\u00a0d\u00e9cembre. \u00ab\u00a0Ce texte n\u2019est pas votable\u00a0\u00bb et les d\u00e9put\u00e9s LR \u00ab\u00a0auront le choix de l\u2019abstention ou de voter contre\u00a0\u00bb, a redit le patron du parti Bruno Retailleau ce dimanche. Les \u00e9lus du parti d\u2019<a href=\"https:\/\/www.huffingtonpost.fr\/politique\/article\/avant-le-vote-fatidique-sur-le-budget-de-la-secu-edouard-philippe-au-centre-du-jeu-et-des-critiques_257924.html\" target=\"_blank\" rel=\"noopener\">Edouard Philippe<\/a> sont tout aussi r\u00e9ticents, ulc\u00e9r\u00e9s par la suspension de la r\u00e9forme des retraites et l\u2019attitude de S\u00e9bastien Lecornu qui selon eux ne prend pas en compte leurs propositions.<\/p>\n<p class=\"asset asset-text\">S\u00e9bastien Lecornu a bien esquiss\u00e9 un geste, en \u00e9voquant vendredi soir sur X \u00ab\u00a0des r\u00e9formes, dont certaines pourront \u00eatre prises par d\u00e9cret apr\u00e8s concertation\u00a0\u00bb pour r\u00e9duire davantage le d\u00e9ficit de la S\u00e9curit\u00e9 sociale. Un message discret adress\u00e9 aux partisans d\u2019une stricte orthodoxie budg\u00e9taire et vent debout contre la copie trop d\u00e9pensi\u00e8re en cours d\u2019examen. Mais cette promesse encore impr\u00e9cise n\u2019a pas permis \u00e0 cette heure de d\u00e9bloquer la situation.<\/p>\n<p>                     Une d\u00e9mission \u00ab\u00a0n\u2019aurait pas de sens\u00a0\u00bb assure Bregeon    <\/p>\n<p class=\"asset asset-text\">Ce dimanche, la porte-parole du gouvernement a donc tent\u00e9 un nouvel appel du pied \u00e0 \u00ab\u00a0la droite (qui) incarne le s\u00e9rieux budg\u00e9taire.\u00a0\u00bb Maud Bregeon joue l\u2019optimisme\u00a0: \u00ab\u00a0On peut y arriver. L\u2019Assembl\u00e9e a d\u00e9battu plus de cent vingt heures sur ce texte. (&#8230;) C\u2019est d\u00e9j\u00e0 un r\u00e9sultat d\u2019en \u00eatre arriv\u00e9 l\u00e0\u00a0\u00bb, veut-elle croire dans La Tribune dimanche. Ce qui ne l\u2019empeche pas d\u2019anticiper, en cas de rejet, une forte pression des oppositions pour une d\u00e9mission du Premier ministre.<\/p>\n<p class=\"asset asset-text\">Confirmant ces craintes, le vice-pr\u00e9sident du groupe RN Jean-Philippe Tanguy a estim\u00e9 ce dimanche qu\u2019un rejet du PLFFS serait un \u00ab\u00a0d\u00e9saveu\u00a0\u00bb pour S\u00e9bastien Lecornu qui ne pourrait rester en poste. La position n\u2019a rien de surprenante au sein du parti lep\u00e9niste,<a href=\"https:\/\/www.huffingtonpost.fr\/politique\/article\/une-dissolution-ultrarapide-l-arriere-pensee-flagrante-de-marine-le-pen-clx1_254322.html\" target=\"_blank\" rel=\"noopener\"> qui poursuit son propre agenda<\/a>. Mais m\u00eame au sein du parti pr\u00e9sidentiel, les langues se d\u00e9lient. Aupr\u00e8s de l\u2019AFP, un cadre Renaissance sous couvert d\u2019anonymat estime aussi que \u00ab\u00a0ce sera un \u00e9chec pour Lecornu\u00a0\u00bb, et \u00ab\u00a0qu\u2019il pourra difficilement rester\u00a0\u00bb.<\/p>\n<p class=\"asset asset-text\">Sa d\u00e9mission \u00ab\u00a0n\u2019aurait pas de sens, sinon il aurait engag\u00e9 la responsabilit\u00e9 du gouvernement\u00a0\u00bb, en ne renon\u00e7ant pas \u00e0 l\u2019utilisation de l\u2019article\u00a049.3 de la Constitution, a tent\u00e9 de balayer Maud Bregeon. \u00ab\u00a0Cela ajouterait de la crise \u00e0 la crise, de l\u2019instabilit\u00e9, et cela interromprait toutes les discussions budg\u00e9taires en cours\u00a0\u00bb, a-t-elle ajout\u00e9.<\/p>\n<p>                     Le PLF, vraie victime d\u2019un rejet du PLFSS et d\u2019une d\u00e9mission    <\/p>\n<p class=\"asset asset-text\">Sans Premier ministre en poste, les d\u00e9bats sur le PLFSS seraient suspendus. En l\u2019absence de texte vot\u00e9 dans les temps, la S\u00e9curit\u00e9 sociale continuerait \u00e0 fonctionner puisqu\u2019elle n\u2019a pas besoin d\u2019une autorisation de percevoir les cotisations sociales ou de r\u00e9aliser les d\u00e9penses.\u00a0En revanche, son d\u00e9ficit se creuserait davantage, passant \u00e0 30\u00a0milliards d\u2019euros selon les estimations de Bercy. Pour le r\u00e9duire, selon sa priorit\u00e9 affich\u00e9e, le gouvernement devrait donc recourir \u00e0 des d\u00e9crets, <a href=\"https:\/\/www.huffingtonpost.fr\/politique\/article\/le-rn-s-explique-sur-l-absence-qui-a-profite-au-gouvernement-sur-le-budget-de-la-secu-et-promet-de-ne-pas-recidiver_257955.html\" target=\"_blank\" rel=\"noopener\">un outil \u00e0 sa disposition mais politiquement explosif.<\/a><\/p>\n<p class=\"asset asset-text\">Mais les cons\u00e9quences les plus lourdes porteraient sur le budget de l\u2019\u00c9tat (PLF), actuellement en discussion au S\u00e9nat. Une d\u00e9mission de S\u00e9bastien Lecornu interromprait imm\u00e9diatement son examen. Faisant de fait courir le risque d\u2019une absence de budget au 31\u00a0d\u00e9cembre, comme l\u2019exige la Constitution, le Premier ministre ayant aussi exclu de recourir aux ordonnances. Quid de la loi sp\u00e9ciale, qui a servi de plan B il y a un an, lors de la chute de Michel Barnier\u00a0? Pour ne pas \u00eatre retoqu\u00e9 par le Conseil constitutionnel, elle doit \u00eatre d\u00e9pos\u00e9e le 19\u00a0d\u00e9cembre au plus tard. Et par un chef du gouvernement en exercice et non-d\u00e9missionnaire. Cela signifie donc qu\u2019en cas de d\u00e9mission de S\u00e9bastien Lecornu le 9\u00a0d\u00e9cembre, son successeur devrait \u00eatre renomm\u00e9 dans les plus brefs d\u00e9lais.<\/p>\n<p class=\"asset asset-text\">Une loi sp\u00e9ciale pourrait alors \u00eatre soumise au Parlement et emp\u00eacher la paralysie de l\u2019\u00c9tat en attendant l\u2019adoption d\u2019un projet de loi en bonne et due forme. Une sortie de secours co\u00fbteuse pour les finances publiques\u00a0: aupr\u00e8s du <a href=\"https:\/\/www.leparisien.fr\/economie\/sans-accord-sur-le-budget-une-loi-speciale-couterait-au-moins-12-milliards-deuros-des-le-premier-mois-29-11-2025-NNM7SGNGKJEM3C3IVNJREAOJYY.php#:~:text=mois%20%2D%20Le%20Parisien-,Sans%20accord%20sur%20le%20budget%2C%20une%20loi%20sp%C3%A9ciale%20co%C3%BBterait%20au,pour%20%C3%A9viter%20un%20%C2%AB%20shutdown%20%C2%BB.\" target=\"_blank\" rel=\"noopener\" title=\"Nouvelle fen\u00eatre\">Parisien<\/a>, l\u2019entourage d\u2019Am\u00e9lie de Montchalin l\u2019estime \u00e0 au moins 12\u00a0milliards d\u2019euros, \u00ab\u00a0\u00e0 la premi\u00e8re minute de son entr\u00e9e en application\u00a0\u00bb et auquel s\u2019ajouterait \u00ab\u00a0un milliard \u00e0 chaque nouveau mois qui passerait\u00a0\u00bb sans accord sur un PLF classique. Conclusion\u00a0? Un d\u00e9ficit encore plus important, un gouvernement qui fixe un objectif de r\u00e9duction encore plus difficilement atteignable et au milieu, toujours le m\u00eame Parlement, somm\u00e9 de r\u00e9ussir en 2026\u00a0ce qu\u2019il aura \u00e9chou\u00e9 \u00e0 faire en cet hiver 2025.<\/p>\n","protected":false},"excerpt":{"rendered":"IAN LANGSDON \/ AFP S\u00e9bastien Lecornu \u00e0 l\u2019Assembl\u00e9e le 5\u00a0d\u00e9cembre 2025 EN BREF \u2022 La pression monte sur&hellip;\n","protected":false},"author":2,"featured_media":585424,"comment_status":"","ping_status":"","sticky":false,"template":"","format":"standard","meta":{"footnotes":""},"categories":[2],"tags":[11,416,61252,1011,27,12,316,25,11067],"class_list":{"0":"post-585423","1":"post","2":"type-post","3":"status-publish","4":"format-standard","5":"has-post-thumbnail","7":"category-actualites","8":"tag-actualites","9":"tag-assemblee-nationale","10":"tag-budget-securite-sociale","11":"tag-fr","12":"tag-france","13":"tag-news","14":"tag-politique","15":"tag-republique-francaise","16":"tag-sebastien-lecornu"},"share_on_mastodon":{"url":"https:\/\/pubeurope.com\/@fr\/115681596230195596","error":""},"_links":{"self":[{"href":"https:\/\/www.europesays.com\/fr\/wp-json\/wp\/v2\/posts\/585423","targetHints":{"allow":["GET"]}}],"collection":[{"href":"https:\/\/www.europesays.com\/fr\/wp-json\/wp\/v2\/posts"}],"about":[{"href":"https:\/\/www.europesays.com\/fr\/wp-json\/wp\/v2\/types\/post"}],"author":[{"embeddable":true,"href":"https:\/\/www.europesays.com\/fr\/wp-json\/wp\/v2\/users\/2"}],"replies":[{"embeddable":true,"href":"https:\/\/www.europesays.com\/fr\/wp-json\/wp\/v2\/comments?post=585423"}],"version-history":[{"count":0,"href":"https:\/\/www.europesays.com\/fr\/wp-json\/wp\/v2\/posts\/585423\/revisions"}],"wp:featuredmedia":[{"embeddable":true,"href":"https:\/\/www.europesays.com\/fr\/wp-json\/wp\/v2\/media\/585424"}],"wp:attachment":[{"href":"https:\/\/www.europesays.com\/fr\/wp-json\/wp\/v2\/media?parent=585423"}],"wp:term":[{"taxonomy":"category","embeddable":true,"href":"https:\/\/www.europesays.com\/fr\/wp-json\/wp\/v2\/categories?post=585423"},{"taxonomy":"post_tag","embeddable":true,"href":"https:\/\/www.europesays.com\/fr\/wp-json\/wp\/v2\/tags?post=585423"}],"curies":[{"name":"wp","href":"https:\/\/api.w.org\/{rel}","templated":true}]}}