{"id":585425,"date":"2025-12-08T02:30:25","date_gmt":"2025-12-08T02:30:25","guid":{"rendered":"https:\/\/www.europesays.com\/fr\/585425\/"},"modified":"2025-12-08T02:30:25","modified_gmt":"2025-12-08T02:30:25","slug":"pour-jean-philippe-tanguy-rn-sebastien-lecornu-devra-demissionner-en-cas-de-rejet-du-texte","status":"publish","type":"post","link":"https:\/\/www.europesays.com\/fr\/585425\/","title":{"rendered":"pour Jean-Philippe Tanguy (RN), S\u00e9bastien Lecornu devra d\u00e9missionner en cas de rejet du texte"},"content":{"rendered":"<p>\n    Lors du \u00ab\u00a0Grand Jury RTL-Le Figaro-M6-Public S\u00e9nat\u00a0\u00bb ce dimanche, le d\u00e9put\u00e9 nationaliste a dit souhaiter \u00ab\u00a0finir l\u2019ann\u00e9e sans ces budgets toxiques\u00a0\u00bb.<\/p>\n<p class=\"fig-paragraph\">Plus que quelques heures avant un vote d\u00e9cisif \u00e0 l\u2019Assembl\u00e9e nationale. Apr\u00e8s l\u2019adoption, en fin de semaine derni\u00e8re, par les d\u00e9put\u00e9s, de la partie recettes du budget de la S\u00e9curit\u00e9 sociale, tous les regards se tournent d\u00e9sormais vers mardi. C\u2019est en effet ce jour-l\u00e0 que deux nouveaux scrutins doivent se tenir\u00a0: l\u2019un sur le volet d\u00e9penses, l\u2019autre, plus solennel, sur l\u2019ensemble du texte, comprenant notamment la suspension de la tr\u00e8s impopulaire r\u00e9forme des retraites jusqu\u2019\u00e0 la prochaine pr\u00e9sidentielle. Une \u00e9ch\u00e9ance \u00e0 haut risque pour le gouvernement, tant l\u2019incertitude demeure quant \u00e0 leurs issues. Et ce n\u2019est pas la position de\u00a0<a href=\"http:\/\/www.lefigaro.fr\/politique\/bruno-retailleau-aux-electeurs-du-rn-l-union-des-droites-doit-se-faire-dans-les-urnes-20251207\" data-fig-type=\"NewsFlash\" data-gtm-custom-categorie=\"navigation\" data-gtm-custom-action=\"crossclick\" data-gtm-custom-label=\"Contextuel\" data-gtm-event=\"customEventSPE\" data-fig-domain=\"LEFIGARO\" target=\"_blank\" rel=\"noopener\">Bruno Retailleau<\/a>\u00a0qui va dissiper ce brouillard, puisque le pr\u00e9sident des R\u00e9publicains a exhort\u00e9, ce dimanche sur BFMTV, les d\u00e9put\u00e9s LR \u00e0 ne pas voter ce texte, qu\u2019il consid\u00e8re comme un \u00ab\u00a0hold-up fiscal\u00a0\u00bb, \u00ab\u00a0social\u00a0\u00bb et \u00ab\u00a0d\u00e9mocratique\u00a0\u00bb. Et ce, en d\u00e9pit de la pr\u00e9sence au gouvernement de plusieurs ministres issus des rangs du parti de droite -\u2026<\/p>\n<p class=\"fig-premium-paywall__infos\">\n        Cet article est r\u00e9serv\u00e9 aux abonn\u00e9s.        Il vous reste 71% \u00e0 d\u00e9couvrir.\n    <\/p>\n<p>                <img  data- alt=\"Le Figaro\" class=\"fig-img--complete fig-img\"\/><\/p>\n<p class=\"fig-premium-paywall__title\">Vente Flash<\/p>\n<p class=\"fig-premium-paywall__subtitle\">-50% sur l&rsquo;abonnement num\u00e9rique<\/p>\n<p class=\"fig-premium-paywall__connect\">\n                D\u00e9j\u00e0 abonn\u00e9\u00a0?                <a class=\"fig-premium-paywall__connect-link\" href=\"https:\/\/connect.lefigaro.fr\/login?client=horizon_web&amp;type=main&amp;redirect_uri=https%3A%2F%2Fwww.lefigaro.fr%2Fpolitique%2Fbudget-de-la-secu-pour-jean-philippe-tanguy-rn-sebastien-lecornu-devra-demissionner-en-cas-de-rejet-du-texte-20251207\" data-js-gtm=\"{&quot;customCategorie&quot;: &quot;conversion&quot;, &quot;customAction&quot;: &quot;before_Landing_Connexion_paywall_auto&quot;, &quot;customLabel&quot;: &quot;bGVmaWdhcm8uZnJfXzFmMGQzNWJhLTEwYmEtNmU5Mi05OWE5LWY3ZjcyYTkzZDJhYl9fQXJ0aWNsZQ==_Budget de la S\u00e9cu\u00a0: pour Jean-Philippe Tanguy (RN), S\u00e9bastien Lecornu devra d\u00e9missionner en cas de rejet du texte_1000&quot;, &quot;customIDSPE&quot;: &quot;bGVmaWdhcm8uZnJfXzFmMGQzNWJhLTEwYmEtNmU5Mi05OWE5LWY3ZjcyYTkzZDJhYl9fQXJ0aWNsZQ==&quot;, &quot;event&quot;: &quot;customEventSPE&quot;}\" target=\"_blank\" rel=\"noopener\"><br \/>\n                    Connectez-vous<br \/>\n                <\/a>\n            <\/p>\n","protected":false},"excerpt":{"rendered":"Lors du \u00ab\u00a0Grand Jury RTL-Le Figaro-M6-Public S\u00e9nat\u00a0\u00bb ce dimanche, le d\u00e9put\u00e9 nationaliste a dit souhaiter \u00ab\u00a0finir l\u2019ann\u00e9e sans&hellip;\n","protected":false},"author":2,"featured_media":585426,"comment_status":"","ping_status":"","sticky":false,"template":"","format":"standard","meta":{"footnotes":""},"categories":[2],"tags":[11,1003,1011,27,12,1078,25,11067],"class_list":{"0":"post-585425","1":"post","2":"type-post","3":"status-publish","4":"format-standard","5":"has-post-thumbnail","7":"category-actualites","8":"tag-actualites","9":"tag-budget","10":"tag-fr","11":"tag-france","12":"tag-news","13":"tag-rassemblement-national","14":"tag-republique-francaise","15":"tag-sebastien-lecornu"},"share_on_mastodon":{"url":"https:\/\/pubeurope.com\/@fr\/115681599591662181","error":""},"_links":{"self":[{"href":"https:\/\/www.europesays.com\/fr\/wp-json\/wp\/v2\/posts\/585425","targetHints":{"allow":["GET"]}}],"collection":[{"href":"https:\/\/www.europesays.com\/fr\/wp-json\/wp\/v2\/posts"}],"about":[{"href":"https:\/\/www.europesays.com\/fr\/wp-json\/wp\/v2\/types\/post"}],"author":[{"embeddable":true,"href":"https:\/\/www.europesays.com\/fr\/wp-json\/wp\/v2\/users\/2"}],"replies":[{"embeddable":true,"href":"https:\/\/www.europesays.com\/fr\/wp-json\/wp\/v2\/comments?post=585425"}],"version-history":[{"count":0,"href":"https:\/\/www.europesays.com\/fr\/wp-json\/wp\/v2\/posts\/585425\/revisions"}],"wp:featuredmedia":[{"embeddable":true,"href":"https:\/\/www.europesays.com\/fr\/wp-json\/wp\/v2\/media\/585426"}],"wp:attachment":[{"href":"https:\/\/www.europesays.com\/fr\/wp-json\/wp\/v2\/media?parent=585425"}],"wp:term":[{"taxonomy":"category","embeddable":true,"href":"https:\/\/www.europesays.com\/fr\/wp-json\/wp\/v2\/categories?post=585425"},{"taxonomy":"post_tag","embeddable":true,"href":"https:\/\/www.europesays.com\/fr\/wp-json\/wp\/v2\/tags?post=585425"}],"curies":[{"name":"wp","href":"https:\/\/api.w.org\/{rel}","templated":true}]}}