{"id":585429,"date":"2025-12-08T02:33:03","date_gmt":"2025-12-08T02:33:03","guid":{"rendered":"https:\/\/www.europesays.com\/fr\/585429\/"},"modified":"2025-12-08T02:33:03","modified_gmt":"2025-12-08T02:33:03","slug":"trump-et-le-golf-une-addition-tres-salee-pour-les-contribuables-americains","status":"publish","type":"post","link":"https:\/\/www.europesays.com\/fr\/585429\/","title":{"rendered":"Trump et le golf : une addition tr\u00e8s sal\u00e9e pour les contribuables am\u00e9ricains"},"content":{"rendered":"<p>\t\t\t\t\t\t<img width=\"770\" height=\"556\" src=\"https:\/\/www.europesays.com\/fr\/wp-content\/uploads\/2025\/12\/afp__20250727__2227236193__v5__midres__uspresidentdonaldtrumpvisitsscotlandforgolfin-770x556.jpg\" class=\"img-responsive wp-post-image\" alt=\"Donald Trump Photo by Christopher Furlong \/ GETTY IMAGES EUROPE \/ Getty Images via AFP\" decoding=\"async\" fetchpriority=\"high\"  \/>\t\t\t\t\t<\/p>\n<p>\t\t\t\t\t\t Partager cet article <\/p>\n<p class=\"screen-reader-text juiz_sps_maybe_hidden_text\">Partager la publication \u00ab\u00a0Trump et le golf : une addition tr\u00e8s sal\u00e9e pour les contribuables am\u00e9ricains\u00a0\u00bb<\/p>\n<p><strong>La facture golfique de Donald Trump, qui s\u2019\u00e9l\u00e8ve d\u00e9j\u00e0 \u00e0 pr\u00e8s de 71 millions de dollars pour son second mandat, pourrait d\u00e9passer les 300 millions, soit le double de ce qu\u2019il a d\u00e9pens\u00e9 lors de son premier passage \u00e0 la Maison-Blanche.<\/strong><\/p>\n<p>La passion pour le golf de <strong>Donald Trump<\/strong> p\u00e8se de plus en plus lourd sur les finances publiques am\u00e9ricaines : selon <a href=\"https:\/\/www.huffpost.com\/entry\/trump-golf-300-million_n_69271f3ce4b00aca68d3d689\" target=\"_blank\" rel=\"noopener\">une analyse du HuffPost<\/a>, l\u2019addition de son deuxi\u00e8me mandat atteint d\u00e9j\u00e0 pr\u00e8s de 71 millions de dollars pour ses escapades golfiques, et se trouve sur une trajectoire susceptible de d\u00e9passer 300 millions de dollars d\u2019ici la fin de son mandat.<\/p>\n<p>Le total doublerait ainsi les 151,5 millions de dollars d\u00e9bours\u00e9s par les contribuables pour ses parties de golf lors de son premier passage \u00e0 la Maison-Blanche.<\/p>\n<blockquote data-service=\"twitter\" data-category=\"marketing\" data-placeholder-image=\"https:\/\/www.golfplanete.com\/wp-content\/plugins\/complianz-gdpr-premium\/assets\/images\/placeholders\/twitter-minimal.jpg\" class=\"cmplz-placeholder-element twitter-tweet\"><p>&#13;<\/p>\n<p dir=\"ltr\" lang=\"en\">Here was Donald Trump golfing at his Mar-A-Lago home this weekend: <br \/>&#13;<br \/>\n<a href=\"https:\/\/t.co\/yb5F0ZPIfc\">pic.twitter.com\/yb5F0ZPIfc<\/a><\/p>\n<p>&#13;<br \/>\n&#13;<br \/>\n\u2014 Lucas Sanders \ud83d\udc99\ud83d\uddf3\ufe0f\ud83c\udf0a\ud83d\udcaa\ud83c\udf08\ud83d\udeba\ud83d\udfe7 (@LucasSa56947288) <a href=\"https:\/\/twitter.com\/LucasSa56947288\/status\/1994953408810516553?ref_src=twsrc%5Etfw\" target=\"_blank\" rel=\"noopener\">November 30, 2025<\/a><\/p><\/blockquote>\n<p>&#13;<br \/>\n\u00a0<\/p>\n<p>Une facture qui explose au second mandat<\/p>\n<p>Rien qu\u2019en 2025, il a d\u00e9j\u00e0 effectu\u00e9 16 s\u00e9jours Mar-a-Lago, en Floride, ainsi que plusieurs visites \u00e0 Bedminster (New Jersey) et \u00e0 Aberdeen, en \u00c9cosse, pour l\u2019ouverture de son nouveau parcours \u2013 cette derni\u00e8re avoisinant \u00e0 elle seule les 10 millions de dollars de frais de d\u00e9placement et de s\u00e9curit\u00e9 pour les contribuables.<\/p>\n<p>Lors de son premier mandat, Donald Trump avait pass\u00e9 30% de son temps et jou\u00e9 261 parties, soit une tous les 5,6 jours, mais\u00a0 il a affirm\u00e9 il y a quelques jours qu\u2019il ne s\u2019entra\u00eenait \u00ab\u00a0pas beaucoup\u00a0\u00bb.<\/p>\n<blockquote><p>&#13;<br \/>\nJe ne vais pas avoir le temps de jouer au golf.&#13;<\/p>\n<p>Donald Trump avant sa r\u00e9\u00e9lection<\/p>\n<p>&#13;\n<\/p><\/blockquote>\n<p>Cette explosion contraste avec ses engagements de campagne de 2016, lorsqu\u2019il avait critiqu\u00e9 le temps pass\u00e9 par <strong>Barack Obama<\/strong> \u00e0 jouer au golf quand il \u00e9tait pr\u00e9sident. \u00ab Je vais travailler pour vous. Je ne vais pas avoir le temps de jouer au golf \u00bb, avait-il affirm\u00e9.<\/p>\n<p>Neuf ans plus tard, c\u2019est pourtant bien son hobby pr\u00e9f\u00e9r\u00e9 qui risque de laisser une empreinte durable sur les comptes publics am\u00e9ricains, et ce alors qu\u2019il proc\u00e8de \u00e0 des coupes s\u00e9v\u00e8res dans les d\u00e9penses publiques.<\/p>\n<p>\t\t\t\t\t<a id=\"193611\" href=\"https:\/\/wally.golf\/configurateur\" target=\"_blank\" rel=\"sponsorised noopener\"><img decoding=\"async\" src=\"data:image\/svg+xml,%3Csvg%20xmlns=\" http:=\"\" class=\"img-responsive\" alt=\"\" data-lazy-src=\"https:\/\/www.europesays.com\/fr\/wp-content\/uploads\/2025\/12\/wally-e01-configurateur-ultime-1170x275-1.gif\"\/><\/a><\/p>\n<p>Photo : Christopher Furlong \/ Getty Images via AFP<\/p>\n<p>\t\t\t<script async src=\"https:\/\/platform.twitter.com\/widgets.js\" charset=\"utf-8\"><\/script><\/p>\n","protected":false},"excerpt":{"rendered":"Partager cet article Partager la publication \u00ab\u00a0Trump et le golf : une addition tr\u00e8s sal\u00e9e pour les contribuables&hellip;\n","protected":false},"author":2,"featured_media":585430,"comment_status":"","ping_status":"","sticky":false,"template":"","format":"standard","meta":{"footnotes":""},"categories":[1418],"tags":[1011,27,1472,60],"class_list":{"0":"post-585429","1":"post","2":"type-post","3":"status-publish","4":"format-standard","5":"has-post-thumbnail","7":"category-golf","8":"tag-fr","9":"tag-france","10":"tag-golf","11":"tag-sports"},"share_on_mastodon":{"url":"","error":""},"_links":{"self":[{"href":"https:\/\/www.europesays.com\/fr\/wp-json\/wp\/v2\/posts\/585429","targetHints":{"allow":["GET"]}}],"collection":[{"href":"https:\/\/www.europesays.com\/fr\/wp-json\/wp\/v2\/posts"}],"about":[{"href":"https:\/\/www.europesays.com\/fr\/wp-json\/wp\/v2\/types\/post"}],"author":[{"embeddable":true,"href":"https:\/\/www.europesays.com\/fr\/wp-json\/wp\/v2\/users\/2"}],"replies":[{"embeddable":true,"href":"https:\/\/www.europesays.com\/fr\/wp-json\/wp\/v2\/comments?post=585429"}],"version-history":[{"count":0,"href":"https:\/\/www.europesays.com\/fr\/wp-json\/wp\/v2\/posts\/585429\/revisions"}],"wp:featuredmedia":[{"embeddable":true,"href":"https:\/\/www.europesays.com\/fr\/wp-json\/wp\/v2\/media\/585430"}],"wp:attachment":[{"href":"https:\/\/www.europesays.com\/fr\/wp-json\/wp\/v2\/media?parent=585429"}],"wp:term":[{"taxonomy":"category","embeddable":true,"href":"https:\/\/www.europesays.com\/fr\/wp-json\/wp\/v2\/categories?post=585429"},{"taxonomy":"post_tag","embeddable":true,"href":"https:\/\/www.europesays.com\/fr\/wp-json\/wp\/v2\/tags?post=585429"}],"curies":[{"name":"wp","href":"https:\/\/api.w.org\/{rel}","templated":true}]}}