{"id":585431,"date":"2025-12-08T02:35:20","date_gmt":"2025-12-08T02:35:20","guid":{"rendered":"https:\/\/www.europesays.com\/fr\/585431\/"},"modified":"2025-12-08T02:35:20","modified_gmt":"2025-12-08T02:35:20","slug":"rugby-leclair-temo-matiu-ubb-lautre-8-que-le-xv-de-france-attend","status":"publish","type":"post","link":"https:\/\/www.europesays.com\/fr\/585431\/","title":{"rendered":"RUGBY. L\u2019\u00e9clair Temo Matiu (UBB) : l&rsquo;autre 8 que le XV de France attend ?"},"content":{"rendered":"<p>Puissant et rapide, il est un O.V.N.I. Depuis la saison derni\u00e8re, <a href=\"https:\/\/www.lerugbynistere.fr\/fiches-joueurs\/temo-matiu.php\" ui-sref=\"app.player({playerId: 14690})\" alt=\"Temo Matiu\" data-route=\"app.player\" data-param=\"playerId\" data-id=\"14690\" target=\"_blank\" rel=\"noopener\">Temo Matiu<\/a> monte en puissance et continue d\u2019impressionner sous le maillot de l\u2019UBB. <strong>Le solide (1,91 m pour 100 kg) troisi\u00e8me ligne s\u2019est notamment fait remarquer<\/strong>, ce samedi 6 d\u00e9cembre, avec son club en <a href=\"https:\/\/www.lerugbynistere.fr\/international\/rugby-champions-cup\" ui-sref=\"app.competition({competitionId: 15})\" alt=\"Champions Cup\" data-route=\"app.competition\" data-param=\"competitionId\" data-id=\"15\" target=\"_blank\" rel=\"noopener\">Champions Cup<\/a>. S\u2019il n\u2019a pas inscrit d\u2019essai, le joueur de 24 ans a \u00e9t\u00e9 tr\u00e8s pr\u00e9sent offensivement en <a href=\"https:\/\/www.lerugbynistere.fr\/equipes-nationales\/afrique-du-sud-springboks.php\" ui-sref=\"app.team({teamId: 27})\" alt=\"Afrique du Sud\" data-route=\"app.team\" data-param=\"teamId\" data-id=\"27\" target=\"_blank\" rel=\"noopener\">Afrique du Sud<\/a> pour gagner contre les <a href=\"https:\/\/www.lerugbynistere.fr\/clubs\/bulls.php\" ui-sref=\"app.team({teamId: 2310})\" alt=\"Bulls\" data-route=\"app.team\" data-param=\"teamId\" data-id=\"2310\" target=\"_blank\" rel=\"noopener\">Bulls<\/a> (33-46).<\/p>\n<p><a class=\"inserer_lien_article\" href=\"https:\/\/www.lerugbynistere.fr\/news\/bullsubb-le-come-back-de-moefana-et-un-xv-qui-en-dit-long-sur-les-intentions-bordelaises-0512251326.php\" data-id=\"46930\" data-route=\"app.article\" data-param=\"articleId\" ui-sref=\"app.article({articleId: 46930})\" alt=\"Bulls\u2013UBB : le come-back de Moefana\u2026 et un XV qui en dit long sur les intentions bordelaises\" title=\"Bulls\u2013UBB : le come-back de Moefana\u2026 et un XV qui en dit long sur les intentions bordelaises\" target=\"_blank\" rel=\"noopener\"><img decoding=\"async\" src=\"https:\/\/www.europesays.com\/fr\/wp-content\/uploads\/2025\/12\/lubb-commence-la-defense-de-son-titre-avec-ses-tricolores-dont-yoram-moefana-titulaire-chez-les-bull.jpeg\" alt=\"Bulls\u2013UBB : le come-back de Moefana\u2026 et un XV qui en dit long sur les intentions bordelaises\"\/>Bulls\u2013UBB : le come-back de Moefana\u2026 et un XV qui en dit long sur les intentions bordelaises<\/a><\/p>\n<p>Un colosse au pied de feu<\/p>\n<p>Titularis\u00e9 en num\u00e9ro 8, o\u00f9 il avait d\u00e9j\u00e0 postul\u00e9 la semaine pass\u00e9e \u00e0 <a href=\"https:\/\/www.lerugbynistere.fr\/clubs\/mhrc-montpellier.php\" ui-sref=\"app.team({teamId: 36})\" alt=\"Montpellier\" data-route=\"app.team\" data-param=\"teamId\" data-id=\"36\" target=\"_blank\" rel=\"noopener\">Montpellier<\/a>, il a mis \u00e0 mal la d\u00e9fense sud-africaine. Il a port\u00e9 une douzaine de ballons, a battu trois d\u00e9fenseurs, a sign\u00e9 un offload et s\u2019est offert une perc\u00e9e au c\u0153ur de la d\u00e9fense adverse. <strong>En totalit\u00e9, il a gagn\u00e9 50 m\u00e8tres avec le cuir dans les mains, soit le meilleur total pour un avant de l\u2019UBB.<\/strong> D\u00e9fensivement, il n\u2019a pas \u00e9t\u00e9 le plus actif, mais a \u00e9t\u00e9 particuli\u00e8rement propre, avec six <a href=\"https:\/\/www.lerugbynistere.fr\/videos\/plaquages.php\" ui-sref=\"app.tag\" alt=\"Plaquages\" data-route=\"app.tag\" data-param=\"slug\" data-id=\"plaquages\" target=\"_blank\" rel=\"noopener\">plaquages<\/a> r\u00e9ussis pour aucun loup\u00e9.<\/p>\n<p>En Afrique du Sud, Yannick Bru a pr\u00e9f\u00e9r\u00e9 le profil de Temo Matiu pour utiliser un num\u00e9ro 8 mobile. <strong>Avec <a href=\"https:\/\/www.lerugbynistere.fr\/fiches-joueurs\/marko-gazzotti.php\" ui-sref=\"app.player({playerId: 14363})\" alt=\"Marko Gazzotti\" data-route=\"app.player\" data-param=\"playerId\" data-id=\"14363\" target=\"_blank\" rel=\"noopener\">Marko Gazzotti<\/a>, il incarne la rel\u00e8ve \u00e0 un poste cl\u00e9, du c\u00f4t\u00e9 de l\u2019Union <a href=\"https:\/\/www.lerugbynistere.fr\/clubs\/ubb-bordeaux-begles.php\" ui-sref=\"app.team({teamId: 32})\" alt=\"Bordeaux\" data-route=\"app.team\" data-param=\"teamId\" data-id=\"32\" target=\"_blank\" rel=\"noopener\">Bordeaux<\/a>-B\u00e8gles.<\/strong> Entre Champions Cup et <a href=\"https:\/\/www.lerugbynistere.fr\/championnats\/top-14\" ui-sref=\"app.competition({competitionId: 1})\" alt=\"Top 14\" data-route=\"app.competition\" data-param=\"competitionId\" data-id=\"1\" target=\"_blank\" rel=\"noopener\">Top 14<\/a>, le staff girondin semble utiliser les deux joueurs, en fonction du visage qu\u2019ils souhaitent afficher. Une compl\u00e9mentarit\u00e9 dans les profils qui rappelle en partie celle observ\u00e9e entre <a href=\"https:\/\/www.lerugbynistere.fr\/fiches-joueurs\/tevita-tatafu-12032023.php\" ui-sref=\"app.player({playerId: 14597})\" alt=\"Tevita Tatafu\" data-route=\"app.player\" data-param=\"playerId\" data-id=\"14597\" target=\"_blank\" rel=\"noopener\">Tevita Tatafu<\/a> et <a href=\"https:\/\/www.lerugbynistere.fr\/fiches-joueurs\/pete-samu.php\" ui-sref=\"app.player({playerId: 10259})\" alt=\"Pete Samu\" data-route=\"app.player\" data-param=\"playerId\" data-id=\"10259\" target=\"_blank\" rel=\"noopener\">Pete Samu<\/a> sur les saisons pr\u00e9c\u00e9dentes.<\/p>\n<p>Jusqu\u2019\u00e0 ses 19 ans, le fils de Legi Matiu n\u2019\u00e9tait pourtant pas d\u00e9vou\u00e9 au ballon ovale.<strong> Le grand gaillard \u00e9tait bien plus int\u00e9ress\u00e9 par le basketball, avant de se d\u00e9dier au rugby \u00e0 XV \u00e0 sa majorit\u00e9.<\/strong> De cette transition tardive d\u2019une discipline \u00e0 l\u2019autre, Temo Matiu a visiblement gard\u00e9 quelques atouts. \u201cJe pense que j&rsquo;ai gard\u00e9 quand m\u00eame beaucoup de choses du basket, avec les techniques de balle en main ou m\u00eame sur les touches pour les sauts, \u00e7a m&rsquo;a grandement aid\u00e9. Sur la lecture du jeu aussi pour analyser les espaces\u201d, indiquait-il pour <a href=\"https:\/\/www.radiofrance.fr\/francebleu\/podcasts\/100-ubb-l-emission\/ubb-le-discret-temo-matiu-est-en-direct-dans-100-ubb-3277764\" target=\"_blank\" rel=\"noopener\">Ici Gironde<\/a>, en janvier 2025.<\/p>\n<p><a class=\"inserer_lien_article\" href=\"https:\/\/www.lerugbynistere.fr\/news\/top-14-prolongations-en-masse-petits-qui-montent-recrutement-de-qualite-a-quoi-va-ressembler-lubb-la-saison-prochaine-1411251500.php\" data-id=\"46784\" data-route=\"app.article\" data-param=\"articleId\" ui-sref=\"app.article({articleId: 46784})\" alt=\"Top 14. Prolongations en masse, petits qui montent, recrutement de qualit\u00e9 : \u00e0 quoi va ressembler l\u2019UBB la saison prochaine ?\" title=\"Top 14. Prolongations en masse, petits qui montent, recrutement de qualit\u00e9 : \u00e0 quoi va ressembler l\u2019UBB la saison prochaine ?\" target=\"_blank\" rel=\"noopener\"><img decoding=\"async\" src=\"https:\/\/www.europesays.com\/fr\/wp-content\/uploads\/2025\/12\/ubb-14-11-25-2294.jpg\" alt=\"Top 14. Prolongations en masse, petits qui montent, recrutement de qualit\u00e9 : \u00e0 quoi va ressembler l\u2019UBB la saison prochaine ?\"\/>Top 14. Prolongations en masse, petits qui montent, recrutement de qualit\u00e9 : \u00e0 quoi va ressembler l\u2019UBB la saison prochaine ?<\/a><\/p>\n<p>Espoir inesp\u00e9r\u00e9 du rugby fran\u00e7ais<\/p>\n<p>Mobile, intelligent et puissant, il a m\u00eame attir\u00e9 l\u2019\u0153il de l\u2019\u00e9quipe de France de <a href=\"https:\/\/www.lerugbynistere.fr\/rugby-a-7\/\" alt=\"Rugby \u00e0 7\" target=\"_blank\" rel=\"noopener\">rugby \u00e0 7<\/a>, d\u00e8s 2023. Par ailleurs,<strong> il fait partie des joueurs pr\u00e9sents sur la liste de la s\u00e9lection d\u00e9finie pour pr\u00e9parer les Jeux olympiques de Los Angeles 2028.<\/strong> \u201cMon objectif, c\u2019est le haut niveau, mais je dois continuer de travailler, progresser dans certains secteurs\u201d, relativise le joueur.<\/p>\n<p>Aujourd\u2019hui, il semble \u00eatre bien adapt\u00e9 aux codes et demandes du rugby professionnel, <strong>au point de compter une trentaine de matchs avec l\u2019UBB, depuis son arriv\u00e9e en 2024.<\/strong> Toujours pour la radio locale du service public, le jeune talent confiait qu\u2019il ne se reposait pas sur ses lauriers : \u201cChaque semaine, je travaille en dehors des entra\u00eenements pour faire des extras dans plusieurs domaines. Parce que je sais qu&rsquo;il faut que je progresse dans tous les domaines, que ce soit rugbystiquement ou physiquement.\u201d<\/p>\n<p>Son attachement tardif pour le rugby l\u2019a fait passer sous les radars de la FFR. Cependant, l<strong>e nom de Temo Matiu est d\u2019ores et d\u00e9j\u00e0 connu de l\u2019encadrement du <a href=\"https:\/\/www.lerugbynistere.fr\/equipes-nationales\/xv-de-france.php\" ui-sref=\"app.team({teamId: 65})\" alt=\"XV de France\" data-route=\"app.team\" data-param=\"teamId\" data-id=\"65\" target=\"_blank\" rel=\"noopener\">XV de France<\/a>.<\/strong> En novembre 2024, Fabien Galthi\u00e9 l\u2019avait notamment appel\u00e9 pour pr\u00e9parer la tourn\u00e9e d\u2019automne, \u00e0 Marcoussis. S\u2019il n\u2019a pas encore obtenu sa cap, il reste dans les petits papiers des Bleus.<\/p>\n<p><a class=\"inserer_lien_article\" href=\"https:\/\/www.lerugbynistere.fr\/videos\/video-top-14-a-moitie-fou-temo-matiu-baisse-la-tete-et-traverse-le-mur-de-briques-a-290kg-atonioskelton-2110241628.php\" data-id=\"42879\" data-route=\"app.article\" data-param=\"articleId\" ui-sref=\"app.article({articleId: 42879})\" alt=\"VID\u00c9O. TOP 14. A moiti\u00e9 fou, Temo Matiu baisse la t\u00eate et traverse le mur de briques \u00e0 290kg Atonio\/Skelton\" title=\"VID\u00c9O. TOP 14. A moiti\u00e9 fou, Temo Matiu baisse la t\u00eate et traverse le mur de briques \u00e0 290kg Atonio\/Skelton\" target=\"_blank\" rel=\"noopener\"><img decoding=\"async\" src=\"https:\/\/www.europesays.com\/fr\/wp-content\/uploads\/2025\/12\/yt-21-10-24-2066.jpg\" alt=\"VID\u00c9O. TOP 14. A moiti\u00e9 fou, Temo Matiu baisse la t\u00eate et traverse le mur de briques \u00e0 290kg Atonio\/Skelton\"\/>VID\u00c9O. TOP 14. A moiti\u00e9 fou, Temo Matiu baisse la t\u00eate et traverse le mur de briques \u00e0 290kg Atonio\/Skelton<\/a><\/p>\n<p>Au micro de <a href=\"https:\/\/rmcsport.bfmtv.com\/replay-emissions\/super-moscato-show\/rugby-temo-matiu-l-avenir-du-xv-de-france-selon-charvet_VN-202410220725.html\" target=\"_blank\" rel=\"noopener\">RMC Sport<\/a>, <strong>Denis Charvet faisait l\u2019\u00e9loge du joueur en octobre 2024<\/strong>. \u201cParfois, tu vois des joueurs, comme \u00e7a, en quelques minutes, ils renvoient quelque chose de diff\u00e9rent. Il me fait un peu penser \u00e0 Olivier Magne. Il a peut-\u00eatre un profil un peu moins technique, mais dans le placement et dans la capacit\u00e9 \u00e0 multiplier les efforts, il est l\u00e0.[&#8230;] Yannick Bru le veut en num\u00e9ro 8, il pense que c\u2019est l\u2019avenir\u201d, indiquait le vice-champion du monde, apr\u00e8s les premiers matchs en Top 14 de Temo Matiu. Pour rappel, il est sous contrat avec l&rsquo;Union Bordeaux-B\u00e8gles jusqu&rsquo;en 2027.<\/p>\n<p>De plus, le troisi\u00e8me ligne a de la chance, <strong>s\u2019il y a un poste, avec pilier droit, o\u00f9 le vivier manque dans le rugby fran\u00e7ais, c\u2019est celui de num\u00e9ro 8.<\/strong> Depuis quelque temps, <a href=\"https:\/\/www.lerugbynistere.fr\/fiches-joueurs\/gregory-alldritt.php\" ui-sref=\"app.player({playerId: 3657})\" alt=\"Gr\u00e9gory Alldritt\" data-route=\"app.player\" data-param=\"playerId\" data-id=\"3657\" target=\"_blank\" rel=\"noopener\">Gr\u00e9gory Alldritt<\/a> semble moins dominant et Fabien Galthi\u00e9 semble de plus en plus tent\u00e9 \u00e0 l\u2019id\u00e9e d\u2019essayer d\u2019autres solutions. Pour l\u2019instant, des joueurs polyvalents, comme Micka\u00ebl Guillard, Anthony Jelonch ou Charles Ollivon s\u2019y sont attel\u00e9s depuis le dernier mondial. Chez les sp\u00e9cialistes au poste, Marko Gazzotti et Temo Matiu semblent former une paire int\u00e9ressante, pr\u00eate \u00e0 faire des ravages sur les pr\u00e9s internationaux.<\/p>\n<p><a class=\"inserer_lien_article\" href=\"https:\/\/www.lerugbynistere.fr\/news\/xv-de-france-une-preparation-optimisee-pour-etre-a-jamais-les-premiers-galthie-optimiste-mais-realiste-0312251508.php\" data-id=\"46917\" data-route=\"app.article\" data-param=\"articleId\" ui-sref=\"app.article({articleId: 46917})\" alt=\"XV de France. Une pr\u00e9paration optimis\u00e9e pour \u00eatre &#039;&#039;\u00e0 jamais les premiers&#039;&#039; : Galthi\u00e9 optimiste mais r\u00e9aliste\" title=\"XV de France. Une pr\u00e9paration optimis\u00e9e pour \u00eatre &#039;&#039;\u00e0 jamais les premiers&#039;&#039; : Galthi\u00e9 optimiste mais r\u00e9aliste\" target=\"_blank\" rel=\"noopener\"><img decoding=\"async\" src=\"https:\/\/www.europesays.com\/fr\/wp-content\/uploads\/2025\/12\/mondial-2027-galthie-pose-le-decor-une-poule-ouverte-une-preparation-revue-et-un-tableau-final-titan.jpeg\" alt=\"XV de France. Une pr\u00e9paration optimis\u00e9e pour \u00eatre ''\u00e0 jamais les premiers'' : Galthi\u00e9 optimiste mais r\u00e9aliste\"\/>XV de France. Une pr\u00e9paration optimis\u00e9e pour \u00eatre \u00a0\u00bb\u00e0 jamais les premiers\u00a0\u00bb : Galthi\u00e9 optimiste mais r\u00e9aliste<\/a><\/p>\n","protected":false},"excerpt":{"rendered":"Puissant et rapide, il est un O.V.N.I. Depuis la saison derni\u00e8re, Temo Matiu monte en puissance et continue&hellip;\n","protected":false},"author":2,"featured_media":585432,"comment_status":"","ping_status":"","sticky":false,"template":"","format":"standard","meta":{"footnotes":""},"categories":[1416],"tags":[1011,27,479,1468,60],"class_list":{"0":"post-585431","1":"post","2":"type-post","3":"status-publish","4":"format-standard","5":"has-post-thumbnail","7":"category-rugby","8":"tag-fr","9":"tag-france","10":"tag-rugby","11":"tag-rugby-football","12":"tag-sports"},"share_on_mastodon":{"url":"https:\/\/pubeurope.com\/@fr\/115681620699441620","error":""},"_links":{"self":[{"href":"https:\/\/www.europesays.com\/fr\/wp-json\/wp\/v2\/posts\/585431","targetHints":{"allow":["GET"]}}],"collection":[{"href":"https:\/\/www.europesays.com\/fr\/wp-json\/wp\/v2\/posts"}],"about":[{"href":"https:\/\/www.europesays.com\/fr\/wp-json\/wp\/v2\/types\/post"}],"author":[{"embeddable":true,"href":"https:\/\/www.europesays.com\/fr\/wp-json\/wp\/v2\/users\/2"}],"replies":[{"embeddable":true,"href":"https:\/\/www.europesays.com\/fr\/wp-json\/wp\/v2\/comments?post=585431"}],"version-history":[{"count":0,"href":"https:\/\/www.europesays.com\/fr\/wp-json\/wp\/v2\/posts\/585431\/revisions"}],"wp:featuredmedia":[{"embeddable":true,"href":"https:\/\/www.europesays.com\/fr\/wp-json\/wp\/v2\/media\/585432"}],"wp:attachment":[{"href":"https:\/\/www.europesays.com\/fr\/wp-json\/wp\/v2\/media?parent=585431"}],"wp:term":[{"taxonomy":"category","embeddable":true,"href":"https:\/\/www.europesays.com\/fr\/wp-json\/wp\/v2\/categories?post=585431"},{"taxonomy":"post_tag","embeddable":true,"href":"https:\/\/www.europesays.com\/fr\/wp-json\/wp\/v2\/tags?post=585431"}],"curies":[{"name":"wp","href":"https:\/\/api.w.org\/{rel}","templated":true}]}}