{"id":585433,"date":"2025-12-08T02:36:17","date_gmt":"2025-12-08T02:36:17","guid":{"rendered":"https:\/\/www.europesays.com\/fr\/585433\/"},"modified":"2025-12-08T02:36:17","modified_gmt":"2025-12-08T02:36:17","slug":"david-goffin-fete-ses-35-ans-ce-dimanche-voici-qui-sont-les-veterans-du-circuit-toujours-en-action","status":"publish","type":"post","link":"https:\/\/www.europesays.com\/fr\/585433\/","title":{"rendered":"David Goffin f\u00eate ses 35 ans ce dimanche\u00a0: voici qui sont les v\u00e9t\u00e9rans du circuit toujours en action"},"content":{"rendered":"<p class=\"ap-StoryElement ap-StoryElement--mb ap-StoryText\">Mais qui sont les autres v\u00e9t\u00e9rans du circuit ? En le comparant aux joueurs de 35 ans et plus, le n\u00b04 belge occuperait une hypoth\u00e9tique septi\u00e8me place mondiale. Loin derri\u00e8re l&rsquo;intouchable Novak Djokovic, bien s\u00fbr. Laur\u00e9at de deux titres ATP (Ath\u00e8nes et Gen\u00e8ve) cette saison, le Serbe pointe encore au quatri\u00e8me rang du haut de ses 38 ans et demi. Le Serbe a r\u00e9cemment d\u00e9clar\u00e9 qu&rsquo;il aimerait disputer les Jeux olympiques de Los Angeles en 2028. \u00ab\u00a0<a href=\"https:\/\/www.lavenir.net\/sports\/tennis\/2025\/11\/11\/novak-djokovic-devoile-la-date-de-sa-retraite-jaimerais-finir-sous-le-drapeau-serbe-GX6G4JC4EJH3TO7DFBF7DBTUZI\/\" target=\"_self\" rel=\"noopener\">Finir sous le drapeau serbe<\/a>, ce serait incroyable\u00a0\u00bb, a-t-il confi\u00e9. Il aura alors 41 ans.<\/p>\n<blockquote class=\"ap-StoryQuote ap-StoryQuote--pullquote\"><p>guillement<\/p>\n<p class=\"ap-StoryQuote-text\">M\u00eame apr\u00e8s vingt ans sur le circuit, j&rsquo;aime toujours autant ce sport.<\/p>\n<\/blockquote>\n<p class=\"ap-StoryElement ap-StoryElement--mb ap-StoryText\">Un \u00e2ge auquel Stan Wawrinka se rapproche doucement. N\u00e9 le 28 mars 1985, le Suisse n&rsquo;a encore donn\u00e9 fix\u00e9 aucune date d&rsquo;adieu. L&rsquo;ancien n\u00b03 mondial a re\u00e7u une invitation pour l&rsquo;ATP 250 d&rsquo;Auckland, une \u00e9preuve qu&rsquo;il n&rsquo;a plus disput\u00e9 depuis 2007. \u00ab\u00a0Pour moi, tout tourne autour de la comp\u00e9tition. C&rsquo;est l&rsquo;occasion de me d\u00e9passer, d&rsquo;atteindre mon plein potentiel, de donner le meilleur de moi-m\u00eame, explique-t-il dans une vid\u00e9o promotionnelle diffus\u00e9e par le tournoi. Je continue \u00e0 m&rsquo;entra\u00eener intens\u00e9ment pour \u00eatre au top. J&rsquo;esp\u00e8re r\u00e9int\u00e9grer le top 100 en 2026, participer \u00e0 de grands \u00e9v\u00e9nements, poursuivre ma progression et voir o\u00f9 je me situerai en fin d&rsquo;ann\u00e9e. M\u00eame apr\u00e8s vingt ans sur le circuit, j&rsquo;aime toujours autant ce sport.\u00a0\u00bb<\/p>\n<p>Monfils stoppe les frais fin 2026<\/p>\n<p class=\"ap-StoryElement ap-StoryElement--mb ap-StoryText\">Du tableau n\u00e9o-z\u00e9landais de 2007, Ga\u00ebl Monfils est l&rsquo;autre survivant. Tenant du titre, o\u00f9 il avait domin\u00e9 Zizou Bergs en finale, le Fran\u00e7ais a annonc\u00e9 que 2026 serait sa derni\u00e8re ann\u00e9e. Il aura alors 40 ans. Sacr\u00e9 \u00e0 treize reprises sur le circuit ATP, le demi-finaliste de Roland-Garros 2008 a d\u00e9j\u00e0 d\u00e9voil\u00e9 une partie de son programme : Auckland, donc, l&rsquo;Australian Open, puis Buenos Aires et Rio. Il encha\u00eenera avec l&rsquo;ATP 500 d&rsquo;Acapulco, au Mexique, une \u00e9preuve sur laquelle il ne s&rsquo;est plus pr\u00e9sent\u00e9 depuis 2009. Une premi\u00e8re partie de tourn\u00e9e d&rsquo;adieu qui s&rsquo;annonce prometteuse sur un continent o\u00f9 les fans se distinguent par leur ferveur.<\/p>\n<p><a href=\"https:\/\/www.lavenir.net\/sports\/tennis\/2025\/10\/01\/gael-monfils-prendra-sa-retraite-en-fin-de-saison-2026-avec-la-plus-grande-serenite-M35ICBYEOJDONF3UYJ75HOBJ64\/\" target=\"_self\" class=\"ap-StoryInterstitialLink ap-StoryElement ap-StoryElement--mb\" rel=\"noopener\">Ga\u00ebl Monfils annonce sa retraite: \u00ab\u00a0Avec la plus grande s\u00e9r\u00e9nit\u00e9\u00a0\u00bb<\/a><\/p>\n<p class=\"ap-StoryElement ap-StoryElement--mb ap-StoryText\">Son compatriote Adrian Mannarino poursuit lui aussi. Apr\u00e8s un d\u00e9but de saison d\u00e9licat, l&rsquo;homme de 37 ans a reconnu avoir pens\u00e9 \u00e0 tout arr\u00eater. Comme d&rsquo;autres v\u00e9t\u00e9rans avant lui. \u00ab\u00a0J&rsquo;ai le m\u00e9rite de m&rsquo;accrocher\u00a0\u00bb, confiait-il au quotidien L&rsquo;\u00c9quipe juste avant son huiti\u00e8me \u00e0 Cincinnati, en ao\u00fbt, contre Jannik Sinner. \u00ab\u00a0Il y a eu des moments de doute. J&rsquo;ai toujours tendance \u00e0 y croire, mais les r\u00e9sultats sont r\u00e9v\u00e9lateurs. Cette ann\u00e9e, j&rsquo;ai perdu contre de tr\u00e8s, tr\u00e8s mauvais joueurs sur le circuit Challenger. Je me disais qu&rsquo;il allait bient\u00f4t falloir que j&rsquo;arr\u00eate parce que \u00e7a devenait ridicule.\u00a0\u00bb Ses bons r\u00e9sultats en deuxi\u00e8me partie d&rsquo;ann\u00e9e l&rsquo;ont convaincu de prolonger.<\/p>\n<p><img loading=\"lazy\" decoding=\"async\" class=\"w-full lazyload lazyload--opacity object-contain\" style=\"aspect-ratio:150 \/ 100;opacity:1\" alt=\"Serbia's Novak Djokovic (R) shakes hands with France's Adrian Mannarino after their men's singles match on day eight of the Australian Open tennis tournament in Melbourne on January 21, 2024. (Photo by Martin KEEP \/ AFP) \/ -- IMAGE RESTRICTED TO EDITORIAL USE - STRICTLY NO COMMERCIAL USE --\" width=\"768\" height=\"512\" fetchpriority=\"auto\" src=\"https:\/\/www.europesays.com\/fr\/wp-content\/uploads\/2025\/05\/S5VKD3X55FFF3BW6V4SEHXNP7I.png\"  data- data-optimumx=\"1\"\/>Adrian Mannarino et Novak Djokovic n&rsquo;entendent pas s&rsquo;arr\u00eater en 2026. \u00a9AFP or licensors\u010cili\u0107 encore deux saisons ?<\/p>\n<p class=\"ap-StoryElement ap-StoryElement--mb ap-StoryText\">Vainqueur de l&rsquo;US Open 2014, Marin \u010cili\u0107 est bien revenu dans le coup apr\u00e8s une saison 2023 quasiment blanche en raison d&rsquo;un probl\u00e8me au m\u00e9nisque droit. Retomb\u00e9 dans les profondeurs du classement mondial, le Croate a remont\u00e9 la pente pas \u00e0 pas. Fin 2024, alors b\u00e9n\u00e9ficiaire d&rsquo;une invitation sur l&rsquo;ATP 250 de Hangzhou, \u010cili\u0107 \u00e9tait devenu le joueur le plus mal class\u00e9 (777e mondial) \u00e0 d\u00e9crocher un titre dans une \u00e9preuve ATP. Depuis, en 2025, il a accroch\u00e9 deux titres sur le circuit Challenger (Madrid et Nottingham) et r\u00e9int\u00e9grer le top 100. \u00ab\u00a0Je pense que j&rsquo;ai au moins deux saisons de top niveau en moi\u00a0\u00bb, mart\u00e8le-t-il. La retraite peut attendre, pour celui qui vise un retour dans le top 50.<\/p>\n<p><a href=\"https:\/\/www.lavenir.net\/sports\/tennis\/2024\/02\/01\/retour-de-marin-cilic-en-coupe-davis-un-champion-dexception-pret-a-defier-la-belgique-TEW2MC6LFZAEPNZGG7YFSPDIAE\/\" target=\"_self\" class=\"ap-StoryInterstitialLink ap-StoryElement ap-StoryElement--mb\" rel=\"noopener\">Retour de Marin Cilic en Coupe Davis : un champion d&rsquo;exception pr\u00eat \u00e0 d\u00e9fier la Belgique<\/a><\/p>\n<p class=\"ap-StoryElement ap-StoryElement--mb ap-StoryText\">Elle n&rsquo;est pas d&rsquo;actualit\u00e9 non plus pour Jan-Lennard Struff (35 ans), Roberto Bautista Agut (37), Du\u0161an Lajovi\u0107 (35), Marco Trugelliti (35), Kei Nishikori (35) ou encore Daniel Evans (35), tous encore ancr\u00e9s dans le top 200. \u00ab\u00a0Le meilleur moment apr\u00e8s une victoire sur le circuit, c&rsquo;est de monter sur le v\u00e9lo pour r\u00e9cup\u00e9rer et de se retrouver avec les personnes qui travaillent avec vous au quotidien. Parfois, on prend cela pour acquis, mais l&rsquo;ann\u00e9e \u00e9coul\u00e9e, voire les deux derni\u00e8res, ont \u00e9t\u00e9 difficiles. Je savoure vraiment ces instants, je ch\u00e9ris chaque moment pass\u00e9 sur les courts, car la fin de ma carri\u00e8re approche. Je ne peux pas le nier\u00a0\u00bb, a r\u00e9cemment expliqu\u00e9 le Britannique<\/p>\n<p class=\"ap-StoryElement ap-StoryElement--mb ap-StoryText\">S&rsquo;ils se sont tous pos\u00e9s des questions \u00e0 un moment ou un autre, ces v\u00e9t\u00e9rans partagent un point commun : ils n&rsquo;ont jamais l\u00e2ch\u00e9.<\/p>\n<tr class=\"ap-StoryTable-tr\">Classement<br \/>actuel<b>Meilleur<\/b><br \/><b>classement<\/b>Joueur\u00c2gePoints<\/tr>\n<tr class=\"ap-StoryTable-tr\">\n<td class=\"ap-StoryTable-td ap-StoryTable-cell\">4<\/td>\n<td class=\"ap-StoryTable-td ap-StoryTable-cell\">1<\/td>\n<td class=\"ap-StoryTable-td ap-StoryTable-cell\">Novak Djokovic (SRB)<\/td>\n<td class=\"ap-StoryTable-td ap-StoryTable-cell\">38<\/td>\n<td class=\"ap-StoryTable-td ap-StoryTable-cell\">4 830<\/td>\n<\/tr>\n<tr class=\"ap-StoryTable-tr\">\n<td class=\"ap-StoryTable-td ap-StoryTable-cell\">68<\/td>\n<td class=\"ap-StoryTable-td ap-StoryTable-cell\">6<\/td>\n<td class=\"ap-StoryTable-td ap-StoryTable-cell\">Ga\u00ebl Monfils (FRA)<\/td>\n<td class=\"ap-StoryTable-td ap-StoryTable-cell\">39<\/td>\n<td class=\"ap-StoryTable-td ap-StoryTable-cell\">825<\/td>\n<\/tr>\n<tr class=\"ap-StoryTable-tr\">\n<td class=\"ap-StoryTable-td ap-StoryTable-cell\">69<\/td>\n<td class=\"ap-StoryTable-td ap-StoryTable-cell\">17<\/td>\n<td class=\"ap-StoryTable-td ap-StoryTable-cell\">Adrian Mannarino (FRA)<\/td>\n<td class=\"ap-StoryTable-td ap-StoryTable-cell\">37<\/td>\n<td class=\"ap-StoryTable-td ap-StoryTable-cell\">817<\/td>\n<\/tr>\n<tr class=\"ap-StoryTable-tr\">\n<td class=\"ap-StoryTable-td ap-StoryTable-cell\">75<\/td>\n<td class=\"ap-StoryTable-td ap-StoryTable-cell\">3<\/td>\n<td class=\"ap-StoryTable-td ap-StoryTable-cell\">Marin \u010cili\u0107 (CRO)<\/td>\n<td class=\"ap-StoryTable-td ap-StoryTable-cell\">37<\/td>\n<td class=\"ap-StoryTable-td ap-StoryTable-cell\">765<\/td>\n<\/tr>\n<tr class=\"ap-StoryTable-tr\">\n<td class=\"ap-StoryTable-td ap-StoryTable-cell\">84<\/td>\n<td class=\"ap-StoryTable-td ap-StoryTable-cell\">21<\/td>\n<td class=\"ap-StoryTable-td ap-StoryTable-cell\">Jan-Lennard Struff (ALL)<\/td>\n<td class=\"ap-StoryTable-td ap-StoryTable-cell\">35<\/td>\n<td class=\"ap-StoryTable-td ap-StoryTable-cell\">711<\/td>\n<\/tr>\n<tr class=\"ap-StoryTable-tr\">\n<td class=\"ap-StoryTable-td ap-StoryTable-cell\">92<\/td>\n<td class=\"ap-StoryTable-td ap-StoryTable-cell\">9<\/td>\n<td class=\"ap-StoryTable-td ap-StoryTable-cell\">Roberto Bautista Agut (ESP)<\/td>\n<td class=\"ap-StoryTable-td ap-StoryTable-cell\">37<\/td>\n<td class=\"ap-StoryTable-td ap-StoryTable-cell\">670<\/td>\n<\/tr>\n<tr class=\"ap-StoryTable-tr\">\n<td class=\"ap-StoryTable-td ap-StoryTable-cell\"><b>119<\/b><\/td>\n<td class=\"ap-StoryTable-td ap-StoryTable-cell\"><b>7<\/b><\/td>\n<td class=\"ap-StoryTable-td ap-StoryTable-cell\"><b>David Goffin (BEL)<\/b><\/td>\n<td class=\"ap-StoryTable-td ap-StoryTable-cell\"><b>35<\/b><\/td>\n<td class=\"ap-StoryTable-td ap-StoryTable-cell\"><b>525<\/b><\/td>\n<\/tr>\n<tr class=\"ap-StoryTable-tr\">\n<td class=\"ap-StoryTable-td ap-StoryTable-cell\">120<\/td>\n<td class=\"ap-StoryTable-td ap-StoryTable-cell\">23<\/td>\n<td class=\"ap-StoryTable-td ap-StoryTable-cell\">Du\u0161an Lajovi\u0107 (SER)<\/td>\n<td class=\"ap-StoryTable-td ap-StoryTable-cell\">35<\/td>\n<td class=\"ap-StoryTable-td ap-StoryTable-cell\">519<\/td>\n<\/tr>\n<tr class=\"ap-StoryTable-tr\">\n<td class=\"ap-StoryTable-td ap-StoryTable-cell\">130<\/td>\n<td class=\"ap-StoryTable-td ap-StoryTable-cell\">112<\/td>\n<td class=\"ap-StoryTable-td ap-StoryTable-cell\">Marco Trungelliti (ARG)<\/td>\n<td class=\"ap-StoryTable-td ap-StoryTable-cell\">35<\/td>\n<td class=\"ap-StoryTable-td ap-StoryTable-cell\">474<\/td>\n<\/tr>\n<tr class=\"ap-StoryTable-tr\">\n<td class=\"ap-StoryTable-td ap-StoryTable-cell\">156<\/td>\n<td class=\"ap-StoryTable-td ap-StoryTable-cell\">4<\/td>\n<td class=\"ap-StoryTable-td ap-StoryTable-cell\">Kei Nishikori (JPN)<\/td>\n<td class=\"ap-StoryTable-td ap-StoryTable-cell\">35<\/td>\n<td class=\"ap-StoryTable-td ap-StoryTable-cell\">397<\/td>\n<\/tr>\n<tr class=\"ap-StoryTable-tr\">\n<td class=\"ap-StoryTable-td ap-StoryTable-cell\">157<\/td>\n<td class=\"ap-StoryTable-td ap-StoryTable-cell\">3<\/td>\n<td class=\"ap-StoryTable-td ap-StoryTable-cell\">Stan Wawrinka (SUI)<\/td>\n<td class=\"ap-StoryTable-td ap-StoryTable-cell\">40<\/td>\n<td class=\"ap-StoryTable-td ap-StoryTable-cell\">397<\/td>\n<\/tr>\n<tr class=\"ap-StoryTable-tr\">\n<td class=\"ap-StoryTable-td ap-StoryTable-cell\">186<\/td>\n<td class=\"ap-StoryTable-td ap-StoryTable-cell\">21<\/td>\n<td class=\"ap-StoryTable-td ap-StoryTable-cell\">Daniel Evans (G-B)<\/td>\n<td class=\"ap-StoryTable-td ap-StoryTable-cell\">35<\/td>\n<td class=\"ap-StoryTable-td ap-StoryTable-cell\">317<\/td>\n<\/tr>\n","protected":false},"excerpt":{"rendered":"Mais qui sont les autres v\u00e9t\u00e9rans du circuit ? En le comparant aux joueurs de 35 ans et&hellip;\n","protected":false},"author":2,"featured_media":585434,"comment_status":"","ping_status":"","sticky":false,"template":"","format":"standard","meta":{"footnotes":""},"categories":[1415],"tags":[69894,1011,27,1227,60,1467],"class_list":{"0":"post-585433","1":"post","2":"type-post","3":"status-publish","4":"format-standard","5":"has-post-thumbnail","7":"category-tennis","8":"tag-australian-tennis-open","9":"tag-fr","10":"tag-france","11":"tag-horizontal","12":"tag-sports","13":"tag-tennis"},"share_on_mastodon":{"url":"https:\/\/pubeurope.com\/@fr\/115681623387498085","error":""},"_links":{"self":[{"href":"https:\/\/www.europesays.com\/fr\/wp-json\/wp\/v2\/posts\/585433","targetHints":{"allow":["GET"]}}],"collection":[{"href":"https:\/\/www.europesays.com\/fr\/wp-json\/wp\/v2\/posts"}],"about":[{"href":"https:\/\/www.europesays.com\/fr\/wp-json\/wp\/v2\/types\/post"}],"author":[{"embeddable":true,"href":"https:\/\/www.europesays.com\/fr\/wp-json\/wp\/v2\/users\/2"}],"replies":[{"embeddable":true,"href":"https:\/\/www.europesays.com\/fr\/wp-json\/wp\/v2\/comments?post=585433"}],"version-history":[{"count":0,"href":"https:\/\/www.europesays.com\/fr\/wp-json\/wp\/v2\/posts\/585433\/revisions"}],"wp:featuredmedia":[{"embeddable":true,"href":"https:\/\/www.europesays.com\/fr\/wp-json\/wp\/v2\/media\/585434"}],"wp:attachment":[{"href":"https:\/\/www.europesays.com\/fr\/wp-json\/wp\/v2\/media?parent=585433"}],"wp:term":[{"taxonomy":"category","embeddable":true,"href":"https:\/\/www.europesays.com\/fr\/wp-json\/wp\/v2\/categories?post=585433"},{"taxonomy":"post_tag","embeddable":true,"href":"https:\/\/www.europesays.com\/fr\/wp-json\/wp\/v2\/tags?post=585433"}],"curies":[{"name":"wp","href":"https:\/\/api.w.org\/{rel}","templated":true}]}}