{"id":585435,"date":"2025-12-08T02:40:23","date_gmt":"2025-12-08T02:40:23","guid":{"rendered":"https:\/\/www.europesays.com\/fr\/585435\/"},"modified":"2025-12-08T02:40:23","modified_gmt":"2025-12-08T02:40:23","slug":"bazouges-7-decembre-2025-classement-de-cyclo-cross-velopressecollection","status":"publish","type":"post","link":"https:\/\/www.europesays.com\/fr\/585435\/","title":{"rendered":"Bazouges 7 d\u00e9cembre 2025 classement de cyclo-cross &#8211; Velopressecollection"},"content":{"rendered":"<ol>\n<li><a href=\"https:\/\/news.google.com\/rss\/articles\/CBMiygFBVV95cUxQU01OamZMZS1JTU5ST3hnMVFIcll2WHlFNVVuazhacUJtbGFSYTluUUFYWkJmQUp6cUFGcHJ6SkNzTF9tcmlVN2djYmpwNGVKbWdiS3hZRk9DWkdLUHRhSW01TDdDZWl0dzV2NXVNcmZYVFRPWUUxVy1odWFGMUN6U1JVMnU5LTl3cHZuY0hqMER2LVRhc1VrWDgwOU5pVHNYRXdzdXpKUkZvZEg2dmpCbGhybWVBYmdGUGdiVVRWUWVwQnk5bmhjV19n?oc=5\" target=\"_blank\" rel=\"noopener\">Bazouges 7 d\u00e9cembre 2025 classement de cyclo-cross<\/a>&nbsp;&nbsp;Velopressecollection<\/li>\n<li><a href=\"https:\/\/news.google.com\/rss\/articles\/CBMi9wFBVV95cUxOOG5sdFRDQ1JTX0J5cjV1X2FCTVM1VmJWVGtXRWdpcGYyV1NndDRwZ1VDcXFMLUZDOG11WDdtRmNyeE5kZ2xPU0gwVEpmX1k5YUVVVTlLTzNpYllqRDVObWpaTzRsck5HUG9ZR0NJU0ZZcDJlN0JRU3R6XzE1YVlMUmp5X0hFRmZWb3hXaHFhTXp5Z1RQRnB0TS1lNUZqM2NWbmluaFQ3WThEUi02c0FTM3ZScm1UZDUweWlyVVlJVEhyRFUzM3plSGxYSURTQWFJT0NUQW8xakpTR3ltYjBKYkpMNUNYS0FUdTFyelVZSExtTnBGczdJ?oc=5\" target=\"_blank\" rel=\"noopener\">Cyclo-cross. Soan Ruesche gagne le mano-\u00e0-mano avec Hugo Mulon \u00e0 Bazouges<\/a>&nbsp;&nbsp;Ouest-France<\/li>\n<li><a href=\"https:\/\/news.google.com\/rss\/articles\/CBMirwFBVV95cUxPR18wV0I2NktIOVBKRU4zU3JyN0RzVjZHbzlTZEMzZ2p0WlEwbTEwLXVGVm0yZVk4WjZQSnVScm9qSG1KUEZhZzNlQ0dTWXlfRmVkZDFEcjZPMnI2cmg0SVRPYURfbTh1ZEEzdHdTV3h0dXhDR1JuOExobU9Rc3Y5OXc5bUtlV3R5dmRJZXJndGxjRG41RnVJZkZGYW9xLVVSbHRoNXZBVjh4aUU5Y21J?oc=5\" target=\"_blank\" rel=\"noopener\">Cyclo-cross : \u00e0 Valognes, un avant-go\u00fbt du championnat de Normandie<\/a>&nbsp;&nbsp;Actu.fr<\/li>\n<li><a href=\"https:\/\/news.google.com\/rss\/articles\/CBMimAJBVV95cUxPaTZTSjRQNEVaT0pYSGdGMEZERFpjNDRJTkh3ZVNhYWhkb05nSGVDN2pFcTI5alVGNGFLNGo2ZW1oU3c4Sk04THRZWjBGVVMzNmJTR0ZJRHNES3dfckQ4VGhlcjZURHNZY0FIRGotdzg0Wm85bVZWRFcwVlJvZHhjRUVsTjdWcDNWaE1ocDJWR1Y2c2R1YTB6cDZQWW9lQW03YzY3R0gtQkhCaG42N3didUY4RGRXeldGZWF1UW5HUjZQWTJfRlRheDVaZXJOZFdCTFZtb0pVMndnTWpNUFliT1FtZlhmX2RaNFBvRGxiYUljdW84QzJzbmRJVTlGTExLckY3YTF4bUtkMFVHVmZSRzE3NWdVVTMx?oc=5\" target=\"_blank\" rel=\"noopener\">Cyclo-cross. Th\u00e9o Gu\u00e9ret va rouler sur ses terres en cl\u00f4ture du Challenge Eric Duchemin Assurances<\/a>&nbsp;&nbsp;Ouest-France<\/li>\n<li><a href=\"https:\/\/news.google.com\/rss\/articles\/CBMixgFBVV95cUxNTHY2bGE4VTBWYTkxVmh2dXY2LUFDZVVjWUZ3bUtldWpyZ0l0b21fTmMtczB6clU1ckNLcXJuTmU4NzhUdlhwVENvbF9OWnIzT1FrOVhvZlpYOER4VjBLbXZZa05HNkNUclQyTXh0R3FpcjcyN1hYeVNFclJueFk3bnl0clZUTkdrdTFuTS0tel9MVUlMdUltY1U0TkU5NDhIVFNtVG9NMXMzNzdXeVB0Vm1DcGgzWVR5ZGhucE11WFlkaFNZd1E?oc=5\" target=\"_blank\" rel=\"noopener\">Valognes 7 d\u00e9cembre 2025 les engag\u00e9s de cyclo-cross<\/a>&nbsp;&nbsp;Velopressecollection<\/li>\n<\/ol>\n","protected":false},"excerpt":{"rendered":"Bazouges 7 d\u00e9cembre 2025 classement de cyclo-cross&nbsp;&nbsp;Velopressecollection Cyclo-cross. Soan Ruesche gagne le mano-\u00e0-mano avec Hugo Mulon \u00e0 Bazouges&nbsp;&nbsp;Ouest-France&hellip;\n","protected":false},"author":2,"featured_media":585436,"comment_status":"","ping_status":"","sticky":false,"template":"","format":"standard","meta":{"footnotes":""},"categories":[1411],"tags":[1154,207,1011,27,60],"class_list":{"0":"post-585435","1":"post","2":"type-post","3":"status-publish","4":"format-standard","5":"has-post-thumbnail","7":"category-cyclisme","8":"tag-cycling","9":"tag-cyclisme","10":"tag-fr","11":"tag-france","12":"tag-sports"},"share_on_mastodon":{"url":"https:\/\/pubeurope.com\/@fr\/115681638798452010","error":""},"_links":{"self":[{"href":"https:\/\/www.europesays.com\/fr\/wp-json\/wp\/v2\/posts\/585435","targetHints":{"allow":["GET"]}}],"collection":[{"href":"https:\/\/www.europesays.com\/fr\/wp-json\/wp\/v2\/posts"}],"about":[{"href":"https:\/\/www.europesays.com\/fr\/wp-json\/wp\/v2\/types\/post"}],"author":[{"embeddable":true,"href":"https:\/\/www.europesays.com\/fr\/wp-json\/wp\/v2\/users\/2"}],"replies":[{"embeddable":true,"href":"https:\/\/www.europesays.com\/fr\/wp-json\/wp\/v2\/comments?post=585435"}],"version-history":[{"count":0,"href":"https:\/\/www.europesays.com\/fr\/wp-json\/wp\/v2\/posts\/585435\/revisions"}],"wp:featuredmedia":[{"embeddable":true,"href":"https:\/\/www.europesays.com\/fr\/wp-json\/wp\/v2\/media\/585436"}],"wp:attachment":[{"href":"https:\/\/www.europesays.com\/fr\/wp-json\/wp\/v2\/media?parent=585435"}],"wp:term":[{"taxonomy":"category","embeddable":true,"href":"https:\/\/www.europesays.com\/fr\/wp-json\/wp\/v2\/categories?post=585435"},{"taxonomy":"post_tag","embeddable":true,"href":"https:\/\/www.europesays.com\/fr\/wp-json\/wp\/v2\/tags?post=585435"}],"curies":[{"name":"wp","href":"https:\/\/api.w.org\/{rel}","templated":true}]}}