{"id":585439,"date":"2025-12-08T02:42:16","date_gmt":"2025-12-08T02:42:16","guid":{"rendered":"https:\/\/www.europesays.com\/fr\/585439\/"},"modified":"2025-12-08T02:42:16","modified_gmt":"2025-12-08T02:42:16","slug":"linda-evangelista-vend-son-incroyable-penthouse-de-chelsea","status":"publish","type":"post","link":"https:\/\/www.europesays.com\/fr\/585439\/","title":{"rendered":"Linda Evangelista vend son incroyable penthouse de Chelsea"},"content":{"rendered":"<p>Dans les ann\u00e9es 90, le visage de <strong>Linda<br \/>\nEvangelista<\/strong> \u00e9tait partout, des podiums aux campagnes de<br \/>\nluxe. Aujourd\u00a0\u00bbhui, l&rsquo;ex-supermodel refait parler d&rsquo;elle pour une<br \/>\nautre raison : elle a d\u00e9cid\u00e9 de se s\u00e9parer de son incroyable refuge<br \/>\nnew-yorkais, un immense penthouse perch\u00e9 au sommet d&rsquo;un ancien<br \/>\nentrep\u00f4t de Chelsea, transform\u00e9 en r\u00e9sidence de standing.<\/p>\n<p>Ce bien rare, install\u00e9 dans le Spears Building, offre environ<br \/>\n<strong>375 m\u00b2<\/strong> de surface int\u00e9rieure et pr\u00e8s de<br \/>\n<strong>230 m\u00b2 de terrasse<\/strong> priv\u00e9e, avec une vue d\u00e9gag\u00e9e<br \/>\nsur Manhattan, la High Line et l&rsquo;Hudson. Il est actuellement<br \/>\npropos\u00e9 autour de 8 195 000 dollars, soit environ <strong>7,3<br \/>\nmillions d&rsquo;euros<\/strong>, une somme qui fait tourner la t\u00eate mais<br \/>\nqui intrigue aussi les amateurs d&rsquo;immobilier de star.<\/p>\n<p>Linda Evangelista : une maison \u00e0 New York pens\u00e9e comme un loft<br \/>\nde mannequin<\/p>\n<p>Ce <a href=\"https:\/\/www.lejournaldelamaison.fr\/le-journal-de-la-maison\/reportages-maisons\/tom-cruise-penthouse-clearwater-scientologie-319431.html\" target=\"_blank\" rel=\"noopener\"><br \/>\n<strong>penthouse de New York<\/strong><\/a> occupe l&rsquo;un des derniers<br \/>\n\u00e9tages du Spears Building, un imposant batiment industriel de West<br \/>\nChelsea reconverti en appartements de luxe en 1996. Derri\u00e8re la<br \/>\nfa\u00e7ade de briques, on trouve un vaste loft de 4 chambres et 2<br \/>\nsalles de bain, vendu autour de 22 080 euros le m\u00b2, alors que<br \/>\ncertains penthouses voisins s&rsquo;arrachent \u00e0 plus de 50 000 euros le<br \/>\nm\u00b2. Linda Evangelista l&rsquo;a achet\u00e9 en 2001 pour environ 1,2 million<br \/>\nd&rsquo;euros et y a v\u00e9cu plus de vingt ans.<\/p>\n<p>Ce lieu accompagne toute l&rsquo;histoire de la supermodel<br \/>\n<strong>canadienne,<\/strong> devenue ic\u00f4ne mondiale avec le quatuor<br \/>\nde top <strong>des ann\u00e9es 90<\/strong> c\u00e9l\u00e9br\u00e9 dans le documentaire<br \/>\nThe Super Models sur Apple TV+. On se souvient de sa<br \/>\nphrase culte : \u00ab\u00a0On ne se r\u00e9veille jamais avec moins de 10 000<br \/>\ndollars par jour.\u00a0\u00bb Linda Evangelista l&rsquo;a martel\u00e9 \u00e0 l&rsquo;\u00e9poque, cit\u00e9e<br \/>\npar Marie France. Dans ce penthouse ont aussi d\u00e9fil\u00e9 ses<br \/>\njoies et ses \u00e9preuves personnelles, de son mariage avec G\u00e9rald<br \/>\nMarie \u00e0 la naissance de son fils Augustin James, qu&rsquo;elle a eu avec<br \/>\n<strong>Fran\u00e7ois-Henri Pinault.<\/strong><\/p>\n<p>\u00c0 l&rsquo;int\u00e9rieur du penthouse de Linda Evangelista : noir et blanc<br \/>\net lumi\u00e8re<\/p>\n<p>Une fois la porte franchie, l&rsquo;ambiance est celle d&rsquo;un<br \/>\n<strong>loft industriel chic<\/strong>. Les sols en b\u00e9ton poli, les<br \/>\nmurs en briques apparentes et les plafonds qui montent jusqu&rsquo;\u00e0 pr\u00e8s<br \/>\nde 4 m\u00e8tres donnent le ton. La grande pi\u00e8ce de vie, baign\u00e9e de<br \/>\nlumi\u00e8re gr\u00e2ce \u00e0 de multiples puits z\u00e9nithaux et de larges fen\u00eatres,<br \/>\nse structure autour d&rsquo;une chemin\u00e9e \u00e0 bois et d&rsquo;un salon monochrome<br \/>\no\u00f9 dominent les blancs lumineux, relev\u00e9s par quelques touches de<br \/>\nnoir.<\/p>\n<ul>\n<li>Un espace de vie de pr\u00e8s de 375 m\u00b2 avec briques apparentes et<br \/>\nb\u00e9ton poli.<\/li>\n<li>Une hauteur sous plafond pouvant atteindre 4 m\u00e8tres dans<br \/>\ncertaines zones.<\/li>\n<li>4 chambres, 2 salles de bain et une suite parentale tourn\u00e9e<br \/>\nvers la High Line.<\/li>\n<li>Une terrasse priv\u00e9e d&rsquo;environ 230 m\u00b2 sur les toits de<br \/>\nChelsea.<\/li>\n<\/ul>\n<p>La d\u00e9coration joue la carte du noir et blanc r\u00e9chauff\u00e9 par les<br \/>\nmati\u00e8res : grand canap\u00e9 blanc, fauteuils duveteux, bois chaud sur<br \/>\nla <a href=\"https:\/\/www.lejournaldelamaison.fr\/maison\/si-votre-salle-a-manger-parait-froide-cest-souvent-ce-detail-au-sol-qui-gache-tout-et-ce-tapis-malin-regle-le-probleme-529120.html\" target=\"_blank\" rel=\"noopener\"><br \/>\ntable de la salle \u00e0 manger<\/a>, rotin dans le coin repas<br \/>\nsecondaire. Un bureau est am\u00e9nag\u00e9 dans une niche au style presque<br \/>\nart d\u00e9co, avec un bureau blanc aux lignes ondul\u00e9es devant des murs<br \/>\nhabill\u00e9s de pierre. La cuisine m\u00eale briques apparentes, plan de<br \/>\ntravail en bois type butcher block et \u00e9lectrom\u00e9nager haut de gamme,<br \/>\ndont un r\u00e9frig\u00e9rateur Sub-Zero, pour un rendu \u00e0 la fois brut et<br \/>\nsophistiqu\u00e9, presque spectacualaire.<\/p>\n<p>Pourquoi Linda Evangelista tourne une<br \/>\npage avec ce penthouse de New York<\/p>\n<p>La mise en vente de cette <strong>maison de star \u00e0 New<br \/>\nYork<\/strong> intervient apr\u00e8s des ann\u00e9es compliqu\u00e9es pour Linda<br \/>\nEvangelista. Elle a racont\u00e9 avoir \u00e9t\u00e9 marqu\u00e9e par un traitement de<br \/>\ncryolipolyse CoolSculpting qui a modifi\u00e9 son visage et son corps,<br \/>\navant de r\u00e9v\u00e9ler avoir affront\u00e9 un cancer du sein \u00e0 deux reprises.<br \/>\nCes derni\u00e8res ann\u00e9es, elle a peu \u00e0 peu repris la parole et pos\u00e9 \u00e0<br \/>\nnouveau, y compris pour des campagnes de mode, pour reprendre la<br \/>\nmain sur son image.<\/p>\n<p>Dans ce contexte, se s\u00e9parer de ce <a href=\"https:\/\/www.lejournaldelamaison.fr\/le-journal-de-la-maison\/reportages-maisons\/appartements\/cyril-hanouna-penthouse-new-york-nouvelle-emission-septembre-486227.html\" target=\"_blank\" rel=\"noopener\"><br \/>\npenthouse<\/a> de Chelsea ressemble \u00e0 une nouvelle \u00e9tape dans sa<br \/>\nvie. L&rsquo;appartement offre au futur acheteur un m\u00e9lange rare : l&rsquo;aura<br \/>\nd&rsquo;un bien ayant appartenu \u00e0 l&rsquo;une des supermodels les plus<br \/>\nc\u00e9l\u00e8bres, une adresse recherch\u00e9e \u00e0 deux pas de la High Line et de<br \/>\nl&rsquo;Hudson, des services haut de gamme avec portier et espaces<br \/>\ncommuns sur le toit, sans oublier la grande terrasse priv\u00e9e o\u00f9 l&rsquo;on<br \/>\npeut d\u00eener face au skyline. Reste \u00e0 savoir qui marchera bient\u00f4t sur<br \/>\nle b\u00e9ton poli qui a longtemps servi de d\u00e9cor au quotidien de Linda<br \/>\nEvangelista.<\/p>\n","protected":false},"excerpt":{"rendered":"Dans les ann\u00e9es 90, le visage de Linda Evangelista \u00e9tait partout, des podiums aux campagnes de luxe. Aujourd\u00a0\u00bbhui,&hellip;\n","protected":false},"author":2,"featured_media":585440,"comment_status":"","ping_status":"","sticky":false,"template":"","format":"standard","meta":{"footnotes":""},"categories":[1359],"tags":[15540,3396,31051,11871,1805,58,59,69896,1011,27,28488,69895,29796,69898,69897,973,58548,14288,3711,12860,16963],"class_list":{"0":"post-585439","1":"post","2":"type-post","3":"status-publish","4":"format-standard","5":"has-post-thumbnail","7":"category-people","8":"tag-15540","9":"tag-avec","10":"tag-chambres","11":"tag-chelsea","12":"tag-de","13":"tag-divertissement","14":"tag-entertainment","15":"tag-evangelista","16":"tag-fr","17":"tag-france","18":"tag-incroyable","19":"tag-linda","20":"tag-metres","21":"tag-parentales","22":"tag-penthouse","23":"tag-people","24":"tag-plafonds","25":"tag-privee","26":"tag-son","27":"tag-suites","28":"tag-terrasse"},"share_on_mastodon":{"url":"https:\/\/pubeurope.com\/@fr\/115681646565088487","error":""},"_links":{"self":[{"href":"https:\/\/www.europesays.com\/fr\/wp-json\/wp\/v2\/posts\/585439","targetHints":{"allow":["GET"]}}],"collection":[{"href":"https:\/\/www.europesays.com\/fr\/wp-json\/wp\/v2\/posts"}],"about":[{"href":"https:\/\/www.europesays.com\/fr\/wp-json\/wp\/v2\/types\/post"}],"author":[{"embeddable":true,"href":"https:\/\/www.europesays.com\/fr\/wp-json\/wp\/v2\/users\/2"}],"replies":[{"embeddable":true,"href":"https:\/\/www.europesays.com\/fr\/wp-json\/wp\/v2\/comments?post=585439"}],"version-history":[{"count":0,"href":"https:\/\/www.europesays.com\/fr\/wp-json\/wp\/v2\/posts\/585439\/revisions"}],"wp:featuredmedia":[{"embeddable":true,"href":"https:\/\/www.europesays.com\/fr\/wp-json\/wp\/v2\/media\/585440"}],"wp:attachment":[{"href":"https:\/\/www.europesays.com\/fr\/wp-json\/wp\/v2\/media?parent=585439"}],"wp:term":[{"taxonomy":"category","embeddable":true,"href":"https:\/\/www.europesays.com\/fr\/wp-json\/wp\/v2\/categories?post=585439"},{"taxonomy":"post_tag","embeddable":true,"href":"https:\/\/www.europesays.com\/fr\/wp-json\/wp\/v2\/tags?post=585439"}],"curies":[{"name":"wp","href":"https:\/\/api.w.org\/{rel}","templated":true}]}}