{"id":585443,"date":"2025-12-08T02:45:22","date_gmt":"2025-12-08T02:45:22","guid":{"rendered":"https:\/\/www.europesays.com\/fr\/585443\/"},"modified":"2025-12-08T02:45:22","modified_gmt":"2025-12-08T02:45:22","slug":"programme-tv-le-regne-animal-noel-joyeux-que-regarder-a-la-tele-ce-soir","status":"publish","type":"post","link":"https:\/\/www.europesays.com\/fr\/585443\/","title":{"rendered":"Programme TV : Le r\u00e8gne animal, No\u00ebl Joyeux\u2026 que regarder \u00e0 la t\u00e9l\u00e9 ce soir ?"},"content":{"rendered":"<p>                    <a id=\"eztoc103368990_0_1\"\/>Le film fantastique Le r\u00e8gne animal, est \u00e0 suivre \u00e0 21h10 sur France 2<\/p>\n<p>Dans le monde entier, une \u00e9trange \u00e9pid\u00e9mie de mutations transforme les humains infect\u00e9s en animaux indomptables. La science dispose de peu d&rsquo;informations sur ce ph\u00e9nom\u00e8ne mais tente n\u00e9anmoins de rassurer la population, sans grand succ\u00e8s face \u00e0 la multiplication des cas. Fran\u00e7ois en fait la malheureuse exp\u00e9rience lorsque Lana, son \u00e9pouse, est contamin\u00e9e par ce virus. Celle-ci est alors intern\u00e9e dans un institut sp\u00e9cialis\u00e9 \u00e0 l&rsquo;autre bout de la France. Avec Emile, son fils adolescent, Fran\u00e7ois trouve du travaille dans les environs et s&rsquo;installe pr\u00e8s du centre&#8230;<\/p>\n<p><a id=\"eztoc103368990_0_2\"\/>TF1 programme \u00e0 21h10, la com\u00e9die No\u00ebl Joyeux<\/p>\n<p>Alors que les pr\u00e9paratifs pour le r\u00e9veillon de No\u00ebl battent leur plein, Vincent apprend avec d\u00e9sarroi que ses enfants ne pourront finalement pas \u00eatre pr\u00e9sents. Peu motiv\u00e9 \u00e0 l&rsquo;id\u00e9e de c\u00e9l\u00e9brer No\u00ebl en t\u00eate-\u00e0-t\u00eate avec son \u00e9pouse, B\u00e9atrice, il pense trouver la parade parfaite lorsque le pr\u00eatre de sa paroisse sugg\u00e8re \u00e0 ses ouailles de faire un beau geste en invitant des personnes esseul\u00e9es \u00e0 venir partager avec eux cette occasion sp\u00e9ciale. Ni une ni deux, Vincent se rend dans une maison de retraite o\u00f9 il rencontre Monique, une pensionnaire qui lui para\u00eet \u00eatre la candidate id\u00e9ale. Malheureusement, son choix se r\u00e9v\u00e8le vite peu judicieux&#8230;<\/p>\n<p><a id=\"eztoc103368990_0_3\"\/>M6 mise \u00e0 21h10 sur le magazine Zone interdite<\/p>\n<p>La p\u00e9riode des f\u00eates de fin d\u2019ann\u00e9e est souvent synonyme d\u2019achats de cadeaux. Mais certains produits ne pr\u00e9sentent pas la qualit\u00e9 attendue. Ainsi, le saumon est un ind\u00e9modable. Mais la plupart des poissons vendus dans l\u2019Hexagone proviennent de l\u2019\u00e9tranger o\u00f9 les conditions d\u2019\u00e9levage et les conditions sanitaires laissent \u00e0 d\u00e9sirer. Les chaussures et le textile sont \u00e9galement pris\u00e9s pour les f\u00eates. Mais l\u00e0 aussi, cette fili\u00e8re est gangr\u00e9n\u00e9e par des produits de contrefa\u00e7ons et des ateliers clandestins qui surfent sur les modes et le pouvoir d\u2019achat en baisse. En Chine par exemple, la ville de Yiwu s\u2019est sp\u00e9cialis\u00e9e dans les ateliers de jouets \u00e0 bas prix mais souvent au d\u00e9triment de la qualit\u00e9.\u00a0<\/p>\n<p><a id=\"eztoc103368990_0_4\"\/>On ach\u00e8ve cette s\u00e9lection avec, et le film policier Thomas Crown\u00a0\u00e0 21h00 Arte<\/p>\n<p>Une jeune d\u00e9tective, travaillant pour une compagnie d\u2019assurances, tente de confondre un milliardaire qu\u2019elle soup\u00e7onne d\u2019avoir d\u00e9rob\u00e9 une toile de Monet\u2026 John McTiernan signe un film subtil et d\u2019une rare \u00e9l\u00e9gance qui dose savamment humour, suspense et romance.\n            <\/p>\n","protected":false},"excerpt":{"rendered":"Le film fantastique Le r\u00e8gne animal, est \u00e0 suivre \u00e0 21h10 sur France 2 Dans le monde entier,&hellip;\n","protected":false},"author":2,"featured_media":585444,"comment_status":"","ping_status":"","sticky":false,"template":"","format":"standard","meta":{"footnotes":""},"categories":[1356],"tags":[58,59,1011,27,252,1364],"class_list":{"0":"post-585443","1":"post","2":"type-post","3":"status-publish","4":"format-standard","5":"has-post-thumbnail","7":"category-television","8":"tag-divertissement","9":"tag-entertainment","10":"tag-fr","11":"tag-france","12":"tag-television","13":"tag-tv"},"share_on_mastodon":{"url":"https:\/\/pubeurope.com\/@fr\/115681658452093867","error":""},"_links":{"self":[{"href":"https:\/\/www.europesays.com\/fr\/wp-json\/wp\/v2\/posts\/585443","targetHints":{"allow":["GET"]}}],"collection":[{"href":"https:\/\/www.europesays.com\/fr\/wp-json\/wp\/v2\/posts"}],"about":[{"href":"https:\/\/www.europesays.com\/fr\/wp-json\/wp\/v2\/types\/post"}],"author":[{"embeddable":true,"href":"https:\/\/www.europesays.com\/fr\/wp-json\/wp\/v2\/users\/2"}],"replies":[{"embeddable":true,"href":"https:\/\/www.europesays.com\/fr\/wp-json\/wp\/v2\/comments?post=585443"}],"version-history":[{"count":0,"href":"https:\/\/www.europesays.com\/fr\/wp-json\/wp\/v2\/posts\/585443\/revisions"}],"wp:featuredmedia":[{"embeddable":true,"href":"https:\/\/www.europesays.com\/fr\/wp-json\/wp\/v2\/media\/585444"}],"wp:attachment":[{"href":"https:\/\/www.europesays.com\/fr\/wp-json\/wp\/v2\/media?parent=585443"}],"wp:term":[{"taxonomy":"category","embeddable":true,"href":"https:\/\/www.europesays.com\/fr\/wp-json\/wp\/v2\/categories?post=585443"},{"taxonomy":"post_tag","embeddable":true,"href":"https:\/\/www.europesays.com\/fr\/wp-json\/wp\/v2\/tags?post=585443"}],"curies":[{"name":"wp","href":"https:\/\/api.w.org\/{rel}","templated":true}]}}