{"id":585445,"date":"2025-12-08T02:46:19","date_gmt":"2025-12-08T02:46:19","guid":{"rendered":"https:\/\/www.europesays.com\/fr\/585445\/"},"modified":"2025-12-08T02:46:19","modified_gmt":"2025-12-08T02:46:19","slug":"pourquoi-les-mots-de-rm-sur-la-dissolution-de-bts-ont-cree-une-telle-controverse-en-coree-du-sud","status":"publish","type":"post","link":"https:\/\/www.europesays.com\/fr\/585445\/","title":{"rendered":"Pourquoi les mots de RM sur la dissolution de BTS ont cr\u00e9\u00e9 une telle controverse en Cor\u00e9e du Sud"},"content":{"rendered":"<p>Les communaut\u00e9s en ligne ont vivement r\u00e9agi apr\u00e8s que RM a \u00e9voqu\u00e9, une nouvelle fois, la possible s\u00e9paration de BTS. Lors de son live du 6 d\u00e9cembre,<a href=\"https:\/\/altselection.ouest-france.fr\/rm-avoue-que-bts-a-pense-a-se-separer-en-2025-les-fans-en-panique\/\" target=\"_blank\" rel=\"noopener\"> il a avou\u00e9 avoir \u201cpens\u00e9 des milliers de fois\u201d \u00e0 la dissolution du groupe<\/a>, expliquant qu\u2019il s\u2019\u00e9tait longtemps demand\u00e9 s\u2019il \u00e9tait \u201cpr\u00e9f\u00e9rable de continuer ou d\u2019arr\u00eater BTS\u201d.<\/p>\n<p>En quelques heures, ses propos ont enflamm\u00e9 plusieurs communaut\u00e9s en ligne cor\u00e9ennes, plusieurs posts ont recueilli plus de 1000 commentaires et des centaines de milliers de vues. Une partie des internautes cor\u00e9ens n\u2019a pas du tout appr\u00e9ci\u00e9 la fa\u00e7on dont RM a abord\u00e9 le sujet.<\/p>\n<p><img loading=\"lazy\" decoding=\"async\" width=\"1289\" height=\"1510\" src=\"https:\/\/www.europesays.com\/fr\/wp-content\/uploads\/2025\/12\/Je-ne-peux-plus-representer-le-groupe-les-propos-de-RM-que-les-fans-relient-a-Jungkook.jpeg\" alt=\"Pourquoi les mots de RM sur la dissolution de BTS ont cr\u00e9\u00e9 une telle controverse en Cor\u00e9e du Sud\" class=\"wp-image-283013\" title=\"Pourquoi les mots de RM sur la dissolution de BTS ont cr\u00e9\u00e9 une telle controverse en Cor\u00e9e du Sud\"  \/>Ce que RM a r\u00e9ellement dit pendant le live<\/p>\n<p>Pendant ce live, RM a reconnu qu\u2019il avait vacill\u00e9 \u00e0 plusieurs reprises sur la question de la continuit\u00e9 de BTS :<\/p>\n<blockquote class=\"wp-block-quote is-layout-flow wp-block-quote-is-layout-flow\">\n<p>\u00ab Il y a eu de nombreux moments o\u00f9 l\u2019\u00e9quipe aurait pu s\u2019arr\u00eater. \u2018Est-ce qu\u2019on doit se s\u00e9parer ? Est-ce qu\u2019on doit arr\u00eater ?\u2019 J\u2019ai tourn\u00e9 cette question dans ma t\u00eate d\u2019innombrables fois. Malgr\u00e9 \u00e7a, je suis reconnaissant qu\u2019on soit toujours ensemble. \u00bb<\/p>\n<\/blockquote>\n<p>Il a aussi \u00e9voqu\u00e9 l\u2019ann\u00e9e 2025, marqu\u00e9e par un \u201ccreux\u201d d\u2019activit\u00e9s visibles :<\/p>\n<blockquote class=\"wp-block-quote is-layout-flow wp-block-quote-is-layout-flow\">\n<p>\u00ab Les gens demandent pourquoi nous n\u2019avons rien fait au second semestre. Nous non plus, nous ne voulions pas le gaspiller. Mais il y a des choses que je ne peux pas d\u00e9voiler. \u00bb<\/p>\n<\/blockquote>\n<p>Concernant l\u2019avenir, RM a tent\u00e9 de rassurer :<\/p>\n<blockquote class=\"wp-block-quote is-layout-flow wp-block-quote-is-layout-flow\">\n<p>\u00ab L\u2019album est presque termin\u00e9, on s\u2019entra\u00eene tous les jours. Mais notre agence est cot\u00e9e en bourse, il y a beaucoup de choses confidentielles, je ne peux pas tout annoncer librement. \u00bb<\/p>\n<\/blockquote>\n<p>Et il a conclu avec un message tr\u00e8s humain aux fans :<\/p>\n<blockquote class=\"wp-block-quote is-layout-flow wp-block-quote-is-layout-flow\">\n<p>\u00ab Je suis un humain, donc je ferai des erreurs, et parfois je ne serai pas \u00e0 la hauteur de vos attentes. Tout le monde a des inqui\u00e9tudes, mais au final, il faut continuer \u00e0 avancer. \u00bb<\/p>\n<\/blockquote>\n<p>Beaucoup de commentaires ont exprim\u00e9 d\u2019abord de la peine envers les fans du groupe de K-pop :<\/p>\n<p><img loading=\"lazy\" decoding=\"async\" width=\"411\" height=\"699\" src=\"https:\/\/www.europesays.com\/fr\/wp-content\/uploads\/2025\/12\/RM-avoue-que-BTS-a-pense-a-se-separer-en-2025-les-fans-en-panique-3333.webp.webp\" alt=\"Pourquoi les mots de RM sur la dissolution de BTS ont cr\u00e9\u00e9 une telle controverse en Cor\u00e9e du Sud\" class=\"wp-image-283020\" title=\"Pourquoi les mots de RM sur la dissolution de BTS ont cr\u00e9\u00e9 une telle controverse en Cor\u00e9e du Sud\"\/><\/p>\n<ul class=\"wp-block-list\">\n<li>\u00ab Ils sont en hiatus depuis plusieurs ann\u00e9es. Parler de s\u00e9paration aussi l\u00e9g\u00e8rement, c\u2019est un manque de respect pour les fans qui ont attendu. \u00bb<\/li>\n<li>\u00ab Est-ce vraiment quelque chose \u00e0 dire \u00e0 des fans qui ont patient\u00e9 pendant leur pause qui a dur\u00e9 2 ans ? S\u00e9parez-vous et partez \u00e0 la retraite, alors. \u00bb<\/li>\n<li>\u00ab Peu importe comment je tourne \u00e7a, parler de s\u00e9paration comme \u00e7a, ce n\u2019\u00e9tait pas le bon choix. \u00bb<\/li>\n<li>\u00ab Entendre un idol encore en activit\u00e9 parler de s\u00e9paration, c\u2019est choquant\u2026 Pourquoi revenir l\u00e0-dessus tout le temps ? \u00bb<\/li>\n<li>\u00ab Entendre un membre prononcer le mot \u2018s\u00e9paration\u2019, \u00e7a ressemble \u00e0 une menace. \u00bb<\/li>\n<\/ul>\n<p>D\u2019autres ont vis\u00e9 directement le jugement de RM, allant jusqu\u2019\u00e1  parler de manipulation \u00e9motionnelle   :<\/p>\n<ul class=\"wp-block-list\">\n<li>\u00ab Son commentaire, c\u2019est comme une menace implicite : \u2018Regardez \u00e0 quel point je r\u00e9fl\u00e9chis s\u00e9rieusement \u00e0 \u00e7a, alors arr\u00eatez vos critiques.\u2019 C\u2019est du gaslighting. Si tu veux le faire, fais-le. \u00bb<\/li>\n<li>\u00ab C\u2019est comme un enfant qui dit \u00e0 sa m\u00e8re : \u2018Si tu continues \u00e0 me saouler, je n\u2019irai pas \u00e0 la fac.\u2019 \u00c7a sonne comme une menace. \u00bb<\/li>\n<li>\u00ab Parler de dissolution d\u2019un groupe, \u00e7a devrait \u00eatre aussi s\u00e9rieux que parler de divorce dans un mariage. \u00bb<\/li>\n<li>\u00ab Il donne vraiment l\u2019impression de culpabiliser les autres. \u00bb<\/li>\n<li>\u00ab \u2018Gaslighting de s\u00e9paration\u2019 \u00e0 son comble. Maintenant, quoi qu\u2019il arrive, on dira que c\u2019est la faute des fans. \u00bb<\/li>\n<li>\u00ab Ils manipulent les fans depuis longtemps, mais \u00e7a ne marche plus, non ? \u00bb<\/li>\n<li>\u00ab Au lieu de dire \u2018On va travailler plus dur\u2019 comme avant, maintenant ils balancent des menaces. Tr\u00e8s bien, allez, sortez avec qui vous voulez. \u00bb<\/li>\n<li>\u00ab Gaslighter les fans pour qu\u2019ils restent dans le fandom, \u00e7a ne marche plus. \u00bb<\/li>\n<li>\u00ab Qu\u2019ils se s\u00e9parent et prennent leur retraite. \u00bb<\/li>\n<li>\u00ab \u2018S\u00e9parez-vous\u2019, je suis fatigu\u00e9e d\u2019entendre \u00e7a tout le temps. \u00bb<\/li>\n<li>\u00ab Il est vraiment imprudent, qu\u2019ils se s\u00e9parent d\u00e9j\u00e0. De toute fa\u00e7on, le fandom ne tient plus que gr\u00e2ce aux fans solo de chaque membre. Ce que je veux le plus, c\u2019est que BTS se s\u00e9pare. \u00bb<\/li>\n<\/ul>\n<p>Certains internautes ont tent\u00e9 d\u2019expliquer la situation avec davantage de recul, en \u00e9voquant l\u2019\u00e9volution du groupe, la fatigue du fandom, ou encore le poids du succ\u00e8s \u00e9crasant de BTS :<\/p>\n<ul class=\"wp-block-list\">\n<li>\u00ab Ils sont juste dans une impasse : quoi qu\u2019ils sortent, ce sera num\u00e9ro 1, l\u2019album se vendra par millions peu importe la qualit\u00e9, les stades seront pleins, tout le monde se prosterne devant eux\u2026 Une vie o\u00f9 tout est trop facile, o\u00f9 \u00e7a n\u2019a plus de sens d\u2019essayer. \u00bb<\/li>\n<li>\u00ab J\u2019ai entendu des rumeurs de disband depuis 5 ans, rien n\u2019a chang\u00e9. \u00bb<\/li>\n<li>\u00ab BTS vieillit. Pourquoi forcer ce r\u00e9cit \u00e9motionnel \u2018cringe\u2019 sur les fans ? \u00bb<\/li>\n<li>\u00ab Personne ne leur dit de ne pas vivre leur vie. On leur demande juste de ne pas faire des choses dont ils auront honte. Est-ce qu\u2019il est en train de dire qu\u2019ils ne veulent plus faire \u00e7a mais qu\u2019ils continuent juste pour l\u2019argent ? \u00bb<\/li>\n<li>\u00ab Les fans ont vraiment chang\u00e9. Peut-\u00eatre que \u00e7a fonctionnait avant, mais plus aujourd\u2019hui. Le fandom K-pop est \u00e9puis\u00e9. \u00bb<\/li>\n<\/ul>\n<p><img loading=\"lazy\" decoding=\"async\" width=\"550\" height=\"411\" src=\"https:\/\/www.europesays.com\/fr\/wp-content\/uploads\/2025\/12\/RM-avoue-que-BTS-a-pense-a-se-separer-en-2025-les-fans-en-panique.jpg\" alt=\"Pourquoi les mots de RM sur la dissolution de BTS ont cr\u00e9\u00e9 une telle controverse en Cor\u00e9e du Sud\" class=\"wp-image-283019\" title=\"Pourquoi les mots de RM sur la dissolution de BTS ont cr\u00e9\u00e9 une telle controverse en Cor\u00e9e du Sud\"\/><\/p>\n<p>Au milieu des critiques virulentes, quelques voix plus mesur\u00e9es ont tent\u00e9 de d\u00e9fendre RM ou, du moins, de remettre les r\u00e9actions en perspective. Quelques d\u2019internautes estiment que ses propos ont \u00e9t\u00e9 mal interpr\u00e9t\u00e9s et que la vague de reproches \u00e0 son encontre est largement disproportionn\u00e9e. Pour eux, RM n\u2019a fait qu\u2019exprimer une inqui\u00e9tude l\u00e9gitime, propre \u00e0 tout artiste confront\u00e9 au poids des attentes et au passage du temps :<\/p>\n<ul class=\"wp-block-list\">\n<li>\u00ab \u00c7a n\u2019a aucun sens que RM se fasse critiquer pour \u00e7a. \u00bb<\/li>\n<li>\u00ab Les gens le critiquent trop. Il r\u00e9fl\u00e9chit comme un artiste professionnel, bien s\u00fbr qu\u2019il consid\u00e8re toutes les options. \u00bb<\/li>\n<li>\u00ab Est-ce que RM a vraiment dit quelque chose de mal pour m\u00e9riter toute cette haine ? C\u2019est ridicule. \u00bb<\/li>\n<\/ul>\n<p>Que pensez-vous de la r\u00e9action des internautes cor\u00e9ens ?<\/p>\n<p><a href=\"https:\/\/theqoo.net\/hot\/4018737679\" target=\"_blank\" rel=\"noopener\">source<\/a><\/p>\n<p>  Si vous appr\u00e9ciez notre travail, vous pouvez nous soutenir en nous suivant sur Google :  <a href=\"https:\/\/profile.google.com\/cp\/EjwKHGFsdHNlbGVjdGlvbi5vdWVzdC1mcmFuY2UuZnISHGFsdHNlbGVjdGlvbi5vdWVzdC1mcmFuY2UuZnI\" target=\"_blank\" rel=\"noopener nofollow external\" style=\"&#010; display:inline-block !important;&#010; padding:12px 20px !important;&#010; background:#ff2d89 !important;&#010; color:#fff !important;&#010; border-radius:999px !important;&#010; font-weight:700 !important;&#010; text-decoration:none !important;&#010; line-height:1 !important;&#010; border:0 !important;&#010; box-shadow:0 6px 18px rgba(255,45,137,.25) !important;&#010; transition:transform .06s ease, box-shadow .2s ease !important;\"> Suivre sur Google News <\/a><\/p>\n","protected":false},"excerpt":{"rendered":"Les communaut\u00e9s en ligne ont vivement r\u00e9agi apr\u00e8s que RM a \u00e9voqu\u00e9, une nouvelle fois, la possible s\u00e9paration&hellip;\n","protected":false},"author":2,"featured_media":585446,"comment_status":"","ping_status":"","sticky":false,"template":"","format":"standard","meta":{"footnotes":""},"categories":[1355],"tags":[58,59,1011,27,1361,873],"class_list":{"0":"post-585445","1":"post","2":"type-post","3":"status-publish","4":"format-standard","5":"has-post-thumbnail","7":"category-musique","8":"tag-divertissement","9":"tag-entertainment","10":"tag-fr","11":"tag-france","12":"tag-music","13":"tag-musique"},"share_on_mastodon":{"url":"https:\/\/pubeurope.com\/@fr\/115681663822846944","error":""},"_links":{"self":[{"href":"https:\/\/www.europesays.com\/fr\/wp-json\/wp\/v2\/posts\/585445","targetHints":{"allow":["GET"]}}],"collection":[{"href":"https:\/\/www.europesays.com\/fr\/wp-json\/wp\/v2\/posts"}],"about":[{"href":"https:\/\/www.europesays.com\/fr\/wp-json\/wp\/v2\/types\/post"}],"author":[{"embeddable":true,"href":"https:\/\/www.europesays.com\/fr\/wp-json\/wp\/v2\/users\/2"}],"replies":[{"embeddable":true,"href":"https:\/\/www.europesays.com\/fr\/wp-json\/wp\/v2\/comments?post=585445"}],"version-history":[{"count":0,"href":"https:\/\/www.europesays.com\/fr\/wp-json\/wp\/v2\/posts\/585445\/revisions"}],"wp:featuredmedia":[{"embeddable":true,"href":"https:\/\/www.europesays.com\/fr\/wp-json\/wp\/v2\/media\/585446"}],"wp:attachment":[{"href":"https:\/\/www.europesays.com\/fr\/wp-json\/wp\/v2\/media?parent=585445"}],"wp:term":[{"taxonomy":"category","embeddable":true,"href":"https:\/\/www.europesays.com\/fr\/wp-json\/wp\/v2\/categories?post=585445"},{"taxonomy":"post_tag","embeddable":true,"href":"https:\/\/www.europesays.com\/fr\/wp-json\/wp\/v2\/tags?post=585445"}],"curies":[{"name":"wp","href":"https:\/\/api.w.org\/{rel}","templated":true}]}}