{"id":585459,"date":"2025-12-08T02:54:13","date_gmt":"2025-12-08T02:54:13","guid":{"rendered":"https:\/\/www.europesays.com\/fr\/585459\/"},"modified":"2025-12-08T02:54:13","modified_gmt":"2025-12-08T02:54:13","slug":"emmanuel-macron-annonce-que-la-france-va-renforcer-son-soutien-au-nigeria-face-aux-defis-securitaires","status":"publish","type":"post","link":"https:\/\/www.europesays.com\/fr\/585459\/","title":{"rendered":"Emmanuel Macron annonce que la France va renforcer son soutien au Nigeria face aux \u00ab\u00a0d\u00e9fis s\u00e9curitaires\u00a0\u00bb"},"content":{"rendered":"<p class=\"mb-4 text-lg md:leading-8 break-words\">La France va renforcer son \u00ab\u00a0action de partenariat\u00a0\u00bb avec le <a data-i13n=\"cpos:1;pos:1\" href=\"https:\/\/fr.news.yahoo.com\/600-enfants-morts-malnutrition-au-210846474.html\" data-ylk=\"slk:Nigeria;cpos:1;pos:1;elm:context_link;itc:0;sec:content-canvas;outcm:mb_qualified_link;_E:mb_qualified_link;ct:story;\" class=\"link  yahoo-link\" target=\"_blank\" rel=\"noopener\">Nigeria<\/a> \u00ab\u00a0face \u00e0 diff\u00e9rents d\u00e9fis s\u00e9curitaires, en particulier la menace terroriste dans le Nord\u00a0\u00bb du pays, a affirm\u00e9 ce dimanche 7 d\u00e9cembre le pr\u00e9sident Emmanuel Macron sur le r\u00e9seau X.<\/p>\n<p class=\"mb-4 text-lg md:leading-8 break-words\">\u00ab\u00a0Nous renforcerons notre action de partenariat avec les autorit\u00e9s et de soutien aux populations touch\u00e9es\u00a0\u00bb, indique le chef d&rsquo;\u00c9tat fran\u00e7ais, ajoutant le faire \u00ab\u00a0\u00e0 la demande\u00a0\u00bb du pr\u00e9sident nig\u00e9rian Bola Tinubu avec lequel il venait de s&rsquo;entretenir.<\/p>\n<p>Des enl\u00e8vements de masse<\/p>\n<p class=\"mb-4 text-lg md:leading-8 break-words\">\u00ab\u00a0Nous appelons l&rsquo;ensemble de nos partenaires \u00e0 se mobiliser\u00a0\u00bb, ajoute Emmanuel Macron, qui ne pr\u00e9cise pas dans son message la nature des \u00ab\u00a0actions\u00a0\u00bb envisag\u00e9es par Paris.<\/p>\n<p class=\"mb-4 text-lg md:leading-8 break-words\">Les autorit\u00e9s du Nigeria, pays le plus peupl\u00e9 d&rsquo;Afrique, se retrouvent sous forte pression apr\u00e8s les <a data-i13n=\"cpos:2;pos:1\" href=\"https:\/\/fr.news.yahoo.com\/300-%C3%A9l%C3%A8ves-enseignants-dune-%C3%A9cole-122037369.html\" data-ylk=\"slk:r\u00e9cents enl\u00e8vements;cpos:2;pos:1;elm:context_link;itc:0;sec:content-canvas;outcm:mb_qualified_link;_E:mb_qualified_link;ct:story;\" class=\"link  yahoo-link\" target=\"_blank\" rel=\"noopener\">r\u00e9cents enl\u00e8vements<\/a> non revendiqu\u00e9s de plus de 400 Nig\u00e9rians en moins de 15 jours, dont des centaines d&rsquo;\u00e9coliers.<\/p>\n<p class=\"mb-4 text-lg md:leading-8 break-words\">Le pays avait d\u00e9j\u00e0 enregistr\u00e9 ces derni\u00e8res ann\u00e9es, notamment dans le nord-ouest et le centre, des <a data-i13n=\"cpos:3;pos:1\" href=\"https:\/\/fr.news.yahoo.com\/nigeria-trentaine-personnes-enlev%C3%A9es-gare-001953651.html\" data-ylk=\"slk:centaines d&#039;enl\u00e8vements de masse;cpos:3;pos:1;elm:context_link;itc:0;sec:content-canvas;outcm:mb_qualified_link;_E:mb_qualified_link;ct:story;\" class=\"link  yahoo-link\" target=\"_blank\" rel=\"noopener\">centaines d&rsquo;enl\u00e8vements de masse<\/a>, commis par des gangs arm\u00e9s ciblant des populations vuln\u00e9rables pour obtenir des ran\u00e7ons et semant la terreur dans des zones rurales peu surveill\u00e9es.<\/p>\n<p>\u00c9tat d&rsquo;urgence s\u00e9curitaire<\/p>\n<p class=\"mb-4 text-lg md:leading-8 break-words\">Cette recrudescence des violences a conduit le pr\u00e9sident Tinubu \u00e0 d\u00e9clarer l&rsquo;\u00e9tat d&rsquo;urgence s\u00e9curitaire au niveau national, et il a ordonn\u00e9 le recrutement de forces de s\u00e9curit\u00e9 suppl\u00e9mentaires.<\/p>\n<p class=\"mb-4 text-lg md:leading-8 break-words\">Le pays, presque \u00e9galement divis\u00e9 entre un nord \u00e0 majorit\u00e9 musulmane et un sud majoritairement chr\u00e9tien, est confront\u00e9 \u00e0 une ins\u00e9curit\u00e9 chronique.<\/p>\n<p class=\"mb-4 text-lg md:leading-8 break-words\">Dans le nord-est, l&rsquo;insurrection jihadiste de Boko Haram et de l&rsquo;\u00c9tat islamique en Afrique de l&rsquo;Ouest (Iswap), a fait plus de 40.000 morts et d\u00e9plac\u00e9 plus de deux millions de personnes, selon l&rsquo;ONU.<\/p>\n<p class=\"mb-4 text-lg md:leading-8 break-words\"><a data-i13n=\"cpos:4;pos:1\" href=\"https:\/\/www.bfmtv.com\/politique\/elysee\/emmanuel-macron-annonce-que-la-france-va-renforcer-son-soutien-au-nigeria-face-aux-defis-securitaires_AD-202512070276.html#xtor=AL-68\" rel=\"nofollow noopener\" target=\"_blank\" data-ylk=\"slk:Article original publi\u00e9 sur BFMTV.com;cpos:4;pos:1;elm:context_link;itc:0;sec:content-canvas\" class=\"link \">Article original publi\u00e9 sur BFMTV.com<\/a><\/p>\n","protected":false},"excerpt":{"rendered":"La France va renforcer son \u00ab\u00a0action de partenariat\u00a0\u00bb avec le Nigeria \u00ab\u00a0face \u00e0 diff\u00e9rents d\u00e9fis s\u00e9curitaires, en particulier&hellip;\n","protected":false},"author":2,"featured_media":585460,"comment_status":"","ping_status":"","sticky":false,"template":"","format":"standard","meta":{"footnotes":""},"categories":[5],"tags":[11,69900,1073,1011,27,14,23800,12,4778,28],"class_list":{"0":"post-585459","1":"post","2":"type-post","3":"status-publish","4":"format-standard","5":"has-post-thumbnail","7":"category-international","8":"tag-actualites","9":"tag-bola-tinubu","10":"tag-emmanuel-macron","11":"tag-fr","12":"tag-france","13":"tag-international","14":"tag-le-pays","15":"tag-news","16":"tag-nigeria","17":"tag-world"},"share_on_mastodon":{"url":"https:\/\/pubeurope.com\/@fr\/115681693809484945","error":""},"_links":{"self":[{"href":"https:\/\/www.europesays.com\/fr\/wp-json\/wp\/v2\/posts\/585459","targetHints":{"allow":["GET"]}}],"collection":[{"href":"https:\/\/www.europesays.com\/fr\/wp-json\/wp\/v2\/posts"}],"about":[{"href":"https:\/\/www.europesays.com\/fr\/wp-json\/wp\/v2\/types\/post"}],"author":[{"embeddable":true,"href":"https:\/\/www.europesays.com\/fr\/wp-json\/wp\/v2\/users\/2"}],"replies":[{"embeddable":true,"href":"https:\/\/www.europesays.com\/fr\/wp-json\/wp\/v2\/comments?post=585459"}],"version-history":[{"count":0,"href":"https:\/\/www.europesays.com\/fr\/wp-json\/wp\/v2\/posts\/585459\/revisions"}],"wp:featuredmedia":[{"embeddable":true,"href":"https:\/\/www.europesays.com\/fr\/wp-json\/wp\/v2\/media\/585460"}],"wp:attachment":[{"href":"https:\/\/www.europesays.com\/fr\/wp-json\/wp\/v2\/media?parent=585459"}],"wp:term":[{"taxonomy":"category","embeddable":true,"href":"https:\/\/www.europesays.com\/fr\/wp-json\/wp\/v2\/categories?post=585459"},{"taxonomy":"post_tag","embeddable":true,"href":"https:\/\/www.europesays.com\/fr\/wp-json\/wp\/v2\/tags?post=585459"}],"curies":[{"name":"wp","href":"https:\/\/api.w.org\/{rel}","templated":true}]}}