{"id":585467,"date":"2025-12-08T03:02:32","date_gmt":"2025-12-08T03:02:32","guid":{"rendered":"https:\/\/www.europesays.com\/fr\/585467\/"},"modified":"2025-12-08T03:02:32","modified_gmt":"2025-12-08T03:02:32","slug":"chaque-semaine-il-volait-plusieurs-cameras-de-recul-sur-des-voitures-a-toulon-2","status":"publish","type":"post","link":"https:\/\/www.europesays.com\/fr\/585467\/","title":{"rendered":"Chaque semaine, il volait plusieurs cam\u00e9ras de recul sur des voitures \u00e0 Toulon"},"content":{"rendered":"<p>Un homme a \u00e9t\u00e9 interpell\u00e9 mercredi 26\u00a0novembre 2025 \u00e0 Toulon (Var). Il est soup\u00e7onn\u00e9 de plusieurs vols de cam\u00e9ras de recul sur des v\u00e9hicules dans l\u2019agglom\u00e9ration. Au moins 18\u00a0faits sont reproch\u00e9s au suspect \u00e2g\u00e9 d\u2019une cinquantaine d\u2019ann\u00e9es. Ce sont surtout des v\u00e9hicules de marque Renault qui \u00e9taient vis\u00e9s, notamment dans les quartiers de Port-Marchand, Le Mourillon et la Place d\u2019Armes, d\u00e9taille\u00a0<a href=\"https:\/\/www.nicematin.com\/faits-divers\/un-quinquagenaire-interpelle-a-toulon-pour-une-serie-de-vols-de-cameras-de-recul-sur-des-voitures-10658945\" target=\"_blank\" rel=\"noopener\"> Var-Matin <\/a>\u00a0lundi 1er\u00a0d\u00e9cembre 2025.<\/p>\n<p>Face \u00e0 la recrudescence des disparitions de ce type de cam\u00e9ra embarqu\u00e9e, la police avait commenc\u00e9 \u00e0 enqu\u00eater. Elle a pu identifier le suspect notamment gr\u00e2ce \u00e0 des \u00e9l\u00e9ments de vid\u00e9osurveillance et de t\u00e9l\u00e9phonie, expliquent nos confr\u00e8res. L\u2019auteur des faits rep\u00e9rait ses voitures cibles depuis sa camionnette et utilisait ensuite un tournevis pour retirer les cam\u00e9ras, facilement accessibles dans le logo du v\u00e9hicule. Les appareils \u00e9taient ensuite revendus entre 5 et 18\u00a0\u20ac chacun au march\u00e9 aux puces d\u2019Hy\u00e8res (Var).<\/p>\n<p>La piste d\u2019un autre voleur<\/p>\n<p><a href=\"https:\/\/www.lefigaro.fr\/automobile\/il-ne-volait-que-des-cameras-de-recul-l-interpellation-d-un-quinquagenaire-a-toulon-confirme-le-trafic-qui-vise-les-renault-20251202\" target=\"_blank\" rel=\"noopener\"> Le Figaro <\/a> rappelle que ces dispositifs sont revendus environ 200\u00a0\u20ac chez les constructeurs et sont, en outre, en rupture de stock en ce moment. Une situation qui n\u2019a fait qu\u2019accentuer la demande pour des cam\u00e9ras d\u2019occasion. Le mis en cause qui devait faire l\u2019objet d\u2019une comparution sur reconnaissance pr\u00e9alable de culpabilit\u00e9 devant la justice a avou\u00e9 voler une \u00e0 quatre cam\u00e9ras par semaine.\u00a0Une s\u00e9rie de vols ayant eu lieu au mois d\u2019ao\u00fbt, alors que le quinquag\u00e9naire se trouvait \u00e0 l\u2019\u00e9tranger, la police a \u00e9voqu\u00e9 la possibilit\u00e9 de <strong>\u00ab\u00a0l\u2019existence d\u2019un complice [ou] celle d\u2019un second voleur en s\u00e9rie\u00a0\u00bb<\/strong>.\u00a0<\/p>\n<p>\u00a0<\/p>\n","protected":false},"excerpt":{"rendered":"Un homme a \u00e9t\u00e9 interpell\u00e9 mercredi 26\u00a0novembre 2025 \u00e0 Toulon (Var). Il est soup\u00e7onn\u00e9 de plusieurs vols de&hellip;\n","protected":false},"author":2,"featured_media":576634,"comment_status":"","ping_status":"","sticky":false,"template":"","format":"standard","meta":{"footnotes":""},"categories":[9619],"tags":[1111,11,10817,1777,674,1011,27,12,882,51556,25,5572,12326,2310,3888,9812],"class_list":{"0":"post-585467","1":"post","2":"type-post","3":"status-publish","4":"format-standard","5":"has-post-thumbnail","7":"category-toulon","8":"tag-actu","9":"tag-actualites","10":"tag-cameras","11":"tag-eu","12":"tag-europe","13":"tag-fr","14":"tag-france","15":"tag-news","16":"tag-provence-alpes-cote-dazur","17":"tag-recul","18":"tag-republique-francaise","19":"tag-semaine","20":"tag-seyne","21":"tag-toulon","22":"tag-voitures","23":"tag-volait"},"share_on_mastodon":{"url":"https:\/\/pubeurope.com\/@fr\/115681725287009881","error":""},"_links":{"self":[{"href":"https:\/\/www.europesays.com\/fr\/wp-json\/wp\/v2\/posts\/585467","targetHints":{"allow":["GET"]}}],"collection":[{"href":"https:\/\/www.europesays.com\/fr\/wp-json\/wp\/v2\/posts"}],"about":[{"href":"https:\/\/www.europesays.com\/fr\/wp-json\/wp\/v2\/types\/post"}],"author":[{"embeddable":true,"href":"https:\/\/www.europesays.com\/fr\/wp-json\/wp\/v2\/users\/2"}],"replies":[{"embeddable":true,"href":"https:\/\/www.europesays.com\/fr\/wp-json\/wp\/v2\/comments?post=585467"}],"version-history":[{"count":0,"href":"https:\/\/www.europesays.com\/fr\/wp-json\/wp\/v2\/posts\/585467\/revisions"}],"wp:featuredmedia":[{"embeddable":true,"href":"https:\/\/www.europesays.com\/fr\/wp-json\/wp\/v2\/media\/576634"}],"wp:attachment":[{"href":"https:\/\/www.europesays.com\/fr\/wp-json\/wp\/v2\/media?parent=585467"}],"wp:term":[{"taxonomy":"category","embeddable":true,"href":"https:\/\/www.europesays.com\/fr\/wp-json\/wp\/v2\/categories?post=585467"},{"taxonomy":"post_tag","embeddable":true,"href":"https:\/\/www.europesays.com\/fr\/wp-json\/wp\/v2\/tags?post=585467"}],"curies":[{"name":"wp","href":"https:\/\/api.w.org\/{rel}","templated":true}]}}