{"id":585470,"date":"2025-12-08T03:04:28","date_gmt":"2025-12-08T03:04:28","guid":{"rendered":"https:\/\/www.europesays.com\/fr\/585470\/"},"modified":"2025-12-08T03:04:28","modified_gmt":"2025-12-08T03:04:28","slug":"nous-souhaitons-participer-a-un-grand-rassemblement-une-partie-des-ecologistes-montpellierains-appellent-delafosse-a-mener-lunion-pour-2026","status":"publish","type":"post","link":"https:\/\/www.europesays.com\/fr\/585470\/","title":{"rendered":"\u00ab\u00a0Nous souhaitons participer \u00e0 un grand rassemblement\u00a0\u00bb\u00a0: une partie des \u00e9cologistes montpelli\u00e9rains appellent Delafosse \u00e0 mener l\u2019union pour 2026"},"content":{"rendered":"<p>\n                                                                G\u00e9n\u00e9ration \u00c9cologie, le Parti animaliste et Place publique ont men\u00e9 ce samedi 6\u00a0d\u00e9cembre une action symbolique, port\u00e9e par Manu Reynaud (\u00c9cologistes pour Montpellier), en r\u00e9unissant, \u00e0 cent jours des \u00e9lections municipales, cent militants sur la place Max-Rouquette nouvellement r\u00e9nov\u00e9e. Objectif affich\u00e9\u00a0: appeler Micha\u00ebl Delafosse \u00e0 mener de nouveau l\u2019union de la gauche et des \u00e9cologistes en mars\u00a02026\u2026\n                            <\/p>\n<p>\u00c0 cent jours du premier tour des municipales 2026, une partie des \u00e9cologistes montpelli\u00e9rains ont voulu marquer symboliquement le calendrier.\u00a0Ce samedi 6\u00a0d\u00e9cembre, sur la place Max-Rouquette r\u00e9am\u00e9nag\u00e9e, cent militants se sont rassembl\u00e9s \u00e0 l\u2019initiative de Manu Reynaud (\u00c9cologistes pour Montpellier).<\/p>\n<p>\u00c0 ses c\u00f4t\u00e9s, plusieurs figures alli\u00e9es dont Eddine Ariztegui (Parti animaliste), Radia Tikouk (G\u00e9n\u00e9ration \u00c9cologie) ainsi que des repr\u00e9sentants de Place publique\u00a0et\u00a0leurs sympathisants respectifs.<\/p>\n<p>Un appel du pied \u00e0 Micha\u00ebl Delafosse<\/p>\n<p>L\u2019objectif affich\u00e9 \u00e9tait aussi d\u2019appeler Micha\u00ebl Delafosse, le maire de Montpellier, \u00e0 conduire, comme en 2020, une union rassemblant la gauche et les \u00e9cologistes pour les municipales de mars\u00a02026.<\/p>\n<p>\u00ab\u00a0Nous sommes un collectif de gauche et d\u2019\u00e9cologistes rassembl\u00e9s fi\u00e8rement. Nous souhaitons participer \u00e0 un grand rassemblement et nous appelons Micha\u00ebl Delafosse \u00e0 l\u2019incarner\u00a0\u00bb, a martel\u00e9 Manu Reynaud dans un long discours ovationn\u00e9 par une for\u00eat de panneaux verts, violets et blancs.<\/p>\n<p>Des r\u00e9alisations mais encore beaucoup de projets<\/p>\n<p>L\u2019\u00e9lu a rappel\u00e9 les r\u00e9alisations du mandat actuel\u00a0: transformation de l\u2019espace public, d\u00e9veloppement des mobilit\u00e9s douces, cr\u00e9ation de la ligne 5, galerie cyclable, plantations massives et projets climat. Parmi les chantiers, il a cit\u00e9 un bouclier thermique et social, une r\u00e9gie publique de l\u2019\u00e9nergie, une acad\u00e9mie du climat et de futurs projets structurants tels que le grand parc de Malbosc ou l\u2019am\u00e9nagement continu de la vall\u00e9e du Lez jusqu\u2019\u00e0 la mer.<\/p>\n<p>        <img decoding=\"async\" class=\"std-img__img responsive-img\" src=\"https:\/\/www.europesays.com\/fr\/wp-content\/uploads\/2025\/12\/1765163068_463_image.jpg\" alt=\"Manu Reynaud, Eddine Ariztegui et Radia Tikouk.\"\/><\/p>\n<p>                Manu Reynaud, Eddine Ariztegui et Radia Tikouk.<br \/>\n                                    ML &#8211; GIACOMO ITALIANO<\/p>\n<p>De son c\u00f4t\u00e9, Eddine Ariztegui a salu\u00e9 les avanc\u00e9es obtenues pour la cause animale\u00a0: 5\u00a0M\u20ac engag\u00e9s pour l\u2019h\u00f4pital de la faune sauvage, interdiction de la chasse sur les terrains communaux, menus v\u00e9g\u00e9tariens dans les cantines et perspectives d\u2019un dispensaire v\u00e9t\u00e9rinaire municipal. Entre autres.<\/p>\n<p>Quant \u00e0 Radia Tikouk, elle a appel\u00e9 \u00e0 la poursuite de la coalition. \u00ab\u00a0On a beaucoup travaill\u00e9, on va continuer, on ne l\u00e2chera pas\u00a0\u00bb, a-t-elle lanc\u00e9.<\/p>\n<blockquote>\n<p>100 jours, 100 militants et plusieurs centaines d\u2019id\u00e9es<\/p>\n<\/blockquote>\n<p>\u00ab\u00a0100 jours, 100 militants et plusieurs centaines d\u2019id\u00e9es\u00a0\u00bb, a r\u00e9sum\u00e9 Manu Reynaud. \u00c0 pr\u00e9sent, tous attendent la d\u00e9cision du maire. Micha\u00ebl Delafosse, que les \u00e9cologistes pressent de reprendre la t\u00eate d\u2019un rassemblement progressiste pour 2026, devrait s\u2019exprimer \u00ab\u00a0\u00e0 la rentr\u00e9e des vacances\u00a0\u00bb.<\/p>\n","protected":false},"excerpt":{"rendered":"G\u00e9n\u00e9ration \u00c9cologie, le Parti animaliste et Place publique ont men\u00e9 ce samedi 6\u00a0d\u00e9cembre une action symbolique, port\u00e9e par&hellip;\n","protected":false},"author":2,"featured_media":585471,"comment_status":"","ping_status":"","sticky":false,"template":"","format":"standard","meta":{"footnotes":""},"categories":[9599],"tags":[1111,11,1777,674,1011,27,7089,2208,12,2680,316,25],"class_list":{"0":"post-585470","1":"post","2":"type-post","3":"status-publish","4":"format-standard","5":"has-post-thumbnail","7":"category-montpellier","8":"tag-actu","9":"tag-actualites","10":"tag-eu","11":"tag-europe","12":"tag-fr","13":"tag-france","14":"tag-herault","15":"tag-montpellier","16":"tag-news","17":"tag-occitanie","18":"tag-politique","19":"tag-republique-francaise"},"share_on_mastodon":{"url":"https:\/\/pubeurope.com\/@fr\/115681733824625212","error":""},"_links":{"self":[{"href":"https:\/\/www.europesays.com\/fr\/wp-json\/wp\/v2\/posts\/585470","targetHints":{"allow":["GET"]}}],"collection":[{"href":"https:\/\/www.europesays.com\/fr\/wp-json\/wp\/v2\/posts"}],"about":[{"href":"https:\/\/www.europesays.com\/fr\/wp-json\/wp\/v2\/types\/post"}],"author":[{"embeddable":true,"href":"https:\/\/www.europesays.com\/fr\/wp-json\/wp\/v2\/users\/2"}],"replies":[{"embeddable":true,"href":"https:\/\/www.europesays.com\/fr\/wp-json\/wp\/v2\/comments?post=585470"}],"version-history":[{"count":0,"href":"https:\/\/www.europesays.com\/fr\/wp-json\/wp\/v2\/posts\/585470\/revisions"}],"wp:featuredmedia":[{"embeddable":true,"href":"https:\/\/www.europesays.com\/fr\/wp-json\/wp\/v2\/media\/585471"}],"wp:attachment":[{"href":"https:\/\/www.europesays.com\/fr\/wp-json\/wp\/v2\/media?parent=585470"}],"wp:term":[{"taxonomy":"category","embeddable":true,"href":"https:\/\/www.europesays.com\/fr\/wp-json\/wp\/v2\/categories?post=585470"},{"taxonomy":"post_tag","embeddable":true,"href":"https:\/\/www.europesays.com\/fr\/wp-json\/wp\/v2\/tags?post=585470"}],"curies":[{"name":"wp","href":"https:\/\/api.w.org\/{rel}","templated":true}]}}