{"id":585475,"date":"2025-12-08T03:11:19","date_gmt":"2025-12-08T03:11:19","guid":{"rendered":"https:\/\/www.europesays.com\/fr\/585475\/"},"modified":"2025-12-08T03:11:19","modified_gmt":"2025-12-08T03:11:19","slug":"grenoble-deux-jeunes-hommes-tues-par-balle-dans-des-incidents-violents","status":"publish","type":"post","link":"https:\/\/www.europesays.com\/fr\/585475\/","title":{"rendered":"Grenoble: Deux jeunes hommes tu\u00e9s par balle dans des incidents violents"},"content":{"rendered":"<p>Publi\u00e97. d\u00e9cembre 2025, 19:18<\/p>\n<p>France: Deux jeunes hommes tu\u00e9s par balle \u00e0 Grenoble et dans ses environs<\/p>\n<p>La plus jeune des victimes, \u00e2g\u00e9e de 18 ans, a \u00e9t\u00e9 retrouv\u00e9e morte dans un parc, tandis que l&rsquo;autre victime, \u00e2g\u00e9e de 22 ans, est morte de ses blessures \u00e0 l&rsquo;h\u00f4pital.<\/p>\n<p><img loading=\"lazy\" decoding=\"async\" src=\"https:\/\/www.europesays.com\/fr\/wp-content\/uploads\/2025\/12\/76d31cb2-0568-4945-ac64-a6ae80e982f5.jpg\" alt=\"Pour l'heure, la police ne mentionne \u00abaucun lien avec le narcobanditisme\u00bb s\u2019agissant des deux affaires.\" title=\"Pour l'heure, la police ne mentionne \u00abaucun lien avec le narcobanditisme\u00bb s\u2019agissant des deux affaires.\"  width=\"1024\" height=\"682\"\/><\/p>\n<p>Pour l&rsquo;heure, la police ne mentionne \u00abaucun lien avec le narcobanditisme\u00bb s\u2019agissant des deux affaires.<\/p>\n<p>AFP<\/p>\n<p>Deux hommes de 18 et 22 ans ont \u00e9t\u00e9 tu\u00e9s par balle respectivement \u00e0 Grenoble et dans sa p\u00e9riph\u00e9rie, \u00e0 Echirolles (Is\u00e8re), dans la nuit de samedi \u00e0 dimanche, a indiqu\u00e9 le Parquet.<\/p>\n<p>La victime la plus \u00e2g\u00e9e, \u00abinconnue des services de police\u00bb, a \u00e9t\u00e9 prise en charge par les secours au niveau d\u2019une avenue \u00e0 Echirolles \u00aben urgence vitale\u00bb, bless\u00e9e par arme \u00e0 feu. Son d\u00e9c\u00e8s a \u00e9t\u00e9 constat\u00e9 \u00abpeu de temps apr\u00e8s son arriv\u00e9e \u00e0 l\u2019h\u00f4pital\u00bb, a d\u00e9clar\u00e9 In\u00e8s Delay, la procureure-adjointe de Grenoble, dans un communiqu\u00e9. Le jeune homme pr\u00e9sentait trois impacts: \u00e0 la t\u00eate, au dos et au ventre, a pr\u00e9cis\u00e9 plus t\u00f4t \u00e0 l\u2019AFP une source polici\u00e8re, ajoutant que la fusillade avait \u00e9clat\u00e9 peu apr\u00e8s 23h et que la Division de la criminalit\u00e9 organis\u00e9e sp\u00e9cialis\u00e9e (DCOS) a \u00e9t\u00e9 saisie de l\u2019enqu\u00eate. Selon la magistrate, la victime a \u00e9t\u00e9 la \u00abcible\u00bb d\u2019\u00abun individu mont\u00e9 sur un v\u00e9hicule deux-roues\u00bb, alors qu\u2019elle quittait les lieux d\u2019une \u00abrixe opposant plusieurs dizaines d\u2019individus\u00bb, un peu plus t\u00f4t dans la soir\u00e9e, devant un \u00e9tablissement de restauration rapide.<\/p>\n<p>\u00abEnlev\u00e9 \u00e0 bord d\u2019un v\u00e9hicule\u00bb<\/p>\n<p>\u00abSur place, les policiers \u00e9taient inform\u00e9s qu\u2019un \u00e9v\u00e9nement \u00e9tait survenu dans le m\u00eame laps de temps et \u00e0 proximit\u00e9 du m\u00eame \u00e9tablissement, au cours duquel un individu avait subi des violences de la part de plusieurs autres, avant d\u2019\u00eatre enlev\u00e9 \u00e0 bord d\u2019un v\u00e9hicule\u00bb, a ajout\u00e9 Mme Delay, \u00e9voquant la plus jeune victime.<\/p>\n<p>Le corps sans vie du jeune homme de 18 ans, \u00abd\u00e9j\u00e0 connu pour des infractions \u00e0 la l\u00e9gislation sur les stup\u00e9fiants\u00bb, a \u00e9t\u00e9 retrouv\u00e9 t\u00f4t dimanche matin \u00e0 Grenoble dans le parc de la Bruy\u00e8re, a-t-elle ajout\u00e9, confirmant une information du quotidien r\u00e9gional \u00abLe Dauphin\u00e9 Lib\u00e9r\u00e9\u00bb. Il pr\u00e9sentait \u00abplusieurs plaies occasionn\u00e9es notamment par une arme \u00e0 feu\u00bb, a poursuivi la procureure-adjointe, concluant que les enqu\u00eateurs \u00abn\u2019\u00e9tabliss(ai)ent, cependant et pour l\u2019heure, aucun lien avec le narcobanditisme\u00bb s\u2019agissant des deux affaires.<\/p>\n<p>Violences li\u00e9es au trafic de drogue<\/p>\n<p>Dans la nuit de mardi \u00e0 mercredi, un homme de 33 ans a \u00e9t\u00e9 retrouv\u00e9 mort avec deux impacts de balle \u00e0 Echirolles \u00e9galement, avait indiqu\u00e9 \u00e0 l\u2019AFP le Parquet de Grenoble. Touch\u00e9 au dos et dans la m\u00e2choire, il \u00e9tait porteur d\u2019un gilet pare-balles, avait pr\u00e9cis\u00e9 une source polici\u00e8re.<\/p>\n<p>Le territoire de Grenoble est r\u00e9guli\u00e8rement marqu\u00e9 par des \u00e9pisodes de violence par arme \u00e0 feu li\u00e9s au trafic de drogue. A Echirolles en septembre 2024, les autorit\u00e9s avaient d\u00fb fermer un immeuble entier, \u00abLe Carrare\u00bb, qui abritait un point de deal tr\u00e8s lucratif, et \u00e9vacuer tous ses habitants.<\/p>\n<p>Tu nous suis d\u00e9j\u00e0 sur WhatsApp?<\/p>\n<p>Abonne-toi \u00e0 notre cha\u00eene, active la petite \ud83d\udd14 et tu recevras un <strong>r\u00e9cap de l&rsquo;actu<\/strong> chaque jour en <strong>d\u00e9but de soir\u00e9e<\/strong>.<\/p>\n<p>(afp)<\/p>\n","protected":false},"excerpt":{"rendered":"Publi\u00e97. d\u00e9cembre 2025, 19:18 France: Deux jeunes hommes tu\u00e9s par balle \u00e0 Grenoble et dans ses environs La&hellip;\n","protected":false},"author":2,"featured_media":585476,"comment_status":"","ping_status":"","sticky":false,"template":"","format":"standard","meta":{"footnotes":""},"categories":[9566],"tags":[1111,11,2430,1777,674,1011,27,2731,12,25],"class_list":{"0":"post-585475","1":"post","2":"type-post","3":"status-publish","4":"format-standard","5":"has-post-thumbnail","7":"category-grenoble","8":"tag-actu","9":"tag-actualites","10":"tag-auvergne-rhone-alpes","11":"tag-eu","12":"tag-europe","13":"tag-fr","14":"tag-france","15":"tag-grenoble","16":"tag-news","17":"tag-republique-francaise"},"share_on_mastodon":{"url":"https:\/\/pubeurope.com\/@fr\/115681761347043162","error":""},"_links":{"self":[{"href":"https:\/\/www.europesays.com\/fr\/wp-json\/wp\/v2\/posts\/585475","targetHints":{"allow":["GET"]}}],"collection":[{"href":"https:\/\/www.europesays.com\/fr\/wp-json\/wp\/v2\/posts"}],"about":[{"href":"https:\/\/www.europesays.com\/fr\/wp-json\/wp\/v2\/types\/post"}],"author":[{"embeddable":true,"href":"https:\/\/www.europesays.com\/fr\/wp-json\/wp\/v2\/users\/2"}],"replies":[{"embeddable":true,"href":"https:\/\/www.europesays.com\/fr\/wp-json\/wp\/v2\/comments?post=585475"}],"version-history":[{"count":0,"href":"https:\/\/www.europesays.com\/fr\/wp-json\/wp\/v2\/posts\/585475\/revisions"}],"wp:featuredmedia":[{"embeddable":true,"href":"https:\/\/www.europesays.com\/fr\/wp-json\/wp\/v2\/media\/585476"}],"wp:attachment":[{"href":"https:\/\/www.europesays.com\/fr\/wp-json\/wp\/v2\/media?parent=585475"}],"wp:term":[{"taxonomy":"category","embeddable":true,"href":"https:\/\/www.europesays.com\/fr\/wp-json\/wp\/v2\/categories?post=585475"},{"taxonomy":"post_tag","embeddable":true,"href":"https:\/\/www.europesays.com\/fr\/wp-json\/wp\/v2\/tags?post=585475"}],"curies":[{"name":"wp","href":"https:\/\/api.w.org\/{rel}","templated":true}]}}