{"id":585479,"date":"2025-12-08T03:13:11","date_gmt":"2025-12-08T03:13:11","guid":{"rendered":"https:\/\/www.europesays.com\/fr\/585479\/"},"modified":"2025-12-08T03:13:11","modified_gmt":"2025-12-08T03:13:11","slug":"trans-musicales-les-tops-et-les-flops-de-ledition-2025","status":"publish","type":"post","link":"https:\/\/www.europesays.com\/fr\/585479\/","title":{"rendered":"Trans Musicales\u00a0: les tops et les flops de l\u2019\u00e9dition 2025"},"content":{"rendered":"<p>Les tops<\/p>\n<p>Un Libert\u00e9 bond\u00e9<\/p>\n<p>Les concerts gratuits de l\u2019apr\u00e8s-midi et du d\u00e9but de soir\u00e9e au Libert\u00e9 marchent du tonnerre. Les habitu\u00e9s du festival, mais aussi des curieux et des familles avec enfants croisent quelques-uns des 250\u00a0journalistes et 1\u00a0450\u00a0professionnels accr\u00e9dit\u00e9s, dont une centaine de l\u2019\u00e9tranger, qui viennent rencontrer des producteurs, des artistes tout en profitant des concerts et des \u00e9missions de &#8230;<\/p>\n<p>\u00a0<\/p>\n","protected":false},"excerpt":{"rendered":"Les tops Un Libert\u00e9 bond\u00e9 Les concerts gratuits de l\u2019apr\u00e8s-midi et du d\u00e9but de soir\u00e9e au Libert\u00e9 marchent&hellip;\n","protected":false},"author":2,"featured_media":585480,"comment_status":"","ping_status":"","sticky":false,"template":"","format":"standard","meta":{"footnotes":""},"categories":[2821],"tags":[17,1111,11,829,4660,1777,674,17807,1011,27,29951,12,584,25,4465,11278],"class_list":{"0":"post-585479","1":"post","2":"type-post","3":"status-publish","4":"format-standard","5":"has-post-thumbnail","7":"category-rennes","8":"tag-17","9":"tag-actu","10":"tag-actualites","11":"tag-bretagne","12":"tag-edition","13":"tag-eu","14":"tag-europe","15":"tag-flops","16":"tag-fr","17":"tag-france","18":"tag-musicales","19":"tag-news","20":"tag-rennes","21":"tag-republique-francaise","22":"tag-tops","23":"tag-trans"},"share_on_mastodon":{"url":"https:\/\/pubeurope.com\/@fr\/115681768367080984","error":""},"_links":{"self":[{"href":"https:\/\/www.europesays.com\/fr\/wp-json\/wp\/v2\/posts\/585479","targetHints":{"allow":["GET"]}}],"collection":[{"href":"https:\/\/www.europesays.com\/fr\/wp-json\/wp\/v2\/posts"}],"about":[{"href":"https:\/\/www.europesays.com\/fr\/wp-json\/wp\/v2\/types\/post"}],"author":[{"embeddable":true,"href":"https:\/\/www.europesays.com\/fr\/wp-json\/wp\/v2\/users\/2"}],"replies":[{"embeddable":true,"href":"https:\/\/www.europesays.com\/fr\/wp-json\/wp\/v2\/comments?post=585479"}],"version-history":[{"count":0,"href":"https:\/\/www.europesays.com\/fr\/wp-json\/wp\/v2\/posts\/585479\/revisions"}],"wp:featuredmedia":[{"embeddable":true,"href":"https:\/\/www.europesays.com\/fr\/wp-json\/wp\/v2\/media\/585480"}],"wp:attachment":[{"href":"https:\/\/www.europesays.com\/fr\/wp-json\/wp\/v2\/media?parent=585479"}],"wp:term":[{"taxonomy":"category","embeddable":true,"href":"https:\/\/www.europesays.com\/fr\/wp-json\/wp\/v2\/categories?post=585479"},{"taxonomy":"post_tag","embeddable":true,"href":"https:\/\/www.europesays.com\/fr\/wp-json\/wp\/v2\/tags?post=585479"}],"curies":[{"name":"wp","href":"https:\/\/api.w.org\/{rel}","templated":true}]}}