{"id":585496,"date":"2025-12-08T03:27:15","date_gmt":"2025-12-08T03:27:15","guid":{"rendered":"https:\/\/www.europesays.com\/fr\/585496\/"},"modified":"2025-12-08T03:27:15","modified_gmt":"2025-12-08T03:27:15","slug":"pris-en-flagrant-delit-de-vol-dans-une-voiture-a-marseille-il-crache-sur-les-policiers","status":"publish","type":"post","link":"https:\/\/www.europesays.com\/fr\/585496\/","title":{"rendered":"Pris en flagrant d\u00e9lit de vol dans une voiture \u00e0 Marseille, il crache sur les policiers"},"content":{"rendered":"<p class=\"rev-margin-0 rev-text-xs-normal\">Le sans-abri interpell\u00e9 dans le 6e arrondissement de Marseille alcoolis\u00e9, sous m\u00e9dicament et cannabis en train de forcer une voiture a \u00e9t\u00e9 jug\u00e9 trois jours plus tard par le tribunal correctionnel et condamn\u00e9 \u00e0 un an de prison ferme.<\/p>\n<p class=\"rev-margin-0 rev-text-xs-bold\">Photo illustration M.DG.<\/p>\n<p>M\u00e9dicaments, alcool et cannabis. Avec un tel cocktail &#8211; d\u00e9tonnant &#8211; les policiers n\u2019ont pas eu de mal \u00e0 croire Oussama T. lorsqu\u2019il leur a expliqu\u00e9 qu\u2019il ne gardait presque aucun souvenir de la sc\u00e8ne qui lui valait de se retrouver dans les ge\u00f4les d\u2019un commissariat. Le 29\u00a0novembre\u00a02025, cet Alg\u00e9rien de 32\u00a0ans avait \u00e9t\u00e9 rep\u00e9r\u00e9 rue Dragon, dans le 6e arrondissement de <a href=\"https:\/\/www.laprovence.com\/bouches-du-rhone\/marseille-13055\" target=\"_blank\" rel=\"noopener\">Marseille<\/a>, <a href=\"https:\/\/www.laprovence.com\/article\/faits-divers-justice\/11549531285684\/vols-a-la-roulotte-a-marseille-un-quadragenaire-arme-dun-tournevis-dun-couteau-et-dun-taser-interpelle-rue-paradis\" target=\"_blank\" rel=\"noopener\">en train de forcer une voiture<\/a>, puis de tenter d\u2019ouvrir une seconde.<\/p>\n<p>Les riverains qui avaient donn\u00e9 l\u2019alerte avaient ajout\u00e9 qu\u2019il s\u2019\u00e9tait assis sur le pas d\u2019une porte \u00e0 quelques num\u00e9ros des voitures. Les policiers n\u2019avaient eu qu\u2019\u00e0 se rendre \u00e0 l\u2019adresse indiqu\u00e9e pour le cueillir.<\/p>\n<p>Enfin cueillir\u2026 Insultes, crachats et menaces\u00a0: l\u2019arrestation avait \u00e9t\u00e9 particuli\u00e8rement chaotique. Une sc\u00e8ne qui a donc valu au jeune homme de compara\u00eetre devant le tribunal correctionnel ce mardi 2\u00a0d\u00e9cembre, pour tentative de vol, violence et <a href=\"https:\/\/www.laprovence.com\/article\/region\/95834363501284\/un-an-ferme-pour-outrage-et-menace-a-lencontre-de-fonctionnaires-de-police-a-aix-en-provence\" target=\"_blank\" rel=\"noopener\">outrage \u00e0 personne d\u00e9positaire de l\u2019autorit\u00e9 publique<\/a>.<\/p>\n<p>\u00ab\u00a0Il est lui-m\u00eame sa premi\u00e8re victime\u00a0\u00bb<\/p>\n<p>\u00ab\u00a0J\u2019\u00e9tais ivre mort, je suis entr\u00e9 dans ce v\u00e9hicule, mais pas pour voler, c\u2019\u00e9tait juste pour dormir\u00a0\u00bb, a tent\u00e9 le pr\u00e9venu face aux juges, peu convaincus. <a href=\"https:\/\/www.laprovence.com\/article\/region\/1285867383250215\/a-marseille-310-nouvelles-cameras-de-videosurveillance-en-2025-et-2026\" target=\"_blank\" rel=\"noopener\">Une cam\u00e9ra de vid\u00e9osurveillance<\/a> avait capt\u00e9 son man\u00e8ge, le montrant ouvrir la premi\u00e8re voiture, y rentrer pendant six longues minutes avant d\u2019en ressortir pour tenter sa chance ailleurs.<\/p>\n<p>Sa situation irr\u00e9guli\u00e8re et sa personnalit\u00e9, marqu\u00e9e par l\u2019errance, la d\u00e9pendance aux psychotropes et trois pr\u00e9c\u00e9dentes condamnations, n\u2019avaient rien pour rassurer non plus. La procureure Claire Remy a prescrit une peine de 14 mois de prison, mettant en exergue \u00ab\u00a0la violence gratuite\u00a0\u00bb \u00e0 l\u2019encontre des policiers et \u00ab\u00a0le caract\u00e8re humiliant de se faire cracher dessus\u00a0\u00bb.<\/p>\n<p>Les juges ont prononc\u00e9 une peine de 12 mois ferme, \u00e9cartant les craintes de Julie Guichard, avocate de la d\u00e9fense, qu\u2019une peine ferme suivie d\u2019une sortie ne vienne \u00ab\u00a0renforcer sa marginalisation\u00a0\u00bb. \u00ab\u00a0Il est lui-m\u00eame sa premi\u00e8re victime\u00a0\u00bb, avait-elle tent\u00e9, pour recadrer le d\u00e9bat.<\/p>\n","protected":false},"excerpt":{"rendered":"Le sans-abri interpell\u00e9 dans le 6e arrondissement de Marseille alcoolis\u00e9, sous m\u00e9dicament et cannabis en train de forcer&hellip;\n","protected":false},"author":2,"featured_media":585497,"comment_status":"","ping_status":"","sticky":false,"template":"","format":"standard","meta":{"footnotes":""},"categories":[2814],"tags":[17,1111,11,1446,21234,1777,674,274,21233,1011,27,884,12,17907,882,25,96,4752,1175],"class_list":{"0":"post-585496","1":"post","2":"type-post","3":"status-publish","4":"format-standard","5":"has-post-thumbnail","7":"category-marseille","8":"tag-17","9":"tag-actu","10":"tag-actualites","11":"tag-dans","12":"tag-delit","13":"tag-eu","14":"tag-europe","15":"tag-faits-divers-justice","16":"tag-flagrant","17":"tag-fr","18":"tag-france","19":"tag-marseille","20":"tag-news","21":"tag-pris","22":"tag-provence-alpes-cote-dazur","23":"tag-republique-francaise","24":"tag-une","25":"tag-voiture","26":"tag-vol"},"share_on_mastodon":{"url":"https:\/\/pubeurope.com\/@fr\/115681823732799876","error":""},"_links":{"self":[{"href":"https:\/\/www.europesays.com\/fr\/wp-json\/wp\/v2\/posts\/585496","targetHints":{"allow":["GET"]}}],"collection":[{"href":"https:\/\/www.europesays.com\/fr\/wp-json\/wp\/v2\/posts"}],"about":[{"href":"https:\/\/www.europesays.com\/fr\/wp-json\/wp\/v2\/types\/post"}],"author":[{"embeddable":true,"href":"https:\/\/www.europesays.com\/fr\/wp-json\/wp\/v2\/users\/2"}],"replies":[{"embeddable":true,"href":"https:\/\/www.europesays.com\/fr\/wp-json\/wp\/v2\/comments?post=585496"}],"version-history":[{"count":0,"href":"https:\/\/www.europesays.com\/fr\/wp-json\/wp\/v2\/posts\/585496\/revisions"}],"wp:featuredmedia":[{"embeddable":true,"href":"https:\/\/www.europesays.com\/fr\/wp-json\/wp\/v2\/media\/585497"}],"wp:attachment":[{"href":"https:\/\/www.europesays.com\/fr\/wp-json\/wp\/v2\/media?parent=585496"}],"wp:term":[{"taxonomy":"category","embeddable":true,"href":"https:\/\/www.europesays.com\/fr\/wp-json\/wp\/v2\/categories?post=585496"},{"taxonomy":"post_tag","embeddable":true,"href":"https:\/\/www.europesays.com\/fr\/wp-json\/wp\/v2\/tags?post=585496"}],"curies":[{"name":"wp","href":"https:\/\/api.w.org\/{rel}","templated":true}]}}