{"id":585498,"date":"2025-12-08T03:28:31","date_gmt":"2025-12-08T03:28:31","guid":{"rendered":"https:\/\/www.europesays.com\/fr\/585498\/"},"modified":"2025-12-08T03:28:31","modified_gmt":"2025-12-08T03:28:31","slug":"video-cetait-merveilleux-marseille-fete-la-splendeur-retrouvee-de-notre-dame-de-la-garde","status":"publish","type":"post","link":"https:\/\/www.europesays.com\/fr\/585498\/","title":{"rendered":"VID\u00c9O &#8211; \u00ab\u00a0C&rsquo;\u00e9tait merveilleux\u00a0\u00bb : Marseille f\u00eate la splendeur retrouv\u00e9e de Notre-Dame de la Garde"},"content":{"rendered":"<ul class=\"jsx-862013697 ArticleChapo__List\">\n<li class=\"jsx-862013697 ArticleChapo__List_Item flex\">Notre-Dame de la Garde veille sur les Marseillais depuis 1864.<\/li>\n<li class=\"jsx-862013697 ArticleChapo__List_Item flex\">La \u00ab\u00a0Bonne M\u00e8re\u00a0\u00bb avait besoin d&rsquo;une nouvelle jeunesse et a connu 10 mois de travaux.<\/li>\n<li class=\"jsx-862013697 ArticleChapo__List_Item flex\">La basilique r\u00e9nov\u00e9e a \u00e9t\u00e9 inaugur\u00e9e en grande pompe ce dimanche, comme l&rsquo;a suivi une \u00e9quipe de TF1.<\/li>\n<\/ul>\n<p><a href=\"https:\/\/www.tf1info.fr\/emissions\/tf1\/le-20h-11001\/\" rel=\"noopener\" class=\"jsx-484472199 Link jsx-1428418400 jsx-640816507\" target=\"_blank\"><\/p>\n<p style=\"font-weight:400\" class=\"jsx-1837267516\">Suivez la couverture compl\u00e8te<\/p>\n<p style=\"font-weight:800\" class=\"jsx-1837267516\">Le 20H<\/p>\n<p><\/a><\/p>\n<p data-module=\"article-paragraph\" class=\"jsx-3046738180 Paragraph\">Du haut de sa colline dominant toute la ville de Marseille, Notre-Dame de la Garde s&rsquo;est donn\u00e9e en spectacle ce dimanche 7 d\u00e9cembre. Des centaines de personnes \u00e9taient au rendez-vous au pied de <a href=\"https:\/\/www.tf1info.fr\/traditions-et-patrimoine\/reportage-tf1-notre-dame-de-la-garde-a-marseille-la-bonne-mere-devoile-enfin-ses-terrasses-cachees-et-ravit-ses-visiteurs-2306925.html\" target=\"_blank\" rel=\"noopener\">la \u00ab\u00a0Bonne M\u00e8re\u00a0\u00bb<\/a>. Apr\u00e8s dix mois de restauration, cet embl\u00e8me de tout Marseille a retrouv\u00e9 son lustre, procession et spectacle son et lumi\u00e8re \u00e0 l&rsquo;appui.<\/p>\n<p data-module=\"article-paragraph\" class=\"jsx-3046738180 Paragraph Paragraph__End\">Dimanche, en fin d&rsquo;apr\u00e8s-midi, une procession est remont\u00e9e <a href=\"https:\/\/www.tf1info.fr\/societe\/video-ca-nous-gachait-la-vue-marseille-interdit-les-cars-de-touristes-sur-le-vieux-port-2400437.html\" target=\"_blank\" rel=\"noopener\">du Vieux-Port<\/a> jusqu&rsquo;\u00e0 la statue de la Vierge Marie. \u00ab\u00a0C&rsquo;est elle qui prot\u00e8ge tous les Marseillais. Elle nous garde et elle porte bonheur\u00a0\u00bb, d\u00e9clare une jeune femme dans le reportage du 20H de TF1 visible ci-dessus. Les Marseillais ont appr\u00e9ci\u00e9 la c\u00e9r\u00e9monie. \u00ab\u00a0C&rsquo;\u00e9tait un tr\u00e8s beau souvenir, c&rsquo;\u00e9tait merveilleux\u00a0\u00bb, s&rsquo;enthousiasme un habitant. \u00ab\u00a0C&rsquo;est une journ\u00e9e qui restera grav\u00e9e dans notre c\u0153ur, c&rsquo;est inoubliable\u00a0\u00bb, se r\u00e9jouit une autre femme. \u00ab\u00a0C&rsquo;est ce qui repr\u00e9sente le mieux la ville. On la regarde, et, quand elle n&rsquo;est pas l\u00e0, elle manque\u00a0\u00bb, d\u00e9clare un autre Marseillais.<\/p>\n<p><img decoding=\"async\" src=\"https:\/\/www.europesays.com\/fr\/wp-content\/uploads\/2025\/12\/jta-marseille-renovation-notre-dame-de-la-garde-50d202-0@1x.jpeg\" alt=\"TF1\" loading=\"lazy\" importance=\"low\" fetchpriority=\"low\" class=\"\" data-module=\"article-image\"\/>TF1La cinqui\u00e8me restauration<\/p>\n<p data-module=\"article-paragraph\" class=\"jsx-3046738180 Paragraph Paragraph__End\">La statue de Notre-Dame de la Garde a manqu\u00e9 aux Marseillais pendant dix mois. Cette Vierge \u00e0 l&rsquo;enfant avait disparu au sommet du clocher de la basilique derri\u00e8re un \u00e9chafaudage. Le vent, la pluie, le sel et la pollution lui avaient fait perdre de son \u00e9clat. C&rsquo;est la cinqui\u00e8me restauration depuis son installation en 1870.\u00a0<\/p>\n<p><a href=\"https:\/\/www.tf1info.fr\/traditions-et-patrimoine\/video-hate-de-l-admirer-notre-dame-de-la-garde-restauree-les-marseillais-impatients-de-celebrer-leur-bonne-mere-ce-dimanche-2411041.html\" rel=\"noopener\" class=\"jsx-3308031228 Link flex\" target=\"_blank\"><img decoding=\"async\" src=\"https:\/\/www.europesays.com\/fr\/wp-content\/uploads\/2025\/12\/bonne-mere-8510bc-1@1x.jpeg\" alt=\"CAPTF1\" loading=\"lazy\" importance=\"low\" fetchpriority=\"low\" class=\"\" aria-hidden=\"true\"\/><\/p>\n<p class=\"jsx-3657663356 ReadMoreArticle__Title\">Lire aussi<\/p>\n<p class=\"jsx-3657663356\">\u00ab\u00a0H\u00e2te de l&rsquo;admirer\u00a0\u00bb\u00a0: Notre-Dame de la Garde restaur\u00e9e, les Marseillais impatients de c\u00e9l\u00e9brer leur \u00ab\u00a0Bonne M\u00e8re\u00a0\u00bb dimanche<\/p>\n<p><\/a><\/p>\n<p data-module=\"article-paragraph\" class=\"jsx-3046738180 Paragraph Paragraph__End\">Tous les trente ans, il faut la recouvrir de 30.000 feuilles d&rsquo;or pour lui redonner son lustre. L&rsquo;op\u00e9ration s&rsquo;est termin\u00e9e de mani\u00e8re spectaculaire avec le retour de la couronne par h\u00e9licopt\u00e8re \u00e0 l&rsquo;automne dernier. La statue de 11 m\u00e8tres de haut scintille donc d\u00e9sormais \u00e0 nouveau dans le ciel de Marseille, les yeux tourn\u00e9s vers la mer.\u00a0<\/p>\n<p>La r\u00e9daction de TF1info | Reportage TF1 : Michel IZARD et Tristan VARTANIAN<\/p>\n","protected":false},"excerpt":{"rendered":"Notre-Dame de la Garde veille sur les Marseillais depuis 1864. La \u00ab\u00a0Bonne M\u00e8re\u00a0\u00bb avait besoin d&rsquo;une nouvelle jeunesse&hellip;\n","protected":false},"author":2,"featured_media":585499,"comment_status":"","ping_status":"","sticky":false,"template":"","format":"standard","meta":{"footnotes":""},"categories":[2814],"tags":[1111,11,1921,1777,674,1011,27,937,1922,2952,884,12,2661,9473,882,1306,9474,25,133,31468],"class_list":{"0":"post-585498","1":"post","2":"type-post","3":"status-publish","4":"format-standard","5":"has-post-thumbnail","7":"category-marseille","8":"tag-actu","9":"tag-actualites","10":"tag-article-video","11":"tag-eu","12":"tag-europe","13":"tag-fr","14":"tag-france","15":"tag-histoire","16":"tag-info","17":"tag-le-20h","18":"tag-marseille","19":"tag-news","20":"tag-patrimoine-culturel","21":"tag-patrimoine-materiel","22":"tag-provence-alpes-cote-dazur","23":"tag-regions","24":"tag-religion-et-croyances","25":"tag-republique-francaise","26":"tag-video","27":"tag-video-traditions-et-patrimoine"},"share_on_mastodon":{"url":"https:\/\/pubeurope.com\/@fr\/115681829286525372","error":""},"_links":{"self":[{"href":"https:\/\/www.europesays.com\/fr\/wp-json\/wp\/v2\/posts\/585498","targetHints":{"allow":["GET"]}}],"collection":[{"href":"https:\/\/www.europesays.com\/fr\/wp-json\/wp\/v2\/posts"}],"about":[{"href":"https:\/\/www.europesays.com\/fr\/wp-json\/wp\/v2\/types\/post"}],"author":[{"embeddable":true,"href":"https:\/\/www.europesays.com\/fr\/wp-json\/wp\/v2\/users\/2"}],"replies":[{"embeddable":true,"href":"https:\/\/www.europesays.com\/fr\/wp-json\/wp\/v2\/comments?post=585498"}],"version-history":[{"count":0,"href":"https:\/\/www.europesays.com\/fr\/wp-json\/wp\/v2\/posts\/585498\/revisions"}],"wp:featuredmedia":[{"embeddable":true,"href":"https:\/\/www.europesays.com\/fr\/wp-json\/wp\/v2\/media\/585499"}],"wp:attachment":[{"href":"https:\/\/www.europesays.com\/fr\/wp-json\/wp\/v2\/media?parent=585498"}],"wp:term":[{"taxonomy":"category","embeddable":true,"href":"https:\/\/www.europesays.com\/fr\/wp-json\/wp\/v2\/categories?post=585498"},{"taxonomy":"post_tag","embeddable":true,"href":"https:\/\/www.europesays.com\/fr\/wp-json\/wp\/v2\/tags?post=585498"}],"curies":[{"name":"wp","href":"https:\/\/api.w.org\/{rel}","templated":true}]}}