{"id":585500,"date":"2025-12-08T03:29:17","date_gmt":"2025-12-08T03:29:17","guid":{"rendered":"https:\/\/www.europesays.com\/fr\/585500\/"},"modified":"2025-12-08T03:29:17","modified_gmt":"2025-12-08T03:29:17","slug":"a-lyon-autervr-interpelle-les-voyageurs-avec-humour","status":"publish","type":"post","link":"https:\/\/www.europesays.com\/fr\/585500\/","title":{"rendered":"\u00c0 Lyon, AUTERVR interpelle les voyageurs avec humour"},"content":{"rendered":"<p>                            <img loading=\"lazy\" width=\"1200\" height=\"900\" class=\"attachment-article size-article wp-post-image lazyload\" alt=\"\" decoding=\"async\" src=\"https:\/\/www.europesays.com\/fr\/wp-content\/uploads\/2025\/12\/IMG_3782.jpg\" data-eio-rwidth=\"1200\" data-eio-rheight=\"900\"\/><\/p>\n<p>Cr\u00e9dit photo : AUTERVR \/ [Alexandre LECHEVALLIER] <\/p>\n<p class=\"content\" style=\"font-size:1.2em;font-weight:700\">Ce vendredi 5 et samedi 6 d\u00e9cembre, l&rsquo;association des Usagers du TER de la Vall\u00e9e du Rh\u00f4ne (AUTERVR) a men\u00e9 une action symbolique dans les TER tardifs de la F\u00eate des Lumi\u00e8res pour d\u00e9noncer le couvre-feu ferroviaire qui prive les habitants de trains apr\u00e8s 21h20. Entre humour et revendication, 247 faux proc\u00e8s-verbaux ont \u00e9t\u00e9 remis aux voyageurs et aux agents SNCF, soulignant le besoin quotidien d&rsquo;une desserte du soir plus r\u00e9guli\u00e8re. <\/p>\n<p>Une revendication s&rsquo;est faite dans l&rsquo;humour ce vendredi 5 et samedi 6 d\u00e9cembre. Dans les TER de 23 h 30 mis exceptionnellement en circulation pour la F\u00eate des Lumi\u00e8res, les b\u00e9n\u00e9voles de l&rsquo;association des Usagers du TER de la Vall\u00e9e du Rh\u00f4ne (AUTERVR) ont distribu\u00e9 des \u00ab\u00a0proc\u00e8s-verbaux\u00a0\u00bb symboliques aux voyageurs, contr\u00f4leurs et agents SNCF. Accueillis avec sourires, conversations et photos, les usagers ont salu\u00e9 l&rsquo;initiative, selon les b\u00e9n\u00e9voles. Tous d\u00e9noncent l&rsquo;illogisme de n&rsquo;avoir acc\u00e8s \u00e0 des trains tardifs que deux soirs par an. \u00ab\u00a0Les rames de 23h30 \u00e9taient tr\u00e8s fr\u00e9quent\u00e9es, confirmant la n\u00e9cessit\u00e9 d\u2019un service du soir r\u00e9gulier\u00a0\u00bb, souligne l&rsquo;association. De nombreux passagers pr\u00e9sents ne se rendaient m\u00eame pas \u00e0 la F\u00eate des Lumi\u00e8res, selon eux, mais profitaient \u00ab\u00a0simplement du fait que, exceptionnellement, un train tardif leur permettait de rentrer chez eux\u00a0\u00bb.<\/p>\n<p><strong>Des revendications inchang\u00e9es<\/strong><\/p>\n<p>L&rsquo;association, dont le si\u00e8ge est \u00e0 Condrieu, r\u00e9clame depuis plusieurs ann\u00e9es la mise en place d&rsquo;un TER de 22 h 20 entre Lyon et Valence, et ce tous les soirs, ainsi qu&rsquo;un dernier d\u00e9part \u00e0 23 h depuis Lyon, comme annonc\u00e9 dans le projet de RER m\u00e9tropolitain. Mais sans retours concluants pour l&rsquo;instant. La R\u00e9gion avait initialement promis un service r\u00e9gulier en 2027, d\u00e9sormais repouss\u00e9 \u00e0 2035. <\/p>\n<p>Les usagers, amus\u00e9s par cette action, mais d\u00e9termin\u00e9s, souhaitent que ces fausses \u00ab\u00a0amendes\u00a0\u00bb soient remises tous les soirs jusqu&rsquo;\u00e0 ce que la desserte nocturne soit enfin effective. L&rsquo;association conclut : \u00ab\u00a0Derri\u00e8re l\u2019humour, un message clair : ce couvre-feu ferroviaire doit cesser.\u00a0\u00bb<\/p>\n","protected":false},"excerpt":{"rendered":"Cr\u00e9dit photo : AUTERVR \/ [Alexandre LECHEVALLIER] Ce vendredi 5 et samedi 6 d\u00e9cembre, l&rsquo;association des Usagers du&hellip;\n","protected":false},"author":2,"featured_media":585501,"comment_status":"","ping_status":"","sticky":false,"template":"","format":"standard","meta":{"footnotes":""},"categories":[1889],"tags":[1111,11,2430,1777,674,1011,27,2428,1272,12,25,2429],"class_list":{"0":"post-585500","1":"post","2":"type-post","3":"status-publish","4":"format-standard","5":"has-post-thumbnail","7":"category-lyon","8":"tag-actu","9":"tag-actualites","10":"tag-auvergne-rhone-alpes","11":"tag-eu","12":"tag-europe","13":"tag-fr","14":"tag-france","15":"tag-lyon","16":"tag-manifestations","17":"tag-news","18":"tag-republique-francaise","19":"tag-rhone"},"share_on_mastodon":{"url":"https:\/\/pubeurope.com\/@fr\/115681831800061538","error":""},"_links":{"self":[{"href":"https:\/\/www.europesays.com\/fr\/wp-json\/wp\/v2\/posts\/585500","targetHints":{"allow":["GET"]}}],"collection":[{"href":"https:\/\/www.europesays.com\/fr\/wp-json\/wp\/v2\/posts"}],"about":[{"href":"https:\/\/www.europesays.com\/fr\/wp-json\/wp\/v2\/types\/post"}],"author":[{"embeddable":true,"href":"https:\/\/www.europesays.com\/fr\/wp-json\/wp\/v2\/users\/2"}],"replies":[{"embeddable":true,"href":"https:\/\/www.europesays.com\/fr\/wp-json\/wp\/v2\/comments?post=585500"}],"version-history":[{"count":0,"href":"https:\/\/www.europesays.com\/fr\/wp-json\/wp\/v2\/posts\/585500\/revisions"}],"wp:featuredmedia":[{"embeddable":true,"href":"https:\/\/www.europesays.com\/fr\/wp-json\/wp\/v2\/media\/585501"}],"wp:attachment":[{"href":"https:\/\/www.europesays.com\/fr\/wp-json\/wp\/v2\/media?parent=585500"}],"wp:term":[{"taxonomy":"category","embeddable":true,"href":"https:\/\/www.europesays.com\/fr\/wp-json\/wp\/v2\/categories?post=585500"},{"taxonomy":"post_tag","embeddable":true,"href":"https:\/\/www.europesays.com\/fr\/wp-json\/wp\/v2\/tags?post=585500"}],"curies":[{"name":"wp","href":"https:\/\/api.w.org\/{rel}","templated":true}]}}