{"id":585504,"date":"2025-12-08T03:33:28","date_gmt":"2025-12-08T03:33:28","guid":{"rendered":"https:\/\/www.europesays.com\/fr\/585504\/"},"modified":"2025-12-08T03:33:28","modified_gmt":"2025-12-08T03:33:28","slug":"les-meilleurs-lieux-pour-noel-et-le-nouvel-an","status":"publish","type":"post","link":"https:\/\/www.europesays.com\/fr\/585504\/","title":{"rendered":"les meilleurs lieux pour No\u00ebl et le Nouvel An"},"content":{"rendered":"<p>ParisSelectBook &#8211; Feux d&rsquo;artifice \u00e0 Paris et en \u00cele-de-France en d\u00e9cembre 2025: les meilleurs lieux pour No\u00ebl et le Nouvel An &#8211; Cr\u00e9dit photo \u00a9 Paris Select Book<\/p>\n<p>En d\u00e9cembre 2025, <a href=\"https:\/\/www.parisselectbook.com\/2025\/12\/04\/paris-et-ile-de-france-sorties-a-faire-ce-dimanche-7-decembre-2025-nos-meilleures-idees\/\" target=\"_blank\" rel=\"noopener\">Paris et l\u2019\u00cele-de-France<\/a> pr\u00e9parent des soir\u00e9es qui r\u00e9chauffent les c\u0153urs. Les feux d\u2019artifice y tiennent une place centrale, entre retrouvailles, magie d\u2019hiver et compte \u00e0 rebours.<\/p>\n<p>Le <a href=\"https:\/\/www.parisselectbook.com\/2025\/12\/04\/expositions-a-paris-en-decembre-2025-10-incontournables-a-visiter-en-ile-de-france\/\" target=\"_blank\" rel=\"noopener\">calendrier<\/a> \u00e9volue selon les communes, puis selon la m\u00e9t\u00e9o. Ainsi, les annonces tombent souvent \u00e0 l\u2019automne, avec pr\u00e9cisions sur lieux, horaires et acc\u00e8s.<\/p>\n<p>O\u00f9 et quand assister aux spectacles en d\u00e9cembre 2025<\/p>\n<p>Le mois de d\u00e9cembre rime avec <a href=\"https:\/\/www.parisselectbook.com\/2025\/12\/04\/ou-acheter-des-gourmandises-de-noel-a-paris-calendriers-de-lavent-et-buches-de-noel\/\" target=\"_blank\" rel=\"noopener\">march\u00e9s de No\u00ebl<\/a>, parades et grands rendez-vous. Selon les premi\u00e8res informations, plusieurs villes d\u2019\u00cele-de-France pr\u00e9voient des shows gratuits, sous r\u00e9serve d\u2019autorisations. Les feux d\u2019artifice sont souvent associ\u00e9s \u00e0 une inauguration ou \u00e0 un final festif. Par cons\u00e9quent, guettez les programmes municipaux quand ils s\u2019ouvrent aux familles.<\/p>\n<p>\u00c0 Paris, la soir\u00e9e du <strong><a href=\"https:\/\/www.parisselectbook.com\/2025\/12\/04\/reveillon-du-jour-de-lan-a-paris-pertinence-la-belle-adresse-pour-un-diner-gastronomique-et-intimiste-pres-de-la-tour-eiffel-et-des-quais\/\" target=\"_blank\" rel=\"noopener\">31 d\u00e9cembre<\/a><\/strong> reste le point d\u2019orgue, avec un spectacle visuel attendu. Le format exact d\u00e9pendra des d\u00e9cisions de la <strong>Ville de Paris<\/strong> et de la pr\u00e9fecture. Les feux d\u2019artifice peuvent \u00eatre combin\u00e9s \u00e0 un show lumineux sur monument. En revanche, l\u2019acc\u00e8s \u00e0 certaines zones sera r\u00e9gul\u00e9 pour la s\u00e9curit\u00e9.<\/p>\n<blockquote>\n<p>\u00ab Les informations pratiques sont publi\u00e9es progressivement, afin d\u2019assurer un accueil fluide et s\u00fbr pour tous. \u00bb<\/p>\n<\/blockquote>\n<p>Paris intramuros : Nouvel An et \u00e9v\u00e9nements d\u2019hiver<\/p>\n<p>Le c\u0153ur de la capitale attire des foules importantes. Pour le r\u00e9veillon, un dispositif sp\u00e9cifique encadre les transports et les carrefours. Les feux d\u2019artifice, s\u2019ils sont confirm\u00e9s, s\u2019inscrivent dans un r\u00e9cit sc\u00e9nographi\u00e9. Ensuite, des animations musicales prolongent souvent la f\u00eate jusqu\u2019apr\u00e8s <strong>minuit<\/strong>.<\/p>\n<p>Durant la p\u00e9riode de l\u2019Avent, plusieurs quartiers proposent des moments lumineux. Certains arrondissements programment des illuminations et des concerts en plein air. Le calendrier se pr\u00e9cise au fil des semaines, aussi restez attentif aux publications officielles. Enfin, les familles appr\u00e9cient les formats t\u00f4t en soir\u00e9e, pens\u00e9s pour les enfants.<\/p>\n<ul>\n<li>Consultez le programme municipal avant de vous d\u00e9placer<\/li>\n<li>V\u00e9rifiez l\u2019heure d\u2019ouverture des p\u00e9rim\u00e8tres s\u00e9curis\u00e9s<\/li>\n<li>Pr\u00e9parez un plan B en cas de vent fort ou de pluie<\/li>\n<li>Rep\u00e9rez les stations de m\u00e9tro et sorties non satur\u00e9es<\/li>\n<li>Pr\u00e9voyez des v\u00eatements chauds et chaussures \u00e9tanches<\/li>\n<\/ul>\n<p>\u00cele-de-France : communes, acc\u00e8s et pratiques \u00e0 conna\u00eetre<\/p>\n<p>En petite comme en grande couronne, de nombreuses communes annoncent leur soir\u00e9e d\u2019hiver. Des spectacles familiaux cl\u00f4turent parfois un week-end festif, avec un compte \u00e0 rebours local. Les feux d\u2019artifice se tirent souvent depuis un parc, un plan d\u2019eau ou un stade. Ainsi, l\u2019acc\u00e8s peut \u00eatre limit\u00e9 pour des raisons de s\u00e9curit\u00e9.<\/p>\n<p>Les organisateurs publient des consignes simples et utiles. Par exemple, arriv\u00e9e conseill\u00e9e <strong>30 \u00e0 45 minutes<\/strong> avant le d\u00e9but, objets interdits, zones de stationnement. De plus, des itin\u00e9raires pi\u00e9tons sont fl\u00e9ch\u00e9s vers les meilleures zones de visibilit\u00e9. En bref, anticipez votre trajet retour, surtout avec des enfants.<\/p>\n<p>La p\u00e9riode de No\u00ebl voit aussi des shows priv\u00e9s, dans des parcs de loisirs. Les informations varient selon les jours d\u2019affluence, puis selon les files d\u2019acc\u00e8s. Les feux d\u2019artifice peuvent changer d\u2019horaire selon le vent. Par cons\u00e9quent, surveillez les alertes la veille du spectacle.<\/p>\n<p>Ce que l\u2019on sait d\u00e9j\u00e0, et ce qui reste \u00e0 confirmer<\/p>\n<p>Le guide sp\u00e9cialis\u00e9 mentionne des annonces progressives, mises \u00e0 jour au fil des autorisations. Des cr\u00e9neaux en fin d\u2019apr\u00e8s-midi existent dans certaines communes, adapt\u00e9s aux familles. Les feux d\u2019artifice de la <strong>Saint-Sylvestre 2025<\/strong> seront pr\u00e9cis\u00e9s d\u2019ici l\u2019hiver. Aussi, le sch\u00e9ma de circulation sera d\u00e9taill\u00e9 par les autorit\u00e9s.<\/p>\n<p>Pour le <strong>14 juillet 2025<\/strong>, la capitale pr\u00e9sentera un dispositif sp\u00e9cifique, diff\u00e9rent de l\u2019hiver. Les pr\u00e9cisions arriveront au printemps, avec lieux et horaires. Le format pyrotechnique d\u00e9pendra des contraintes techniques et du site. Ainsi, les informations officielles feront foi \u00e0 mesure qu\u2019elles arrivent.<\/p>\n<p>S\u00e9curit\u00e9, m\u00e9t\u00e9o et confort du public<\/p>\n<p>Les \u00e9quipes communales et les prestataires travaillent avec des plans stricts. Des zones d\u2019exclusion sont pos\u00e9es autour des pas de tir, afin d\u2019assurer une distance s\u00fbre. Les feux d\u2019artifice ne sont valid\u00e9s qu\u2019apr\u00e8s v\u00e9rifications techniques. Pourtant, un vent fort peut entra\u00eener un report de derni\u00e8re minute.<\/p>\n<p>Pour se pr\u00e9parer, pensez couches chaudes, bonnet et gants. De plus, pr\u00e9voyez une gourde et un encas pour patienter. Les poussettes sont parfois d\u00e9conseill\u00e9es dans les zones denses, selon les flux. Ensuite, fixez un point de rendez-vous au cas o\u00f9 le r\u00e9seau mobile sature.<\/p>\n<p>C\u00f4t\u00e9 transports, le <strong>m\u00e9tro<\/strong> et le <strong>RER<\/strong> ajustent parfois leurs horaires au r\u00e9veillon. Les stations proches des grands sites peuvent fermer temporairement. Les feux d\u2019artifice du <strong>31 d\u00e9cembre<\/strong> attirent de larges foules, y compris des visiteurs. Ainsi, commencez votre trajet retour quelques minutes apr\u00e8s la fin du show.<\/p>\n<p>O\u00f9 se placer pour bien voir, sans stress<\/p>\n<p>Visez un point haut ou un axe d\u00e9gag\u00e9, loin des arbres et des poteaux. Les familles pr\u00e9f\u00e8rent souvent les bords de parcs ou de places ouvertes. Les feux d\u2019artifice se lisent mieux avec un champ visuel large. En revanche, \u00e9vitez les zones sous le vent, qui re\u00e7oivent plus de fum\u00e9e.<\/p>\n<p>Arrivez en avance quand le site est gratuit et central. De plus, gardez un plan papier ou une capture d\u2019\u00e9cran des infos cl\u00e9s. Les annonces sonores guident les mouvements en fin de spectacle. Enfin, respectez les \u00e9quipes au sol, pour un d\u00e9part fluide et s\u00fbr.<\/p>\n<p>Conseils pratiques, horaires et transports le soir J<\/p>\n<p>V\u00e9rifiez le lieu pr\u00e9cis, l\u2019entr\u00e9e conseill\u00e9e et l\u2019heure de tir. Les feux d\u2019artifice d\u00e9butent souvent autour de <strong>23 h 59<\/strong> ou juste apr\u00e8s minuit. D\u2019abord, calculez votre temps de marche depuis la station choisie. Ensuite, choisissez une sortie moins fr\u00e9quent\u00e9e pour gagner du temps.<\/p>\n<p>Gardez un \u0153il sur la m\u00e9t\u00e9o jusqu\u2019\u00e0 la derni\u00e8re heure. Ainsi, un parapluie compact ou une cape de pluie peut sauver la soir\u00e9e. Les feux d\u2019artifice sont parfois avanc\u00e9s ou report\u00e9s si le vent forcit. Par cons\u00e9quent, suivez les mises \u00e0 jour communiqu\u00e9es par les organisateurs.<\/p>\n<p>Si vous venez avec enfants ou seniors, pr\u00e9voyez des pauses. De plus, rep\u00e9rez sanitaires et points de secours en amont. Un sac l\u00e9ger, mais bien organis\u00e9, change l\u2019exp\u00e9rience. Enfin, un itin\u00e9raire retour hors des art\u00e8res majeures peut \u00e9viter la foule.<\/p>\n","protected":false},"excerpt":{"rendered":"ParisSelectBook &#8211; Feux d&rsquo;artifice \u00e0 Paris et en \u00cele-de-France en d\u00e9cembre 2025: les meilleurs lieux pour No\u00ebl et&hellip;\n","protected":false},"author":2,"featured_media":585505,"comment_status":"","ping_status":"","sticky":false,"template":"","format":"standard","meta":{"footnotes":""},"categories":[1592],"tags":[1111,11,1777,674,38268,1011,27,662,12,626,25],"class_list":{"0":"post-585504","1":"post","2":"type-post","3":"status-publish","4":"format-standard","5":"has-post-thumbnail","7":"category-ile-de-france","8":"tag-actu","9":"tag-actualites","10":"tag-eu","11":"tag-europe","12":"tag-feux-dartifice","13":"tag-fr","14":"tag-france","15":"tag-ile-de-france","16":"tag-news","17":"tag-paris","18":"tag-republique-francaise"},"share_on_mastodon":{"url":"https:\/\/pubeurope.com\/@fr\/115681847305131595","error":""},"_links":{"self":[{"href":"https:\/\/www.europesays.com\/fr\/wp-json\/wp\/v2\/posts\/585504","targetHints":{"allow":["GET"]}}],"collection":[{"href":"https:\/\/www.europesays.com\/fr\/wp-json\/wp\/v2\/posts"}],"about":[{"href":"https:\/\/www.europesays.com\/fr\/wp-json\/wp\/v2\/types\/post"}],"author":[{"embeddable":true,"href":"https:\/\/www.europesays.com\/fr\/wp-json\/wp\/v2\/users\/2"}],"replies":[{"embeddable":true,"href":"https:\/\/www.europesays.com\/fr\/wp-json\/wp\/v2\/comments?post=585504"}],"version-history":[{"count":0,"href":"https:\/\/www.europesays.com\/fr\/wp-json\/wp\/v2\/posts\/585504\/revisions"}],"wp:featuredmedia":[{"embeddable":true,"href":"https:\/\/www.europesays.com\/fr\/wp-json\/wp\/v2\/media\/585505"}],"wp:attachment":[{"href":"https:\/\/www.europesays.com\/fr\/wp-json\/wp\/v2\/media?parent=585504"}],"wp:term":[{"taxonomy":"category","embeddable":true,"href":"https:\/\/www.europesays.com\/fr\/wp-json\/wp\/v2\/categories?post=585504"},{"taxonomy":"post_tag","embeddable":true,"href":"https:\/\/www.europesays.com\/fr\/wp-json\/wp\/v2\/tags?post=585504"}],"curies":[{"name":"wp","href":"https:\/\/api.w.org\/{rel}","templated":true}]}}