{"id":585506,"date":"2025-12-08T03:34:18","date_gmt":"2025-12-08T03:34:18","guid":{"rendered":"https:\/\/www.europesays.com\/fr\/585506\/"},"modified":"2025-12-08T03:34:18","modified_gmt":"2025-12-08T03:34:18","slug":"le-spectacle-dary-abittan-a-paris-interrompu-par-lintervention-de-plusieurs-militantes-feministes","status":"publish","type":"post","link":"https:\/\/www.europesays.com\/fr\/585506\/","title":{"rendered":"Le spectacle d\u2019Ary Abittan \u00e0 Paris interrompu par l\u2019intervention de plusieurs militantes f\u00e9ministes"},"content":{"rendered":"<p> \u00abUn non-lieu n\u2019est pas un acquittement.\u00a0\u00bb Ce samedi soir, alors qu\u2019<a href=\"https:\/\/www.20minutes.fr\/societe\/4184130-20251106-aucune-colere-humoriste-ary-abittan-pardonne-femme-accuse-viol\" class=\"c-link c-link--is-underlined\" target=\"_blank\" rel=\"noopener\">Ary Abittan<\/a> se produisait au <a href=\"https:\/\/www.20minutes.fr\/dossier\/theatre\" class=\"c-link c-link--is-underlined\" target=\"_blank\" rel=\"noopener\">th\u00e9\u00e2tre<\/a> des Folies Berg\u00e8res (9e\u00a0arrondissement de Paris), l\u2019humoriste de 51 ans a vu son spectacle perturb\u00e9 par des militantes f\u00e9ministes du collectif Nous Toutes comme on peut le voir sur des publications du groupe <a href=\"https:\/\/www.instagram.com\/reel\/DR7zbIWiA7g\/?utm_source=ig_embed\" target=\"_blank\" class=\"c-link c-link--is-underlined\" rel=\"noopener\">sur les r\u00e9seaux sociaux<\/a>.<\/p>\n<p>Selon le collectif Nous Toutes Paris Nord, confirm\u00e9 par les vid\u00e9os post\u00e9es, plusieurs militantes, qui portaient \u00e0 masque d\u2019Ary Abittan barr\u00e9 du mot \u00ab\u00a0violeur\u00a0\u00bb, sont intervenues aux alentours de 20 heures en scandant \u00ab\u00a0violeur Abittan\u00a0!\u00a0\u00bb.<\/p>\n<p>Accus\u00e9 et mis en examen pour viol, l\u2019acteur avait b\u00e9n\u00e9fici\u00e9 d\u2019un non-lieu en\u00a02024<\/p>\n<p>Rapidement \u00e9vacu\u00e9es par la s\u00e9curit\u00e9, ces militantes sont intervenues en r\u00e9f\u00e9rence \u00e0 ses r\u00e9cents d\u00e9boires judiciaires. L\u2019acteur de \u00ab\u00a0<a href=\"https:\/\/www.20minutes.fr\/arts-stars\/cinema\/3209427-20220103-qu-est-ce-qu-on-a-tous-fait-au-bon-dieu-2021\" class=\"c-link c-link--is-underlined\" target=\"_blank\" rel=\"noopener\">Qu\u2019est-ce qu\u2019on a fait au bon Dieu\u00a0?<\/a>\u00a0\u00bb a \u00e9t\u00e9 mis en examen et soumis \u00e0 un contr\u00f4le judiciaire apr\u00e8s des accusations de viol en\u00a02021, avant que la justice ne prononce un non-lieu en avril\u00a02024. Une d\u00e9cision confirm\u00e9e en appel en janvier\u00a02025.<\/p>\n<\/p>\n<p>L\u2019humoriste fait son retour sur sc\u00e8ne avec un spectacle intitul\u00e9 \u00ab\u00a0Authentique\u00a0\u00bb, trois ans apr\u00e8s son retrait de la vie publique en raison de l\u2019enqu\u00eate.<\/p>\n<p>Nous Toutes refuse \u00ab\u00a0la r\u00e9int\u00e9gration m\u00e9diatique et professionnelle d\u2019un homme est accus\u00e9 de viol\u00a0\u00bb<\/p>\n<p>Si l\u2019affaire est close pour la justice, le collectif Nous Toutes rappelle qu\u2019\u00ab\u00a0un non-lieu n\u2019est pas un acquittement, c\u2019est juste la fin des poursuites\u00a0\u00bb. \u00ab\u00a0Nous Toutes refuse de voir se d\u00e9rouler la r\u00e9int\u00e9gration m\u00e9diatique et professionnelle d\u2019un homme qui est accus\u00e9 de viol\u00a0\u00bb, ajoute une repr\u00e9sentante du collectif qui ajoute qu\u2019en France moins d\u20191\u00a0% des violeurs sont condamn\u00e9s\u00a0\u00bb.<\/p>\n<p>Selon le collectif, ses membres ont subi \u00ab\u00a0des coups au visage\u00a0\u00bb lors de leur \u00e9vacuation. Une journaliste de Le M\u00e9dia, pr\u00e9sente pour filmer l\u2019action, aurait \u00e9galement re\u00e7u des coups.<\/p>\n<p>Pour l\u2019heure, Ary Abittan n\u2019a pas directement r\u00e9agi.<\/p>\n<p><script async src=\"\/\/www.instagram.com\/embed.js\"><\/script><\/p>\n","protected":false},"excerpt":{"rendered":"\u00abUn non-lieu n\u2019est pas un acquittement.\u00a0\u00bb Ce samedi soir, alors qu\u2019Ary Abittan se produisait au th\u00e9\u00e2tre des Folies&hellip;\n","protected":false},"author":2,"featured_media":585507,"comment_status":"","ping_status":"","sticky":false,"template":"","format":"standard","meta":{"footnotes":""},"categories":[1888],"tags":[1111,1928,47,11,1927,251,58,1777,674,118,6757,1011,27,708,662,12,1926,626,1925,25,1347,1265,799],"class_list":{"0":"post-585506","1":"post","2":"type-post","3":"status-publish","4":"format-standard","5":"has-post-thumbnail","7":"category-paris","8":"tag-actu","9":"tag-actu-paris","10":"tag-actualite","11":"tag-actualites","12":"tag-actualites-paris","13":"tag-culture","14":"tag-divertissement","15":"tag-eu","16":"tag-europe","17":"tag-faits-divers","18":"tag-feminisme","19":"tag-fr","20":"tag-france","21":"tag-humour","22":"tag-ile-de-france","23":"tag-news","24":"tag-news-paris","25":"tag-paris","26":"tag-paris-news","27":"tag-republique-francaise","28":"tag-theatre","29":"tag-viol","30":"tag-violences-sexuelles"},"share_on_mastodon":{"url":"https:\/\/pubeurope.com\/@fr\/115681851125610450","error":""},"_links":{"self":[{"href":"https:\/\/www.europesays.com\/fr\/wp-json\/wp\/v2\/posts\/585506","targetHints":{"allow":["GET"]}}],"collection":[{"href":"https:\/\/www.europesays.com\/fr\/wp-json\/wp\/v2\/posts"}],"about":[{"href":"https:\/\/www.europesays.com\/fr\/wp-json\/wp\/v2\/types\/post"}],"author":[{"embeddable":true,"href":"https:\/\/www.europesays.com\/fr\/wp-json\/wp\/v2\/users\/2"}],"replies":[{"embeddable":true,"href":"https:\/\/www.europesays.com\/fr\/wp-json\/wp\/v2\/comments?post=585506"}],"version-history":[{"count":0,"href":"https:\/\/www.europesays.com\/fr\/wp-json\/wp\/v2\/posts\/585506\/revisions"}],"wp:featuredmedia":[{"embeddable":true,"href":"https:\/\/www.europesays.com\/fr\/wp-json\/wp\/v2\/media\/585507"}],"wp:attachment":[{"href":"https:\/\/www.europesays.com\/fr\/wp-json\/wp\/v2\/media?parent=585506"}],"wp:term":[{"taxonomy":"category","embeddable":true,"href":"https:\/\/www.europesays.com\/fr\/wp-json\/wp\/v2\/categories?post=585506"},{"taxonomy":"post_tag","embeddable":true,"href":"https:\/\/www.europesays.com\/fr\/wp-json\/wp\/v2\/tags?post=585506"}],"curies":[{"name":"wp","href":"https:\/\/api.w.org\/{rel}","templated":true}]}}