{"id":585508,"date":"2025-12-08T03:35:19","date_gmt":"2025-12-08T03:35:19","guid":{"rendered":"https:\/\/www.europesays.com\/fr\/585508\/"},"modified":"2025-12-08T03:35:19","modified_gmt":"2025-12-08T03:35:19","slug":"le-havre-paris-fc-0-0-les-notes-des-joueurs-parisiens-avec-trapp-vigilant-et-krasso-decevant","status":"publish","type":"post","link":"https:\/\/www.europesays.com\/fr\/585508\/","title":{"rendered":"Le\u00a0Havre-Paris FC (0-0)\u00a0: les notes des joueurs parisiens avec Trapp vigilant et Krasso d\u00e9cevant"},"content":{"rendered":"<p class=\"paragraph text_align_left lp-f-body-02\">Si Pierre Lees-Melou n\u2019\u00e9tait finalement pas dans le groupe, le <a href=\"https:\/\/www.leparisien.fr\/sports\/football\/paris-fc\/\" target=\"_self\" rel=\"noopener\">Paris FC<\/a> pouvait compter sur les retours de Kevin Trapp et Maxime Lopez pour ce d\u00e9placement au Havre. Tuomas Ollila \u00e9tait, lui, titularis\u00e9 pour la deuxi\u00e8me fois de la saison au poste de lat\u00e9ral gauche.<\/p>\n<p class=\"paragraph text_align_left lp-f-body-02\">Les deux \u00e9quipes qui ont touch\u00e9 les montants \u2014 deux fois chacun \u2014 n\u2019ont pas pu se d\u00e9partager. Une prestation d\u00e9cevante pour le Paris FC mais un nul \u00e9quitable \u00e0 l\u2019arriv\u00e9e (0-0).<\/p>\n","protected":false},"excerpt":{"rendered":"Si Pierre Lees-Melou n\u2019\u00e9tait finalement pas dans le groupe, le Paris FC pouvait compter sur les retours de&hellip;\n","protected":false},"author":2,"featured_media":585509,"comment_status":"","ping_status":"","sticky":false,"template":"","format":"standard","meta":{"footnotes":""},"categories":[1888],"tags":[1111,1928,11,1927,1777,674,63,1011,27,66,12,1926,626,1925,25,60],"class_list":{"0":"post-585508","1":"post","2":"type-post","3":"status-publish","4":"format-standard","5":"has-post-thumbnail","7":"category-paris","8":"tag-actu","9":"tag-actu-paris","10":"tag-actualites","11":"tag-actualites-paris","12":"tag-eu","13":"tag-europe","14":"tag-football","15":"tag-fr","16":"tag-france","17":"tag-ligue-1","18":"tag-news","19":"tag-news-paris","20":"tag-paris","21":"tag-paris-news","22":"tag-republique-francaise","23":"tag-sports"},"share_on_mastodon":{"url":"https:\/\/pubeurope.com\/@fr\/115681855014547436","error":""},"_links":{"self":[{"href":"https:\/\/www.europesays.com\/fr\/wp-json\/wp\/v2\/posts\/585508","targetHints":{"allow":["GET"]}}],"collection":[{"href":"https:\/\/www.europesays.com\/fr\/wp-json\/wp\/v2\/posts"}],"about":[{"href":"https:\/\/www.europesays.com\/fr\/wp-json\/wp\/v2\/types\/post"}],"author":[{"embeddable":true,"href":"https:\/\/www.europesays.com\/fr\/wp-json\/wp\/v2\/users\/2"}],"replies":[{"embeddable":true,"href":"https:\/\/www.europesays.com\/fr\/wp-json\/wp\/v2\/comments?post=585508"}],"version-history":[{"count":0,"href":"https:\/\/www.europesays.com\/fr\/wp-json\/wp\/v2\/posts\/585508\/revisions"}],"wp:featuredmedia":[{"embeddable":true,"href":"https:\/\/www.europesays.com\/fr\/wp-json\/wp\/v2\/media\/585509"}],"wp:attachment":[{"href":"https:\/\/www.europesays.com\/fr\/wp-json\/wp\/v2\/media?parent=585508"}],"wp:term":[{"taxonomy":"category","embeddable":true,"href":"https:\/\/www.europesays.com\/fr\/wp-json\/wp\/v2\/categories?post=585508"},{"taxonomy":"post_tag","embeddable":true,"href":"https:\/\/www.europesays.com\/fr\/wp-json\/wp\/v2\/tags?post=585508"}],"curies":[{"name":"wp","href":"https:\/\/api.w.org\/{rel}","templated":true}]}}