{"id":58551,"date":"2025-04-28T06:03:12","date_gmt":"2025-04-28T06:03:12","guid":{"rendered":"https:\/\/www.europesays.com\/fr\/58551\/"},"modified":"2025-04-28T06:03:12","modified_gmt":"2025-04-28T06:03:12","slug":"le-rapprochement-entre-lile-de-france-et-le-maroc-concretise-avec-un-nouveau-partenariat","status":"publish","type":"post","link":"https:\/\/www.europesays.com\/fr\/58551\/","title":{"rendered":"Le rapprochement entre l&rsquo;\u00cele-de-France et le Maroc concr\u00e9tis\u00e9 avec un nouveau partenariat"},"content":{"rendered":"\n<p lang=\"fr-FR\" style=\"margin-bottom: 0cm;\">La semaine derni\u00e8re, Val\u00e9rie P\u00e9cresse \u00e9tait en voyage au royaume du Maroc. Son d\u00e9placement visait \u00e0 renforcer les liens entre certains territoires et la r\u00e9gion francilienne. C&rsquo;est chose faite gr\u00e2ce \u00e0 un nouveau partenariat, nou\u00e9 avec la r\u00e9gion de Marrakech-Safi. Le texte devrait \u00ab\u00a0renforcer les liens \u00e9conomiques\u00a0\u00bb entre les deux. Par ailleurs, le partenariat avec la r\u00e9gion de Casablanca-Settat et le conseil r\u00e9gional d&rsquo;\u00cele-de-France a \u00e9t\u00e9 renouvel\u00e9. De quoi aider \u00e0 d\u00e9ployer son sch\u00e9ma r\u00e9gional de transport d&rsquo;ici 2029, avant la Coupe du monde de 2030.<\/p>\n<p lang=\"fr-FR\" style=\"margin-bottom: 0cm;\">\u00a0<\/p>\n<p lang=\"fr-FR\" style=\"margin-bottom: 0cm;\">Nicolas Chacun<\/p>\n<p>!function(f,b,e,v,n,t,s){if(f.fbq)return;n=f.fbq=function(){n.callMethod?<br \/>\nn.callMethod.apply(n,arguments):n.queue.push(arguments)};if(!f._fbq)f._fbq=n;<br \/>\nn.push=n;n.loaded=!0;n.version=&rsquo;2.0&prime;;n.queue=[];t=b.createElement(e);t.async=!0;<br \/>\nt.src=v;s=b.getElementsByTagName(e)[0];s.parentNode.insertBefore(t,s)}(window,<br \/>\ndocument,&rsquo;script&rsquo;,&rsquo;https:\/\/connect.facebook.net\/en_US\/fbevents.js&rsquo;);<br \/>\nfbq(&lsquo;init&rsquo;, &lsquo;278974969201861&rsquo;); \/\/ Insert your pixel ID here.<br \/>\nfbq(&lsquo;track&rsquo;, &lsquo;PageView&rsquo;);<\/p>\n","protected":false},"excerpt":{"rendered":"La semaine derni\u00e8re, Val\u00e9rie P\u00e9cresse \u00e9tait en voyage au royaume du Maroc. Son d\u00e9placement visait \u00e0 renforcer les&hellip;\n","protected":false},"author":2,"featured_media":58552,"comment_status":"","ping_status":"","sticky":false,"template":"","format":"standard","meta":{"footnotes":""},"categories":[1592],"tags":[1111,11,1933,1936,1777,1939,674,1011,27,662,1934,12,1940,626,1935,25,1937,1941,1938],"class_list":{"0":"post-58551","1":"post","2":"type-post","3":"status-publish","4":"format-standard","5":"has-post-thumbnail","7":"category-ile-de-france","8":"tag-actu","9":"tag-actualites","10":"tag-actualites-locales","11":"tag-essonne","12":"tag-eu","13":"tag-eure-et-loir","14":"tag-europe","15":"tag-fr","16":"tag-france","17":"tag-ile-de-france","18":"tag-infos-locales","19":"tag-news","20":"tag-oise","21":"tag-paris","22":"tag-pres-de-chez-vous","23":"tag-republique-francaise","24":"tag-seine-et-marne","25":"tag-somme","26":"tag-yvelines"},"share_on_mastodon":{"url":"https:\/\/pubeurope.com\/@fr\/114414079604253876","error":""},"_links":{"self":[{"href":"https:\/\/www.europesays.com\/fr\/wp-json\/wp\/v2\/posts\/58551","targetHints":{"allow":["GET"]}}],"collection":[{"href":"https:\/\/www.europesays.com\/fr\/wp-json\/wp\/v2\/posts"}],"about":[{"href":"https:\/\/www.europesays.com\/fr\/wp-json\/wp\/v2\/types\/post"}],"author":[{"embeddable":true,"href":"https:\/\/www.europesays.com\/fr\/wp-json\/wp\/v2\/users\/2"}],"replies":[{"embeddable":true,"href":"https:\/\/www.europesays.com\/fr\/wp-json\/wp\/v2\/comments?post=58551"}],"version-history":[{"count":0,"href":"https:\/\/www.europesays.com\/fr\/wp-json\/wp\/v2\/posts\/58551\/revisions"}],"wp:featuredmedia":[{"embeddable":true,"href":"https:\/\/www.europesays.com\/fr\/wp-json\/wp\/v2\/media\/58552"}],"wp:attachment":[{"href":"https:\/\/www.europesays.com\/fr\/wp-json\/wp\/v2\/media?parent=58551"}],"wp:term":[{"taxonomy":"category","embeddable":true,"href":"https:\/\/www.europesays.com\/fr\/wp-json\/wp\/v2\/categories?post=58551"},{"taxonomy":"post_tag","embeddable":true,"href":"https:\/\/www.europesays.com\/fr\/wp-json\/wp\/v2\/tags?post=58551"}],"curies":[{"name":"wp","href":"https:\/\/api.w.org\/{rel}","templated":true}]}}