{"id":585510,"date":"2025-12-08T03:36:18","date_gmt":"2025-12-08T03:36:18","guid":{"rendered":"https:\/\/www.europesays.com\/fr\/585510\/"},"modified":"2025-12-08T03:36:18","modified_gmt":"2025-12-08T03:36:18","slug":"deces-de-larchitecte-americain-frank-gehry","status":"publish","type":"post","link":"https:\/\/www.europesays.com\/fr\/585510\/","title":{"rendered":"D\u00e9c\u00e8s de l&rsquo;architecte am\u00e9ricain Frank Gehry"},"content":{"rendered":"<p>\n                                        <b>Par<\/b><br \/>\n                                        <br \/>Reuters\n                                    <\/p>\n<p>\n                                    <b>Publi\u00e9 le<\/b><br \/>\n                                    <\/p>\n<p>                                        7 d\u00e9cembre 2025<\/p>\n<p class=\"article-content col-md-8 offset-md-1\">\n                                L&rsquo;architecte am\u00e9ricain Frank Gehry, \u00e0 l&rsquo;origine du mus\u00e9e Guggenheim de Bilbao, en Espagne, et de la Fondation Louis Vuitton, \u00e0 Paris, est d\u00e9c\u00e9d\u00e9 vendredi \u00e0 l&rsquo;\u00e2ge de 96 ans, rapporte le New York Times.<\/p>\n<p><img decoding=\"async\" class=\"news-image\" style=\"width:100%;max-width:683px;\" src=\"https:\/\/www.europesays.com\/fr\/wp-content\/uploads\/2025\/12\/ddc1.png\" alt=\"L'architecte Frank Gehry assiste \u00e0 la c\u00e9r\u00e9monie officielle de pose de la premi\u00e8re pierre de 'The Grand', un projet \u00e0 usage mixte con\u00e7u par Frank Gehry dans le centre de Los Angeles\" loading=\"lazy\"\/>L&rsquo;architecte Frank Gehry assiste \u00e0 la c\u00e9r\u00e9monie officielle de pose de la premi\u00e8re pierre de \u00ab\u00a0The Grand\u00a0\u00bb, un projet \u00e0 usage mixte con\u00e7u par Frank Gehry dans le centre de Los Angeles &#8211; Reuters &#8211; Mike Blake<\/p>\n<p>Il doit notamment sa c\u00e9l\u00e9brit\u00e9 \u00e0 ses cr\u00e9ations audacieuses et fantaisistes de tours pench\u00e9es et de grandes feuilles de m\u00e9tal incurv\u00e9es.<\/p>\n<p class=\"col-md-8 offset-md-1 article-content--texte\">(R\u00e9dig\u00e9 par Bhargav Acharya \u00e0 Toronto; version fran\u00e7aise Claude Chendjou)\n                            <\/p>\n<p>\n                                \u00a9 Thomson Reuters 2025 All rights reserved.\n                            <\/p>\n","protected":false},"excerpt":{"rendered":"Par Reuters Publi\u00e9 le 7 d\u00e9cembre 2025 L&rsquo;architecte am\u00e9ricain Frank Gehry, \u00e0 l&rsquo;origine du mus\u00e9e Guggenheim de Bilbao,&hellip;\n","protected":false},"author":2,"featured_media":585511,"comment_status":"","ping_status":"","sticky":false,"template":"","format":"standard","meta":{"footnotes":""},"categories":[1888],"tags":[11,2424,537,2423,1777,674,1011,27,2425,985,12,2298,626,2426,2427,25,2421,2422],"class_list":{"0":"post-585510","1":"post","2":"type-post","3":"status-publish","4":"format-standard","5":"has-post-thumbnail","7":"category-paris","8":"tag-actualites","9":"tag-beaute","10":"tag-contact","11":"tag-cosmetiques","12":"tag-eu","13":"tag-europe","14":"tag-fr","15":"tag-france","16":"tag-luxe","17":"tag-mode","18":"tag-news","19":"tag-parfum","20":"tag-paris","21":"tag-professionnel","22":"tag-professionnels","23":"tag-republique-francaise","24":"tag-reseau","25":"tag-textile"},"share_on_mastodon":{"url":"https:\/\/pubeurope.com\/@fr\/115681859765751082","error":""},"_links":{"self":[{"href":"https:\/\/www.europesays.com\/fr\/wp-json\/wp\/v2\/posts\/585510","targetHints":{"allow":["GET"]}}],"collection":[{"href":"https:\/\/www.europesays.com\/fr\/wp-json\/wp\/v2\/posts"}],"about":[{"href":"https:\/\/www.europesays.com\/fr\/wp-json\/wp\/v2\/types\/post"}],"author":[{"embeddable":true,"href":"https:\/\/www.europesays.com\/fr\/wp-json\/wp\/v2\/users\/2"}],"replies":[{"embeddable":true,"href":"https:\/\/www.europesays.com\/fr\/wp-json\/wp\/v2\/comments?post=585510"}],"version-history":[{"count":0,"href":"https:\/\/www.europesays.com\/fr\/wp-json\/wp\/v2\/posts\/585510\/revisions"}],"wp:featuredmedia":[{"embeddable":true,"href":"https:\/\/www.europesays.com\/fr\/wp-json\/wp\/v2\/media\/585511"}],"wp:attachment":[{"href":"https:\/\/www.europesays.com\/fr\/wp-json\/wp\/v2\/media?parent=585510"}],"wp:term":[{"taxonomy":"category","embeddable":true,"href":"https:\/\/www.europesays.com\/fr\/wp-json\/wp\/v2\/categories?post=585510"},{"taxonomy":"post_tag","embeddable":true,"href":"https:\/\/www.europesays.com\/fr\/wp-json\/wp\/v2\/tags?post=585510"}],"curies":[{"name":"wp","href":"https:\/\/api.w.org\/{rel}","templated":true}]}}