{"id":585515,"date":"2025-12-08T03:40:18","date_gmt":"2025-12-08T03:40:18","guid":{"rendered":"https:\/\/www.europesays.com\/fr\/585515\/"},"modified":"2025-12-08T03:40:18","modified_gmt":"2025-12-08T03:40:18","slug":"ukraine-en-direct-%e2%88%92-donald-trump-reproche-a-volodymyr-zelensky-de-navoir-pas-lu-la-proposition-de-paix","status":"publish","type":"post","link":"https:\/\/www.europesays.com\/fr\/585515\/","title":{"rendered":"Ukraine en direct \u2212 Donald Trump reproche \u00e0 Volodymyr Zelensky de n\u2019avoir \u00abpas lu la proposition\u00bb de paix"},"content":{"rendered":"<p>        04:30<\/p>\n<p>      Zelensky, critiqu\u00e9 par Trump, re\u00e7u par ses alli\u00e9s europ\u00e9ens<\/p>\n<p>              <a tabindex=\"-1\" title=\"Le Temps avec l\u2019AFP\" href=\"https:\/\/www.letemps.ch\/profil\/le-temps-avec-l-afp\" target=\"_blank\" rel=\"noopener\"><\/p>\n<p>                    <img decoding=\"async\" src=\"https:\/\/www.europesays.com\/fr\/wp-content\/uploads\/2025\/04\/1744691829_537_small.jpeg\" class=\"lazy\" alt=\"\"\/><\/p>\n<p><\/a>        <\/p>\n<p>Volodymyr Zelensky doit revoir lundi \u00e0 Londres ses alli\u00e9s europ\u00e9ens Keir Starmer, Emmanuel Macron et Friedrich Merz, au moment o\u00f9 Donald Trump lui reproche de ne \u00abpas avoir lu\u00bb sa proposition de r\u00e8glement du conflit, objet de tractations s\u00e9par\u00e9es avec Moscou et Kiev. Le pr\u00e9sident ukrainien sera re\u00e7u par le Premier ministre britannique, en compagnie du pr\u00e9sident fran\u00e7ais et du chancelier allemand.<\/p>\n<p>La r\u00e9union est destin\u00e9e \u00e0 faire le point sur \u00ables n\u00e9gociations en cours dans le cadre de la m\u00e9diation am\u00e9ricaine\u00bb, avait d\u00e9j\u00e0 \u00e9crit samedi sur X Emmanuel Macron en promettant de \u00abcontinuer \u00e0 faire pression sur la Russie pour la contraindre \u00e0 la paix\u00bb.<\/p>\n<p>Au m\u00eame moment, la cheffe de la diplomatie britannique Yvette Cooper est attendue \u00e0 Washington pour rencontrer son homologue am\u00e9ricain Marco Rubio, dans le cadre d\u2019intenses efforts diplomatiques pour tenter de mettre fin \u00e0 la guerre en Ukraine d\u00e9clench\u00e9e par l\u2019invasion russe du 24 f\u00e9vrier 2022.<\/p>\n<p>Le Royaume-Uni et les Etats-Unis devraient r\u00e9affirmer \u00ableur engagement \u00e0 parvenir \u00e0 un accord de paix en Ukraine\u00bb, a annonc\u00e9 le Foreign Office, ajoutant que Londres appuie \u00ables efforts continus du pr\u00e9sident Trump pour garantir une paix juste et durable\u00bb.<\/p>\n<p>        03:53<\/p>\n<p>      Donald Trump reproche \u00e0 Volodymyr Zelensky de n\u2019avoir pas lu la proposition de paix<\/p>\n<p>              <a tabindex=\"-1\" title=\"Le Temps avec l\u2019AFP\" href=\"https:\/\/www.letemps.ch\/profil\/le-temps-avec-l-afp\" target=\"_blank\" rel=\"noopener\"><\/p>\n<p>                    <img decoding=\"async\" src=\"https:\/\/www.europesays.com\/fr\/wp-content\/uploads\/2025\/04\/1744691829_537_small.jpeg\" class=\"lazy\" alt=\"\"\/><\/p>\n<p><\/a>        <\/p>\n<p>Donald Trump a reproch\u00e9 dimanche soir \u00e0 son homologue ukrainien Volodymyr Zelensky de n\u2019avoir \u00abpas lu la proposition\u00bb de paix sur l\u2019Ukraine d\u00e9voil\u00e9e il y a trois semaines par Washington. Cette derni\u00e8re fait l\u2019objet de pourparlers s\u00e9par\u00e9s avec Moscou et Kiev.<\/p>\n<p>\u00abNous avons donc parl\u00e9 au pr\u00e9sident (russe Vladimir) Poutine, nous avons parl\u00e9 aux dirigeants ukrainiens \u2013 notamment Zelensky, le pr\u00e9sident Zelensky \u2013 et je dois dire que je suis un peu d\u00e9\u00e7u que le pr\u00e9sident Zelensky n\u2019ait pas encore lu la proposition\u00bb am\u00e9ricaine en vue d\u2019un r\u00e8glement en Ukraine, a d\u00e9plor\u00e9 le pr\u00e9sident am\u00e9ricain, interrog\u00e9 par des journalistes lors d\u2019une soir\u00e9e de gala \u00e0 Washington.<\/p>\n<p>\u00abCela convient \u00e0 la Russie, vous savez je pense que la Russie pr\u00e9f\u00e9rerait avoir tout le pays\u00bb, mais \u00abje ne suis pas s\u00fbr que cela convienne \u00e0 Zelensky\u00bb, a encore dit Donald Trump.<\/p>\n","protected":false},"excerpt":{"rendered":"04:30 Zelensky, critiqu\u00e9 par Trump, re\u00e7u par ses alli\u00e9s europ\u00e9ens Volodymyr Zelensky doit revoir lundi \u00e0 Londres ses&hellip;\n","protected":false},"author":2,"featured_media":585516,"comment_status":"","ping_status":"","sticky":false,"template":"","format":"standard","meta":{"footnotes":""},"categories":[1590],"tags":[11,1777,674,4438,12,132,220],"class_list":{"0":"post-585515","1":"post","2":"type-post","3":"status-publish","4":"format-standard","5":"has-post-thumbnail","7":"category-ukraine","8":"tag-actualites","9":"tag-eu","10":"tag-europe","11":"tag-free","12":"tag-news","13":"tag-russie","14":"tag-ukraine"},"share_on_mastodon":{"url":"https:\/\/pubeurope.com\/@fr\/115681875534189090","error":""},"_links":{"self":[{"href":"https:\/\/www.europesays.com\/fr\/wp-json\/wp\/v2\/posts\/585515","targetHints":{"allow":["GET"]}}],"collection":[{"href":"https:\/\/www.europesays.com\/fr\/wp-json\/wp\/v2\/posts"}],"about":[{"href":"https:\/\/www.europesays.com\/fr\/wp-json\/wp\/v2\/types\/post"}],"author":[{"embeddable":true,"href":"https:\/\/www.europesays.com\/fr\/wp-json\/wp\/v2\/users\/2"}],"replies":[{"embeddable":true,"href":"https:\/\/www.europesays.com\/fr\/wp-json\/wp\/v2\/comments?post=585515"}],"version-history":[{"count":0,"href":"https:\/\/www.europesays.com\/fr\/wp-json\/wp\/v2\/posts\/585515\/revisions"}],"wp:featuredmedia":[{"embeddable":true,"href":"https:\/\/www.europesays.com\/fr\/wp-json\/wp\/v2\/media\/585516"}],"wp:attachment":[{"href":"https:\/\/www.europesays.com\/fr\/wp-json\/wp\/v2\/media?parent=585515"}],"wp:term":[{"taxonomy":"category","embeddable":true,"href":"https:\/\/www.europesays.com\/fr\/wp-json\/wp\/v2\/categories?post=585515"},{"taxonomy":"post_tag","embeddable":true,"href":"https:\/\/www.europesays.com\/fr\/wp-json\/wp\/v2\/tags?post=585515"}],"curies":[{"name":"wp","href":"https:\/\/api.w.org\/{rel}","templated":true}]}}