{"id":585517,"date":"2025-12-08T03:41:37","date_gmt":"2025-12-08T03:41:37","guid":{"rendered":"https:\/\/www.europesays.com\/fr\/585517\/"},"modified":"2025-12-08T03:41:37","modified_gmt":"2025-12-08T03:41:37","slug":"effacement-civilisationnel-censure-repression-de-lopposition-politique-comment-les-etats-unis-multiplient-les-attaques-contre-lunion-europeenne","status":"publish","type":"post","link":"https:\/\/www.europesays.com\/fr\/585517\/","title":{"rendered":"\u00ab\u00a0Effacement civilisationnel\u00a0\u00bb, \u00ab\u00a0censure\u00a0\u00bb, \u00ab\u00a0r\u00e9pression de l&rsquo;opposition politique\u00a0\u00bb&#8230; Comment les Etats-Unis multiplient les attaques contre l&rsquo;Union europ\u00e9enne"},"content":{"rendered":"\n<p class=\"c-chapo \">\n  Dans sa nouvelle doctrine g\u00e9opolitique, publi\u00e9e vendredi, Donald Trump tance vertement les Europ\u00e9ens, toujours \u00e9cart\u00e9s des n\u00e9gociations pour mettre un terme \u00e0 la guerre en Ukraine.\n<\/p>\n<p>      lire plus tard<\/p>\n<p id=\"dialog__title\" class=\"dialog__title\">Pour sauvegarder cet article, connectez-vous ou cr\u00e9ez un compte franceinfo<\/p>\n<p class=\"dialog__description\">Sans paiement. Sans abonnement.<\/p>\n<p>        Fermer la fen\u00eatre d\u2019activation des notifications France Info<\/p>\n<p>      cr\u00e9er votre compte<\/p>\n<p>      se connecter<\/p>\n<p>        Fermer la fen\u00eatre de pr\u00e9sentation<\/p>\n<p>    <img loading=\"lazy\" decoding=\"async\" class=\"signature__image lazyload\" width=\"100\" height=\"100\" data- alt=\"\" src=\"https:\/\/www.europesays.com\/fr\/wp-content\/uploads\/2025\/06\/64a55fd777de4_placeholder-36b69ec8.png\"\/><\/p>\n<p>    Publi\u00e9 le 07\/12\/2025 15:26<\/p>\n<p>        Temps de lecture : 7min<\/p>\n<p>    <img decoding=\"async\"  alt=\"Le pr\u00e9sident am\u00e9ricain, Donald Trump, lors du tirage au sort de la Coupe du monde, \u00e0 Washington DC, le 6 d\u00e9cembre 2025. (PATRICK SMITH \/ GETTY IMAGES NORTH AMERICA \/ AFP)\" width=\"432\" height=\"243\" src=\"https:\/\/www.europesays.com\/fr\/wp-content\/uploads\/2025\/12\/063-2250240289-69356e25b38b4081848754.jpg\" fetchpriority=\"high\"\/><\/p>\n<p>      Le pr\u00e9sident am\u00e9ricain, Donald Trump, lors du tirage au sort de la Coupe du monde, \u00e0 Washington DC, le 6 d\u00e9cembre 2025. (PATRICK SMITH \/ GETTY IMAGES NORTH AMERICA \/ AFP)<\/p>\n<p>L&rsquo;administration de Donald Trump ne retient pas ses coups contre l&rsquo;Europe. Dans <a href=\"https:\/\/www.franceinfo.fr\/monde\/usa\/presidentielle\/donald-trump\/l-administration-trump-predit-l-effacement-civilisationnel-de-l-europe_7660426.html\" data-tooltip-url=\"https:\/\/www.franceinfo.fr\/monde\/usa\/presidentielle\/donald-trump\/l-administration-trump-predit-l-effacement-civilisationnel-de-l-europe_7660426.html\" target=\"_blank\" rel=\"noopener\">sa nouvelle \u00ab\u00a0strat\u00e9gie de s\u00e9curit\u00e9 nationale\u00a0\u00bb<\/a>, publi\u00e9e vendredi 5 d\u00e9cembre, <a href=\"https:\/\/www.franceinfo.fr\/monde\/europe\/union-europeenne\/grand-remplacement-effacement-civilisationnel-a-coups-de-theories-d-extreme-droite-l-administration-trump-s-engage-dans-une-strategie-anti-europeenne_7660783.html\" data-tooltip-url=\"https:\/\/www.franceinfo.fr\/monde\/europe\/union-europeenne\/grand-remplacement-effacement-civilisationnel-a-coups-de-theories-d-extreme-droite-l-administration-trump-s-engage-dans-une-strategie-anti-europeenne_7660783.html\" target=\"_blank\" rel=\"noopener\">le pr\u00e9sident am\u00e9ricain malm\u00e8ne le continent europ\u00e9en<\/a>, qu&rsquo;il d\u00e9crit comme \u00ab\u00a0menac\u00e9 d&rsquo;un effacement civilisationnel\u00a0\u00bb.<\/p>\n<p>L&rsquo;Europe est dans le collimateur du r\u00e9publicain depuis son retour \u00e0 la Maison\u00a0Blanche en janvier. Mais les signes d&rsquo;hostilit\u00e9 de son administration semblent s&rsquo;amplifier ces derniers jours. A l&rsquo;image des vives r\u00e9actions suscit\u00e9es chez les ultraconservateurs par l&rsquo;<a href=\"https:\/\/www.franceinfo.fr\/internet\/elon-musk\/une-amende-historique-de-120-millions-d-euros-infligee-par-l-union-europeenne-a-x-le-reseau-social-d-elon-musk_7660153.html\" target=\"_blank\" rel=\"noopener\" data-tooltip-url=\"https:\/\/www.franceinfo.fr\/internet\/elon-musk\/une-amende-historique-de-120-millions-d-euros-infligee-par-l-union-europeenne-a-x-le-reseau-social-d-elon-musk_7660153.html\">amende inflig\u00e9e par la Commission europ\u00e9enne au r\u00e9seau social X<\/a>. Franceinfo r\u00e9sume ces r\u00e9centes prises de position qui marquent l&rsquo;<a href=\"https:\/\/www.franceinfo.fr\/monde\/europe\/union-europeenne\/grand-remplacement-effacement-civilisationnel-a-coups-de-theories-d-extreme-droite-l-administration-trump-s-engage-dans-une-strategie-anti-europeenne_7660783.html\" data-tooltip-url=\"https:\/\/www.franceinfo.fr\/monde\/europe\/union-europeenne\/grand-remplacement-effacement-civilisationnel-a-coups-de-theories-d-extreme-droite-l-administration-trump-s-engage-dans-une-strategie-anti-europeenne_7660783.html\" target=\"_blank\" rel=\"noopener\">engagement des Etats-Unis vers une strat\u00e9gie anti-europ\u00e9enne<\/a>.<\/p>\n<p>L&rsquo;Europe prise pour cible dans la nouvelle doctrine g\u00e9opolitique am\u00e9ricaine<\/p>\n<p>C&rsquo;est \u00e0 travers <a href=\"https:\/\/www.whitehouse.gov\/wp-content\/uploads\/2025\/12\/2025-National-Security-Strategy.pdf\" target=\"_blank\" rel=\"noopener\" data-tooltip-url=\"https:\/\/www.whitehouse.gov\/wp-content\/uploads\/2025\/12\/2025-National-Security-Strategy.pdf\">un document de 33 pages<\/a> que Donald Trump creuse le foss\u00e9 avec ses alli\u00e9s europ\u00e9ens. Dans sa \u00ab\u00a0strat\u00e9gie de s\u00e9curit\u00e9 nationale\u00a0\u00bb, texte publi\u00e9 \u00e0 chaque nouveau mandat par l&rsquo;administration am\u00e9ricaine pour pr\u00e9ciser sa ligne g\u00e9opolitique, le pr\u00e9sident am\u00e9ricain cible les politiques migratoires des pays du Vieux Continent. \u00ab\u00a0Si les tendances actuelles se poursuivent, le continent sera m\u00e9connaissable d&rsquo;ici vingt\u00a0ans, voire moins\u00a0\u00bb, peut-on lire dans ce document, qui fait allusion \u00e0 la th\u00e9orie complotiste d&rsquo;extr\u00eame droite du <a href=\"https:\/\/www.franceinfo.fr\/monde\/europe\/union-europeenne\/grand-remplacement-effacement-civilisationnel-a-coups-de-theories-d-extreme-droite-l-administration-trump-s-engage-dans-une-strategie-anti-europeenne_7660783.html\" data-tooltip-url=\"https:\/\/www.franceinfo.fr\/monde\/europe\/union-europeenne\/grand-remplacement-effacement-civilisationnel-a-coups-de-theories-d-extreme-droite-l-administration-trump-s-engage-dans-une-strategie-anti-europeenne_7660783.html\" target=\"_blank\" rel=\"noopener\">\u00ab\u00a0grand remplacement\u00a0\u00bb<\/a>.<\/p>\n<p>Il tacle aussi les instances europ\u00e9ennes, qu&rsquo;il accuse de \u00ab\u00a0saper la libert\u00e9 politique et la souverainet\u00e9\u00a0\u00bb et fustige, au passage, \u00ab\u00a0la censure de la libert\u00e9 d&rsquo;expression et la r\u00e9pression de l&rsquo;opposition politique, l&rsquo;effondrement des taux de natalit\u00e9 et la perte des identit\u00e9s nationales et de la confiance en soi\u00a0\u00bb en Europe.<\/p>\n<p>Cette nouvelle strat\u00e9gie rappelle un <a href=\"https:\/\/www.franceinfo.fr\/monde\/europe\/elections-en-allemagne\/guerre-en-ukraine-elections-en-allemagne-comment-le-vice-president-americain-j-d-vance-a-un-peu-plus-creuse-le-fosse-avec-les-europeens_7076556.html\" target=\"_blank\" rel=\"noopener\" data-tooltip-url=\"https:\/\/www.franceinfo.fr\/monde\/europe\/elections-en-allemagne\/guerre-en-ukraine-elections-en-allemagne-comment-le-vice-president-americain-j-d-vance-a-un-peu-plus-creuse-le-fosse-avec-les-europeens_7076556.html\">discours prononc\u00e9 en f\u00e9vrier par le vice-pr\u00e9sident am\u00e9ricain<\/a> \u00e0 Munich. J.D. Vance avait constern\u00e9 les Europ\u00e9ens en affirmant que la libert\u00e9 d&rsquo;expression \u00ab\u00a0reculait\u00a0\u00bb sur le continent et en \u00e9pousant les vues des partis d&rsquo;extr\u00eame droite europ\u00e9ens. Le document ne d\u00e9signe pas nomm\u00e9ment de partis politiques, mais fait part de la volont\u00e9 de Donald Trump de voir ses politiques mises en \u0153uvre en Europe, notamment en mati\u00e8re d&rsquo;immigration. Depuis sa r\u00e9\u00e9lection en novembre 2024, les liens se sont resserr\u00e9s entre son administration, la sph\u00e8re \u00ab\u00a0Make America Great Again\u00a0\u00bb (\u00ab\u00a0Maga\u00a0\u00bb) et les extr\u00eames droites europ\u00e9ennes, comme l&rsquo;a r\u00e9v\u00e9l\u00e9 une enqu\u00eate de franceinfo.<\/p>\n<p>\u00ab\u00a0Ce que l&rsquo;administration Trump laisse entendre \u00e0 travers cette strat\u00e9gie de s\u00e9curit\u00e9 nationale, c&rsquo;est qu&rsquo;elle souhaite voir une Europe compl\u00e8tement diff\u00e9rente\u00a0\u00bb, analyse Kristine Berzina, membre du cercle de r\u00e9flexion transatlantique German Marshall Fund, aupr\u00e8s de l&rsquo;AFP.<\/p>\n<p>Les r\u00e9actions europ\u00e9ennes ne se sont pas fait attendre. Le chef de la diplomatie allemande, Johann Wadephul, a soulign\u00e9 que son pays n&rsquo;avait pas besoin de \u00ab\u00a0conseils venant de l&rsquo;ext\u00e9rieur\u00a0\u00bb. Ce texte est \u00ab\u00a0inacceptable et dangereux\u00a0\u00bb, a jug\u00e9 l&rsquo;eurod\u00e9put\u00e9e fran\u00e7aise Val\u00e9rie Hayer, pr\u00e9sidente du groupe Renew Europe au Parlement europ\u00e9en. Les Etats-Unis restent \u00ab\u00a0le plus grand alli\u00e9\u00a0\u00bb de l&rsquo;UE, a temp\u00e9r\u00e9 samedi la cheffe de la diplomatie europ\u00e9enne, Kaja Kallas, estimant que certaines critiques \u00e9mises par Washington \u00e9taient \u00ab\u00a0fond\u00e9es\u00a0\u00bb. La Russie a pour sa part accueilli favorablement cette <a href=\"https:\/\/www.franceinfo.fr\/monde\/russie\/la-nouvelle-strategie-de-securite-americaine-est-globalement-conforme-a-la-vision-de-la-russie-estime-le-kremlin_7663957.html\" target=\"_blank\" rel=\"noopener\" data-tooltip-url=\"https:\/\/www.franceinfo.fr\/monde\/russie\/la-nouvelle-strategie-de-securite-americaine-est-globalement-conforme-a-la-vision-de-la-russie-estime-le-kremlin_7663957.html\">doctrine qu&rsquo;elle juge \u00ab\u00a0globalement conforme\u00a0\u00bb \u00e0 sa vision<\/a>.<\/p>\n<p>L&rsquo;amende de l&rsquo;UE contre X tax\u00e9e d'\u00a0\u00bbattaque contre le peuple am\u00e9ricain\u00a0\u00bb<\/p>\n<p>L&rsquo;amende de 120\u00a0millions d&rsquo;euros inflig\u00e9e par l&rsquo;Union europ\u00e9enne vendredi \u00e0 X a largement aliment\u00e9 la col\u00e8re dans les rangs trumpistes. Le <a href=\"https:\/\/www.franceinfo.fr\/internet\/elon-musk\/pour-le-patron-du-reseau-social-x-elon-musk-l-union-europeenne-devrait-etre-abolie_7664062.html\" data-tooltip-url=\"https:\/\/www.franceinfo.fr\/internet\/elon-musk\/pour-le-patron-du-reseau-social-x-elon-musk-l-union-europeenne-devrait-etre-abolie_7664062.html\" target=\"_blank\" rel=\"noopener\">r\u00e9seau social d&rsquo;Elon Musk<\/a> a \u00e9t\u00e9 condamn\u00e9 pour manquement aux obligations de transparence qui lui incombent au titre du <a href=\"https:\/\/www.franceinfo.fr\/internet\/securite-sur-internet\/sept-questions-pour-comprendre-le-digital-services-act-qui-va-desormais-encadrer-les-geants-du-web_6023162.html\" data-tooltip-url=\"https:\/\/www.franceinfo.fr\/internet\/securite-sur-internet\/sept-questions-pour-comprendre-le-digital-services-act-qui-va-desormais-encadrer-les-geants-du-web_6023162.html\" target=\"_blank\" rel=\"noopener\">r\u00e8glement europ\u00e9en sur les services num\u00e9riques (DSA)<\/a>. La Commission europ\u00e9enne accuse X de manquer de transparence autour des publicit\u00e9s ou encore de tromper les utilisateurs avec ses coches bleues. Ces macarons, auparavant attribu\u00e9s \u00e0 des utilisateurs au terme d&rsquo;un processus de v\u00e9rification d&rsquo;identit\u00e9 et faisant office de gage de cr\u00e9dibilit\u00e9, sont d\u00e9sormais r\u00e9serv\u00e9s aux abonn\u00e9s payants.<\/p>\n<p>Cette d\u00e9cision est \u00ab\u00a0une attaque contre toutes les plateformes technologiques am\u00e9ricaines et le peuple am\u00e9ricain par des gouvernements \u00e9trangers\u00a0\u00bb, a fustig\u00e9 le chef de la diplomatie, Marco Rubio. Avant l&rsquo;officialisation de cette d\u00e9cision, le vice-pr\u00e9sident am\u00e9ricain avait accus\u00e9 la Commission de vouloir sanctionner le r\u00e9seau social \u00ab\u00a0pour n&rsquo;avoir pas pratiqu\u00e9 la censure\u00a0\u00bb. \u00ab\u00a0L&rsquo;UE devrait d\u00e9fendre la libert\u00e9 d&rsquo;expression au lieu de s&rsquo;en prendre \u00e0 des entreprises am\u00e9ricaines pour des foutaises\u00a0\u00bb, a tacl\u00e9 J.D. Vance. Cela \u00ab\u00a0n&rsquo;a rien \u00e0 voir avec de la censure\u00a0\u00bb, a d\u00e9fendu la vice-pr\u00e9sidente de la Commission charg\u00e9e du num\u00e9rique, Henna Virkkunen, qui a mis en avant la stricte application des r\u00e8gles europ\u00e9ennes.<\/p>\n<p>Outre cette sanction, l&rsquo;UE continue d&rsquo;enqu\u00eater sur des soup\u00e7ons de non-respect des obligations de X en mati\u00e8re de contenus ill\u00e9gaux et de d\u00e9sinformation. Ce dossier a pris une connotation tr\u00e8s politique en raison de la proximit\u00e9 entre <a href=\"https:\/\/www.franceinfo.fr\/monde\/usa\/presidentielle\/donald-trump\/fou-ingrat-donald-trump-et-elon-musk-actent-leur-rupture-avec-un-clash-a-distance_7294224.html\" target=\"_blank\" rel=\"noopener\">Elon Musk et Donald Trump, jusqu&rsquo;\u00e0 leur rupture en juin<\/a>. Mais, ces derni\u00e8res semaines, <a href=\"https:\/\/www.franceinfo.fr\/monde\/usa\/presidentielle\/donald-trump\/projet-de-tunnel-entre-la-russie-et-l-alaska-donald-trump-juge-l-idee-interessante-le-milliardaire-elon-musk-invite-a-participer_7560511.html\" target=\"_blank\" rel=\"noopener\">les relations entre les deux milliardaires se sont r\u00e9chauff\u00e9es<\/a>. En outre, Washington n&rsquo;a cess\u00e9 ces derniers mois de critiquer les lois europ\u00e9ennes contre les abus des g\u00e9ants de la tech, les accusant de cibler les champions am\u00e9ricains.<\/p>\n<p>Les Europ\u00e9ens mis \u00e0 l&rsquo;\u00e9cart des efforts diplomatiques am\u00e9ricains pour mettre fin \u00e0 la guerre en Ukraine<\/p>\n<p>Sur le front de la guerre en Ukraine, les Etats-Unis ont renforc\u00e9 leurs efforts diplomatiques, <a href=\"https:\/\/www.franceinfo.fr\/monde\/russie\/les-russes-s-amusent-bien-a-quoi-joue-vladimir-poutine-entre-menaces-aux-europeens-et-negociations-de-paix-avec-les-americains_7655531.html\" data-tooltip-url=\"https:\/\/www.franceinfo.fr\/monde\/russie\/les-russes-s-amusent-bien-a-quoi-joue-vladimir-poutine-entre-menaces-aux-europeens-et-negociations-de-paix-avec-les-americains_7655531.html\" target=\"_blank\" rel=\"noopener\">sans int\u00e9grer les Europ\u00e9ens aux discussions<\/a>, pour faire adopter leur plan pour mettre fin au conflit d\u00e9clench\u00e9 par la Russie en f\u00e9vrier 2022. Plusieurs s\u00e9ries de discussions entre d\u00e9l\u00e9gations am\u00e9ricaine et ukrainienne se sont tenues ces deux derni\u00e8res semaines. L&rsquo;envoy\u00e9 sp\u00e9cial de Donald Trump, <a href=\"https:\/\/www.franceinfo.fr\/monde\/usa\/presidentielle\/donald-trump\/l-ami-americain-du-kremlin-steve-witkoff-au-c-ur-du-jeu-diplomatique_7654052.html\" data-tooltip-url=\"https:\/\/www.franceinfo.fr\/monde\/usa\/presidentielle\/donald-trump\/l-ami-americain-du-kremlin-steve-witkoff-au-c-ur-du-jeu-diplomatique_7654052.html\" target=\"_blank\" rel=\"noopener\">Steve Witkoff<\/a>, s&rsquo;est rendu \u00e0 Moscou mardi pour rencontrer le pr\u00e9sident russe, Vladimir Poutine.<\/p>\n<p>Depuis la <a href=\"https:\/\/www.franceinfo.fr\/monde\/europe\/manifestations-en-ukraine\/cession-de-territoires-retour-de-la-russie-dans-le-g8-ce-que-contient-le-plan-de-paix-pour-l-ukraine-prepare-par-les-etats-unis_7630520.html\" data-tooltip-url=\"https:\/\/www.franceinfo.fr\/monde\/europe\/manifestations-en-ukraine\/cession-de-territoires-retour-de-la-russie-dans-le-g8-ce-que-contient-le-plan-de-paix-pour-l-ukraine-prepare-par-les-etats-unis_7630520.html\" target=\"_blank\" rel=\"noopener\">pr\u00e9sentation du plan am\u00e9ricain fin novembre<\/a>, dont peu de d\u00e9tails ont filtr\u00e9, l&rsquo;Union europ\u00e9enne tente de peser sur ce texte dont la premi\u00e8re version avait \u00e9t\u00e9 per\u00e7ue comme tr\u00e8s favorable aux int\u00e9r\u00eats russes. \u00ab\u00a0Les Europ\u00e9ens seront n\u00e9cessairement un pilier important de la solution juste et durable que nous sommes en train de b\u00e2tir tous ensemble\u00a0\u00bb, a\u00a0 r\u00e9affirm\u00e9 <a href=\"https:\/\/x.com\/EmmanuelMacron\/status\/1997384641699860671\" target=\"_blank\" rel=\"noopener\" data-tooltip-url=\"https:\/\/x.com\/EmmanuelMacron\/status\/1997384641699860671\">sur X<\/a> Emmanuel Macron \u00e0 l&rsquo;adresse de l&rsquo;administration de Donald Trump, apr\u00e8s un \u00e9change avec le chef de l&rsquo;Etat ukrainien.<\/p>\n<p>Pour tenter de reprendre la main, le pr\u00e9sident de la R\u00e9publique a annonc\u00e9 <a href=\"https:\/\/www.franceinfo.fr\/monde\/europe\/manifestations-en-ukraine\/plan-de-paix-en-ukraine-emmanuel-macron-se-rendra-a-londres-lundi-pour-rencontrer-volodymyr-zelensky-keir-starmer-et-friedrich-merz_7662376.html\" target=\"_blank\" rel=\"noopener\">qu&rsquo;il allait rencontrer lundi \u00e0 Londres Volodymyr Zelensky<\/a>, le Premier ministre britannique, Keir Starmer, et le chancelier allemand, Friedrich Merz, pour faire le point sur \u00ab\u00a0les n\u00e9gociations en cours dans le cadre de la m\u00e9diation am\u00e9ricaine\u00a0\u00bb.<\/p>\n","protected":false},"excerpt":{"rendered":"Dans sa nouvelle doctrine g\u00e9opolitique, publi\u00e9e vendredi, Donald Trump tance vertement les Europ\u00e9ens, toujours \u00e9cart\u00e9s des n\u00e9gociations pour&hellip;\n","protected":false},"author":2,"featured_media":585518,"comment_status":"","ping_status":"","sticky":false,"template":"","format":"standard","meta":{"footnotes":""},"categories":[1589],"tags":[11,73,1866,12,1864,1865,1863,308],"class_list":{"0":"post-585517","1":"post","2":"type-post","3":"status-publish","4":"format-standard","5":"has-post-thumbnail","7":"category-etats-unis","8":"tag-actualites","9":"tag-etats-unis","10":"tag-etats-unis-damerique","11":"tag-news","12":"tag-united-states","13":"tag-united-states-of-america","14":"tag-us","15":"tag-usa"},"share_on_mastodon":{"url":"https:\/\/pubeurope.com\/@fr\/115681879172725873","error":""},"_links":{"self":[{"href":"https:\/\/www.europesays.com\/fr\/wp-json\/wp\/v2\/posts\/585517","targetHints":{"allow":["GET"]}}],"collection":[{"href":"https:\/\/www.europesays.com\/fr\/wp-json\/wp\/v2\/posts"}],"about":[{"href":"https:\/\/www.europesays.com\/fr\/wp-json\/wp\/v2\/types\/post"}],"author":[{"embeddable":true,"href":"https:\/\/www.europesays.com\/fr\/wp-json\/wp\/v2\/users\/2"}],"replies":[{"embeddable":true,"href":"https:\/\/www.europesays.com\/fr\/wp-json\/wp\/v2\/comments?post=585517"}],"version-history":[{"count":0,"href":"https:\/\/www.europesays.com\/fr\/wp-json\/wp\/v2\/posts\/585517\/revisions"}],"wp:featuredmedia":[{"embeddable":true,"href":"https:\/\/www.europesays.com\/fr\/wp-json\/wp\/v2\/media\/585518"}],"wp:attachment":[{"href":"https:\/\/www.europesays.com\/fr\/wp-json\/wp\/v2\/media?parent=585517"}],"wp:term":[{"taxonomy":"category","embeddable":true,"href":"https:\/\/www.europesays.com\/fr\/wp-json\/wp\/v2\/categories?post=585517"},{"taxonomy":"post_tag","embeddable":true,"href":"https:\/\/www.europesays.com\/fr\/wp-json\/wp\/v2\/tags?post=585517"}],"curies":[{"name":"wp","href":"https:\/\/api.w.org\/{rel}","templated":true}]}}