{"id":585519,"date":"2025-12-08T03:42:44","date_gmt":"2025-12-08T03:42:44","guid":{"rendered":"https:\/\/www.europesays.com\/fr\/585519\/"},"modified":"2025-12-08T03:42:44","modified_gmt":"2025-12-08T03:42:44","slug":"kate-partage-quelques-secrets-sur-la-decoration-de-forest-lodge","status":"publish","type":"post","link":"https:\/\/www.europesays.com\/fr\/585519\/","title":{"rendered":"Kate partage quelques secrets sur la d\u00e9coration de Forest Lodge"},"content":{"rendered":"<p>Leur nouveau cocon les a accueillis \u00e0 la fin du mois d&rsquo;octobre, pendant les vacances d&rsquo;automne de <a target=\"_blank\" href=\"https:\/\/www.pointdevue.fr\/grand-angle\/biographies\/prince-george\" rel=\"noopener\">George<\/a>, <a target=\"_blank\" href=\"https:\/\/www.pointdevue.fr\/grand-angle\/biographies\/princesse-charlotte\" rel=\"noopener\">Charlotte<\/a> et <a target=\"_blank\" href=\"https:\/\/www.pointdevue.fr\/grand-angle\/biographies\/prince-louis\" rel=\"noopener\">Louis<\/a>. Forest Lodge est d\u00e9sormais la \u00ab\u00a0maison pour toujours\u00a0\u00bb du <a target=\"_blank\" href=\"https:\/\/www.pointdevue.fr\/grand-angle\/biographies\/prince-william\" rel=\"noopener\">prince<\/a> et de la <a target=\"_blank\" href=\"https:\/\/www.pointdevue.fr\/grand-angle\/biographies\/kate-middleton\" rel=\"noopener\">princesse de Galles<\/a>, mais <strong>le d\u00e9m\u00e9nagement depuis Adelaide Cottage n&rsquo;a pas \u00e9t\u00e9 sans mal.<\/strong> Beaucoup de cartons, <a target=\"_blank\" href=\"https:\/\/www.pointdevue.fr\/royal\/royaume-uni\/beach-volley-footballune-premiere-journee-ultra-sportive-pour-le-prince-william-au-bresil\" rel=\"noopener\">le voyage au Br\u00e9sil du prince William<\/a>, l&rsquo;organisation du traditionnel Together at Christmas de Kate&#8230;Les Galles n&rsquo;ont pas eu le temps n\u00e9cessaire pour tout d\u00e9corer avant leur entr\u00e9e dans le manoir georgien.<\/p>\n<p><img decoding=\"async\" src=\"https:\/\/www.europesays.com\/fr\/wp-content\/uploads\/2025\/12\/ABACA_BRPAPhotos20250816_027_(2)jICyPHuz31.jpg\" alt=\"Forest Lodge, ici en plein travaux de r\u00e9novation en 2001, est situ\u00e9 dans le parc de Windsor, non loin d'Alelaide Cottage, l'ancienne demeure des Galles.\"\/><strong>Forest Lodge, ici en plein travaux de r\u00e9novation en 2001, est situ\u00e9 dans le parc de Windsor, non loin d&rsquo;Adelaide Cottage, l&rsquo;ancienne demeure des Galles.<\/strong> \u00a9 John Stillwell\/PA Wire<\/p>\n<p>Une information confirm\u00e9e par Kate elle-m\u00eame, lors d&rsquo;une discussion avec Elke B\u00fcdenbender, Premi\u00e8re dame d&rsquo;Allemagne, d\u00e8s sa descente de l&rsquo;avion pr\u00e9sidentiel, \u00e0 Heathrow, ce 3 d\u00e9cembre, <a target=\"_blank\" href=\"https:\/\/www.pointdevue.fr\/royal\/royaume-uni\/william-et-kate-accueillent-le-president-allemand-pour-une-visite-detat\" rel=\"noopener\">au premier jour de la visite d\u2019\u00c9tat officielle du couple allemand<\/a> au Royaume-Uni. Le magazine <a target=\"_blank\" href=\"https:\/\/people.com\/kate-middleton-mood-boards-decorate-forest-lodge-germany-state-visit-11861451\" rel=\"noopener\">People<\/a> a relev\u00e9 l&rsquo;analyse d&rsquo;une experte en lecture labiale, Nicola Hickling, qui a observ\u00e9 avec attention les images de la rencontre diplomatique. <strong>\u00ab\u00a0C\u2019est merveilleux d\u2019apprendre que vous avez emm\u00e9nag\u00e9 ensemble dans une nouvelle maison\u00a0\u00bb<\/strong>, glisse Elke B\u00fcdenbender \u00e0 la princesse de Galles apr\u00e8s que les quatre se sont serr\u00e9 la main.\u00a0<\/p>\n<p><img decoding=\"async\" src=\"https:\/\/www.europesays.com\/fr\/wp-content\/uploads\/2025\/12\/54960254822_f0cde13a90_kdiNibd9RnL.jpg\" alt=\"La princesse de Galles sur le tapis rouge avec Elke B\u0169denbender, \u00e9pouse du pr\u00e9sident allemand, lors de leur arriv\u00e9e \u00e0 Heathrow, le 3 d\u00e9cembre 2025.\"\/><strong>La princesse de Galles sur le tapis rouge avec Elke B\u0169denbender, \u00e9pouse du pr\u00e9sident allemand, lors de leur arriv\u00e9e \u00e0 Heathrow, le 3 d\u00e9cembre 2025.<\/strong> \u00a9 Andrew Parsons \/ Kensington Palace<\/p>\n<p><strong>\u00ab\u00a0Nous sommes en train de pr\u00e9parer des <\/strong><strong>mood boards<\/strong><strong> pour cette pi\u00e8ce, et nous commencerons apr\u00e8s No\u00ebl\u00a0\u00bb<\/strong>, lui r\u00e9pond Kate, \u00e9voquant l&rsquo;un des salons de <a target=\"_blank\" href=\"https:\/\/www.pointdevue.fr\/royal\/royaume-uni\/kate-et-william-ont-emmenage-en-catimini-a-forest-lodge\" rel=\"noopener\">Forest Lodge<\/a>. Ces \u00ab\u00a0tableaux d&rsquo;humeur\u00a0\u00bb \u2013 traduction litt\u00e9rale \u2013 sont des collages et mosa\u00efques d&rsquo;images inspirantes pioch\u00e9es dans des magazines, sur internet ou dans des ouvrages, et qui symbolisent l&rsquo;ambiance que l&rsquo;on souhaite donner \u00e0 une pi\u00e8ce. Cette m\u00e9thode que Kate affectionne, lui a probablement d\u00e9j\u00e0 \u00e9t\u00e9 utile lors des r\u00e9novations d&rsquo;Adelaide Cottage, Anmer Hall ou encore de l&rsquo;appartement que les Galles occupaient au palais de Kensington.\u00a0<\/p>\n<p><img decoding=\"async\" src=\"https:\/\/www.europesays.com\/fr\/wp-content\/uploads\/2025\/12\/ABACA_BRPAPhotos20251203_173CpCYWut264.jpg\" alt=\"La princesse de Galles, Elke Budenbender, Frank-Walter Steinmeier, le prince de Galles, \u00e0 l'a\u00e9roport de Heathrow, le 3 d\u00e9cembre 2025.\"\/><strong>La princesse de Galles, Elke Budenbender, Frank-Walter Steinmeier, le prince de Galles, \u00e0 l&rsquo;a\u00e9roport de Heathrow, le 3 d\u00e9cembre 2025.<\/strong> \u00a9 Jeff Spicer\/PA Wire<\/p>\n<p>\u00ab\u00a0Pourriez-vous m\u2019envoyer des photos quand ce sera termin\u00e9 ? J\u2019aimerais beaucoup voir le r\u00e9sultat\u00a0\u00bb, demande la Premi\u00e8re dame. Kate a r\u00e9pondu avec un sourire tandis que son \u00e9poux abordait lui aussi le sujet avec le pr\u00e9sident Steinmeier. <strong>\u00ab\u00a0Le d\u00e9m\u00e9nagement a \u00e9t\u00e9 assez difficile, avec quelques complications, mais nous nous en sortons\u00a0\u00bb<\/strong>, dit-il, selon Nicola Hickling, plus focalis\u00e9 sur le c\u00f4t\u00e9 technique de l&#8217;emm\u00e9nagement que sur la d\u00e9coration d&rsquo;int\u00e9rieur. En pleine pol\u00e9mique sur la gestion du Crown Estate, un rapport du Public Accounts Committee (PAC) de la Chambre des communes r\u00e9v\u00e8le <strong>que le couple dispose d\u2019un bail de 20 ans sur cette propri\u00e9t\u00e9<\/strong>. Le prince William et Kate auraient d\u00e9clar\u00e9 \u00e0 leurs proches qu&rsquo;ils y demeureraient m\u00eame quand William deviendrait roi. Le d\u00e9but d&rsquo;une grande aventure pour cette maison qui rentrera ainsi dans l&rsquo;Histoire.\u00a0<\/p>\n<p>Lire aussi &gt;&gt; <a target=\"_blank\" href=\"https:\/\/www.pointdevue.fr\/royal\/royaume-uni\/kate-brille-de-mille-feux-en-robe-jenny-packham\" rel=\"noopener\">Kate brille de mille feux en robe Jenny Packham<\/a><br \/>\u00a0<\/p>\n","protected":false},"excerpt":{"rendered":"Leur nouveau cocon les a accueillis \u00e0 la fin du mois d&rsquo;octobre, pendant les vacances d&rsquo;automne de George,&hellip;\n","protected":false},"author":2,"featured_media":585520,"comment_status":"","ping_status":"","sticky":false,"template":"","format":"standard","meta":{"footnotes":""},"categories":[1588],"tags":[11,1777,674,12,473,1853,1851,1850,1852],"class_list":{"0":"post-585519","1":"post","2":"type-post","3":"status-publish","4":"format-standard","5":"has-post-thumbnail","7":"category-royaume-uni","8":"tag-actualites","9":"tag-eu","10":"tag-europe","11":"tag-news","12":"tag-royaume-uni","13":"tag-royaume-uni-de-grande-bretagne-et-dirlande-du-nord","14":"tag-uk","15":"tag-united-kingdom","16":"tag-united-kingdom-of-great-britain-and-northern-ireland"},"share_on_mastodon":{"url":"https:\/\/pubeurope.com\/@fr\/115681882821648363","error":""},"_links":{"self":[{"href":"https:\/\/www.europesays.com\/fr\/wp-json\/wp\/v2\/posts\/585519","targetHints":{"allow":["GET"]}}],"collection":[{"href":"https:\/\/www.europesays.com\/fr\/wp-json\/wp\/v2\/posts"}],"about":[{"href":"https:\/\/www.europesays.com\/fr\/wp-json\/wp\/v2\/types\/post"}],"author":[{"embeddable":true,"href":"https:\/\/www.europesays.com\/fr\/wp-json\/wp\/v2\/users\/2"}],"replies":[{"embeddable":true,"href":"https:\/\/www.europesays.com\/fr\/wp-json\/wp\/v2\/comments?post=585519"}],"version-history":[{"count":0,"href":"https:\/\/www.europesays.com\/fr\/wp-json\/wp\/v2\/posts\/585519\/revisions"}],"wp:featuredmedia":[{"embeddable":true,"href":"https:\/\/www.europesays.com\/fr\/wp-json\/wp\/v2\/media\/585520"}],"wp:attachment":[{"href":"https:\/\/www.europesays.com\/fr\/wp-json\/wp\/v2\/media?parent=585519"}],"wp:term":[{"taxonomy":"category","embeddable":true,"href":"https:\/\/www.europesays.com\/fr\/wp-json\/wp\/v2\/categories?post=585519"},{"taxonomy":"post_tag","embeddable":true,"href":"https:\/\/www.europesays.com\/fr\/wp-json\/wp\/v2\/tags?post=585519"}],"curies":[{"name":"wp","href":"https:\/\/api.w.org\/{rel}","templated":true}]}}