{"id":585521,"date":"2025-12-08T03:43:24","date_gmt":"2025-12-08T03:43:24","guid":{"rendered":"https:\/\/www.europesays.com\/fr\/585521\/"},"modified":"2025-12-08T03:43:24","modified_gmt":"2025-12-08T03:43:24","slug":"en-allemagne-avec-la-reforme-du-service-militaire-la-bundeswehr-poursuit-sa-mue","status":"publish","type":"post","link":"https:\/\/www.europesays.com\/fr\/585521\/","title":{"rendered":"En Allemagne, avec la r\u00e9forme du service militaire, la Bundeswehr poursuit sa mue"},"content":{"rendered":"<p>\n    <strong>R\u00c9CIT &#8211;<\/strong> Face \u00e0 la menace que fait peser la Russie sur le Vieux Continent, le chancelier Friedrich Merz veut faire de la Bundeswehr, cr\u00e9\u00e9e il y a 70 ans tout juste, l\u2019arm\u00e9e conventionnelle \u00ab\u00a0la plus puissante d\u2019Europe\u00a0\u00bb. Mais le chemin est encore long.<\/p>\n<p class=\"fig-paragraph\">Manifestants contre d\u00e9put\u00e9s. Ce vendredi 5 d\u00e9cembre, dans des dizaines de villes allemandes, des jeunes se sont rassembl\u00e9s \u00e0 l\u2019appel du mouvement \u00abgr\u00e8ve scolaire contre le service militaire\u00bb pendant qu\u2019\u00e0 Berlin, les membres du\u00a0<a href=\"http:\/\/www.lefigaro.fr\/flash-eco\/allemagne-apres-des-mois-de-retard-le-bundestag-adopte-le-budget-2025-et-renforce-les-depenses-militaires-20250918\" data-fig-type=\"NewsFlash\" data-gtm-custom-categorie=\"navigation\" data-gtm-custom-action=\"crossclick\" data-gtm-custom-label=\"Contextuel\" data-gtm-event=\"customEventSPE\" data-fig-domain=\"LEFIGARO\" target=\"_blank\" rel=\"noopener\">Bundestag\u00a0<\/a>votaient en faveur de la loi sur la modernisation de ce m\u00eame service militaire. Adopt\u00e9e par 323 voix contre 272 (et une abstention), cette loi entrera en vigueur le 1er janvier 2026, sous r\u00e9serve de l\u2019approbation du Bundesrat. Le cap suivi est clair\u00a0: \u00abcompte tenu de l\u2019aggravation massive de la menace qui p\u00e8se sur l\u2019Europe \u00e0 la suite de la guerre men\u00e9e par la Russie contre l\u2019Ukraine\u00bb, l\u2019Allemagne \u00abdoit am\u00e9liorer durablement ses capacit\u00e9s de d\u00e9fense nationale\u00bb, indique le texte.<\/p>\n<p class=\"fig-paragraph\">Ce qui implique une mue profonde de l\u2019arm\u00e9e allemande, la\u00a0<a href=\"http:\/\/www.lefigaro.fr\/conjoncture\/c-est-comme-si-nous-penetrions-en-terre-inconnue-en-allemagne-l-agence-de-l-emploi-recrute-pour-la-bundeswehr-20241106\" data-fig-type=\"Article\" data-gtm-custom-categorie=\"navigation\" data-gtm-custom-action=\"crossclick\" data-gtm-custom-label=\"Contextuel\" data-gtm-event=\"customEventSPE\" data-fig-domain=\"LEFIGARO\" target=\"_blank\" rel=\"noopener\">Bundeswehr<\/a>, qui a f\u00eat\u00e9 cette ann\u00e9e ses 70 ans d\u2019existence lors d\u2019une c\u00e9r\u00e9monie organis\u00e9e en grande pompe sur le Bundesforum de Berlin, entre le Reichstag et la chancellerie. Un \u00e9v\u00e9nement comm\u00e9morant celui du 12 novembre\u2026<\/p>\n<p class=\"fig-premium-paywall__infos\">\n        Cet article est r\u00e9serv\u00e9 aux abonn\u00e9s.        Il vous reste 90% \u00e0 d\u00e9couvrir.\n    <\/p>\n<p>                <img  data- alt=\"Le Figaro\" class=\"fig-img--complete fig-img\"\/><\/p>\n<p class=\"fig-premium-paywall__title\">Vente Flash<\/p>\n<p class=\"fig-premium-paywall__subtitle\">-50% sur l&rsquo;abonnement num\u00e9rique<\/p>\n<p class=\"fig-premium-paywall__connect\">\n                D\u00e9j\u00e0 abonn\u00e9\u00a0?                <a class=\"fig-premium-paywall__connect-link\" href=\"https:\/\/connect.lefigaro.fr\/login?client=horizon_web&amp;type=main&amp;redirect_uri=https%3A%2F%2Fwww.lefigaro.fr%2Finternational%2Fen-allemagne-avec-la-reforme-du-service-militaire-la-bundeswehr-poursuit-sa-mue-20251207\" data-js-gtm=\"{&quot;customCategorie&quot;: &quot;conversion&quot;, &quot;customAction&quot;: &quot;before_Landing_Connexion_paywall_auto&quot;, &quot;customLabel&quot;: &quot;bGVmaWdhcm8uZnJfXzFmMGNlYmZlLTM2MDAtNjM3ZS1iMWU0LWRmMWRiMjk2MGU4ZF9fTmV3c0ZsYXNo_En Allemagne, avec la r\u00e9forme du service militaire, la Bundeswehr poursuit sa mue_276&quot;, &quot;customIDSPE&quot;: &quot;bGVmaWdhcm8uZnJfXzFmMGNlYmZlLTM2MDAtNjM3ZS1iMWU0LWRmMWRiMjk2MGU4ZF9fTmV3c0ZsYXNo&quot;, &quot;event&quot;: &quot;customEventSPE&quot;}\" target=\"_blank\" rel=\"noopener\"><br \/>\n                    Connectez-vous<br \/>\n                <\/a>\n            <\/p>\n","protected":false},"excerpt":{"rendered":"R\u00c9CIT &#8211; Face \u00e0 la menace que fait peser la Russie sur le Vieux Continent, le chancelier Friedrich&hellip;\n","protected":false},"author":2,"featured_media":585522,"comment_status":"","ping_status":"","sticky":false,"template":"","format":"standard","meta":{"footnotes":""},"categories":[1587],"tags":[11,672,1804,7694,1805,1803,1777,674,1801,12,1802,29810],"class_list":{"0":"post-585521","1":"post","2":"type-post","3":"status-publish","4":"format-standard","5":"has-post-thumbnail","7":"category-allemagne","8":"tag-actualites","9":"tag-allemagne","10":"tag-bundesrepublik-deutschland","11":"tag-bundeswehr","12":"tag-de","13":"tag-deutschland","14":"tag-eu","15":"tag-europe","16":"tag-germany","17":"tag-news","18":"tag-republique-federale-dallemagne","19":"tag-service-militaire"},"share_on_mastodon":{"url":"https:\/\/pubeurope.com\/@fr\/115681886726152308","error":""},"_links":{"self":[{"href":"https:\/\/www.europesays.com\/fr\/wp-json\/wp\/v2\/posts\/585521","targetHints":{"allow":["GET"]}}],"collection":[{"href":"https:\/\/www.europesays.com\/fr\/wp-json\/wp\/v2\/posts"}],"about":[{"href":"https:\/\/www.europesays.com\/fr\/wp-json\/wp\/v2\/types\/post"}],"author":[{"embeddable":true,"href":"https:\/\/www.europesays.com\/fr\/wp-json\/wp\/v2\/users\/2"}],"replies":[{"embeddable":true,"href":"https:\/\/www.europesays.com\/fr\/wp-json\/wp\/v2\/comments?post=585521"}],"version-history":[{"count":0,"href":"https:\/\/www.europesays.com\/fr\/wp-json\/wp\/v2\/posts\/585521\/revisions"}],"wp:featuredmedia":[{"embeddable":true,"href":"https:\/\/www.europesays.com\/fr\/wp-json\/wp\/v2\/media\/585522"}],"wp:attachment":[{"href":"https:\/\/www.europesays.com\/fr\/wp-json\/wp\/v2\/media?parent=585521"}],"wp:term":[{"taxonomy":"category","embeddable":true,"href":"https:\/\/www.europesays.com\/fr\/wp-json\/wp\/v2\/categories?post=585521"},{"taxonomy":"post_tag","embeddable":true,"href":"https:\/\/www.europesays.com\/fr\/wp-json\/wp\/v2\/tags?post=585521"}],"curies":[{"name":"wp","href":"https:\/\/api.w.org\/{rel}","templated":true}]}}