{"id":585525,"date":"2025-12-08T03:45:25","date_gmt":"2025-12-08T03:45:25","guid":{"rendered":"https:\/\/www.europesays.com\/fr\/585525\/"},"modified":"2025-12-08T03:45:25","modified_gmt":"2025-12-08T03:45:25","slug":"betclic-elite-j10-bourg-en-bresse-a-eu-le-dernier-mot-face-a-nanterre-sports","status":"publish","type":"post","link":"https:\/\/www.europesays.com\/fr\/585525\/","title":{"rendered":"Betclic Elite (J10) : Bourg-en-Bresse a eu le dernier mot face \u00e0 Nanterre : Sports"},"content":{"rendered":"<p class=\"date\">\n                                                            Mathieu Warnier, Media365, publi\u00e9 le dimanche 07 d\u00e9cembre 2025 \u00e0 19h15\n                                                    <\/p>\n<p>Apr\u00e8s avoir pris le meilleur sur Monaco, Bourg-en-Bresse est sorti vainqueur de son duel face \u00e0 Nanterre (86-83), qui restait sur quatre victoires de rang en Betclic Elite.<\/p>\n<p>Bourg-en-Bresse devient une terreur en Betclic Elite. Deux semaines apr\u00e8s leur victoire \u00e0 Monaco, les joueurs de Fr\u00e9d\u00e9ric Fauthoux ont pris le meilleur sur Nanterre lors de l&rsquo;avant-derni\u00e8re affiche de la 10eme journ\u00e9e de Betclic Elite. Gr\u00e2ce \u00e0 Both Tut Gach (11 points), les Burgiens ont pris un bon d\u00e9part pour mener de huit longueurs au bout de trois minutes. Benjamin Sene (18 points, 6 passes) aretrouv\u00e9 de l&rsquo;adresse pour rapprocher la formation francilienne mais la JLB a tout de suite repris le large au tableau d&rsquo;affichage. Toutefois, deux derniers paniers sign\u00e9s Mathis Dossou-Yovo (22 points, 11 rebonds) puis Paul Lacombe (9 points) ont permis \u00e0 Nanterre de n&rsquo;accuser que trois points de retard au terme du premier quart-temps.<\/p>\n<p>Bourg-en-Bresse a pouss\u00e9<\/p>\n<p>Sur leur lanc\u00e9e, les Franciliens ont pu revenir \u00e0 hauteur mais sans parvenir \u00e0 passer devant au score dans un premier temps. Toutefois, \u00e0 trois minutes du retour aux vestiaires, un 6-0 emmen\u00e9 par Donta Scott (19 points) a permis \u00e0 la formation des Hauts-de-Seine de prendre la main au tableau d&rsquo;affichage pour la premi\u00e8re fois. Ce qui n&rsquo;a pas dur\u00e9 car les deux formations ont atteint la pause sur un score de parit\u00e9. Un sursaut de la part de Nanterre qui a pouss\u00e9 Fr\u00e9d\u00e9ric Fauthoux \u00e0 remobiliser ses joueurs. Ce discours a port\u00e9 ses fruits au milieu du troisi\u00e8me quart-temps avec un 13-0 qui a permis \u00e0 la JL Bourg de s&rsquo;envoler au tableau d&rsquo;affichage avec un matelas de quinze longueurs maintenu jusqu&rsquo;\u00e0 l&rsquo;entame des dix derni\u00e8res minutes.<\/p>\n<p>Nanterre c\u00e8de in extremis<\/p>\n<p>Conscient qu&rsquo;ils avaient un coup \u00e0 jouer en terre bressane, les joueurs de Nanterre ont chang\u00e9 de tempo. Mettant en \u00e9chec l&rsquo;attaque burgienne, ils ont sign\u00e9 un 13-3 pour revenir \u00e0 seulement trois longueurs avec un peu plus de quatre minutes encore \u00e0 jouer. Une fin de match sous tension qui a vu les deux \u00e9quipes se rendre coup pour coup. Si Nanterre a su prendre la t\u00eate au score d&rsquo;un point \u00e0 deux minutes du buzzer, le jeu des lancers francs a tourn\u00e9 en faveur de Bourg-en-Bresse. Kevin Kokila (7 points) et Assemian Moular\u00e9 (11) ont mis fin au suspense pour une victoire de trois points pour la JL Bourg (86-83) qui met fin \u00e0 la s\u00e9rie de quatre victoires cons\u00e9cutives de Nanterre.<\/p>\n","protected":false},"excerpt":{"rendered":"Mathieu Warnier, Media365, publi\u00e9 le dimanche 07 d\u00e9cembre 2025 \u00e0 19h15 Apr\u00e8s avoir pris le meilleur sur Monaco,&hellip;\n","protected":false},"author":2,"featured_media":585526,"comment_status":"","ping_status":"","sticky":false,"template":"","format":"standard","meta":{"footnotes":""},"categories":[1586],"tags":[11,1777,674,1779,1011,27,12,25,1778,364],"class_list":{"0":"post-585525","1":"post","2":"type-post","3":"status-publish","4":"format-standard","5":"has-post-thumbnail","7":"category-europe","8":"tag-actualites","9":"tag-eu","10":"tag-europe","11":"tag-european-union","12":"tag-fr","13":"tag-france","14":"tag-news","15":"tag-republique-francaise","16":"tag-ue","17":"tag-union-europeenne"},"share_on_mastodon":{"url":"https:\/\/pubeurope.com\/@fr\/115681894462832147","error":""},"_links":{"self":[{"href":"https:\/\/www.europesays.com\/fr\/wp-json\/wp\/v2\/posts\/585525","targetHints":{"allow":["GET"]}}],"collection":[{"href":"https:\/\/www.europesays.com\/fr\/wp-json\/wp\/v2\/posts"}],"about":[{"href":"https:\/\/www.europesays.com\/fr\/wp-json\/wp\/v2\/types\/post"}],"author":[{"embeddable":true,"href":"https:\/\/www.europesays.com\/fr\/wp-json\/wp\/v2\/users\/2"}],"replies":[{"embeddable":true,"href":"https:\/\/www.europesays.com\/fr\/wp-json\/wp\/v2\/comments?post=585525"}],"version-history":[{"count":0,"href":"https:\/\/www.europesays.com\/fr\/wp-json\/wp\/v2\/posts\/585525\/revisions"}],"wp:featuredmedia":[{"embeddable":true,"href":"https:\/\/www.europesays.com\/fr\/wp-json\/wp\/v2\/media\/585526"}],"wp:attachment":[{"href":"https:\/\/www.europesays.com\/fr\/wp-json\/wp\/v2\/media?parent=585525"}],"wp:term":[{"taxonomy":"category","embeddable":true,"href":"https:\/\/www.europesays.com\/fr\/wp-json\/wp\/v2\/categories?post=585525"},{"taxonomy":"post_tag","embeddable":true,"href":"https:\/\/www.europesays.com\/fr\/wp-json\/wp\/v2\/tags?post=585525"}],"curies":[{"name":"wp","href":"https:\/\/api.w.org\/{rel}","templated":true}]}}