{"id":585527,"date":"2025-12-08T03:46:27","date_gmt":"2025-12-08T03:46:27","guid":{"rendered":"https:\/\/www.europesays.com\/fr\/585527\/"},"modified":"2025-12-08T03:46:27","modified_gmt":"2025-12-08T03:46:27","slug":"le-club-ma-laisse-tomber-liverpool-va-t-il-imploser-apres-la-sortie-au-chalumeau-de-mo-salah","status":"publish","type":"post","link":"https:\/\/www.europesays.com\/fr\/585527\/","title":{"rendered":"\u00ab\u00a0Le club m\u2019a laiss\u00e9 tomber\u00a0\u00bb\u2026 Liverpool va-t-il imploser apr\u00e8s la sortie au chalumeau de Mo Salah\u00a0?"},"content":{"rendered":"<p>Liverpool est-il en train d\u2019imploser sous nos yeux\u00a0? C\u2019est la question qu\u2019on se pose ce dimanche apr\u00e8s le match nul (3-3) conc\u00e9d\u00e9 par les Reds \u00e0 Leeds, samedi, o\u00f9 <a href=\"https:\/\/www.20minutes.fr\/sport\/football\/4190106-20251207-football-colere-contre-liverpool-mohamed-salah-menace-quitter-club\" class=\"c-link c-link--is-underlined\" target=\"_blank\" rel=\"noopener\">les d\u00e9clarations fracassantes<\/a> de <a href=\"https:\/\/www.20minutes.fr\/sport\/mohamed-salah\/\" class=\"c-link c-link--is-underlined\" target=\"_blank\" rel=\"noopener\">Mohamed Salah<\/a>, furieux d\u2019avoir \u00e0 nouveau \u00e9t\u00e9 laiss\u00e9 sur le banc, ont fait grand bruit. L\u2019Egyptien, qui n\u2019a m\u00eame pas eu la chance d\u2019entrer en jeu \u00e0 Ellan Road, a fait le choix de d\u00e9clarer la guerre \u00e0 Arne Slot et \u00e0 son club de c\u0153ur, lui, le h\u00e9ros de la saison derni\u00e8re couronn\u00e9 par un magnifique titre de champion d\u2019Angleterre.<\/p>\n<p>\u00ab\u00a0J\u2019ai l\u2019impression que le club m\u2019a laiss\u00e9 tomber. C\u2019est vraiment ce que je ressens. Je pense qu\u2019il est \u00e9vident que quelqu\u2019un a voulu me faire porter toute la responsabilit\u00e9. On m\u2019a fait beaucoup de promesses cet \u00e9t\u00e9 et pour l\u2019instant, je suis sur le banc depuis trois matchs, donc je ne peux pas dire qu\u2019ils aient tenu leurs promesses, a-t-il d\u00e9clar\u00e9 \u00e0 l\u2019issue du match. J\u2019ai dit \u00e0 plusieurs reprises que j\u2019avais de bonnes relations avec l\u2019entra\u00eeneur et, tout \u00e0 coup, nous n\u2019avons plus aucune relation. Je ne sais pas pourquoi, mais il me semble que quelqu\u2019un ne veut pas de moi au club\u00a0\u00bb.<\/p>\n<p>\u00ab\u00a0\u00c7a fait vraiment mal\u00a0\u00bb<\/p>\n<p>Mais le gar\u00e7on ne s\u2019est pas arr\u00eat\u00e9 l\u00e0, c\u2019est rien de le dire, sous les yeux m\u00e9dus\u00e9s de l\u2019attach\u00e9 de presse de Liverpool. \u00ab\u00a0Je crois que le club est en train de me jeter sous le bus\u2026 C\u2019est inacceptable pour moi. Je ne comprends pas pourquoi cela m\u2019arrive. J\u2019ai tant fait pour ce club\u2026 Le respect, c\u2019est ce que je veux obtenir. Je n\u2019ai pas besoin de me battre tous les jours pour conserver ma place, car je l\u2019ai m\u00e9rit\u00e9e. Je ne suis pas meilleur que les autres, mais j\u2019ai gagn\u00e9 ma place. C\u2019est le football. C\u2019est comme \u00e7a. Apr\u00e8s tout ce que j\u2019ai fait pour le club, \u00e7a fait vraiment mal\u00a0\u00bb, a poursuivi Salah, qui ne go\u00fbte gu\u00e8re d\u2019\u00eatre le bouc \u00e9missaire d\u2019une saison aux allures de cauchemar.<\/p>\n<blockquote class=\"twitter-tweet\" align=\"center\" data-lang=\"fr_FR\">\n<p lang=\"en\" dir=\"ltr\">Liverpool\u2019s press officer with the yellow lanyard in the back was absolutely lost for words when he heard Salah say \u2018the club is trying to throw me under the bus&#8230;\u2019 <a href=\"https:\/\/t.co\/mFtob2lbFc\">pic.twitter.com\/mFtob2lbFc<\/a><\/p>\n<p>\u2014 george (@StokeyyG2) <a href=\"https:\/\/twitter.com\/StokeyyG2\/status\/1997659319941116298?ref_src=twsrc%5Etfw\" target=\"_blank\" rel=\"noopener\">December 7, 2025<\/a><\/p><\/blockquote>\n<p class=\"mb-m@xs text-l@xs\">En cliquant sur\u00ab J\u2019accepte \u00bb, vous acceptez le d\u00e9p\u00f4t de cookies par des services externes et aurez ainsi acc\u00e8s aux contenus de nos partenaires.<\/p>\n<p class=\"mb-xl@xs text-s@xs\">Plus d\u2019informations sur la page<a href=\"https:\/\/www.20minutes.fr\/gestion-cookies\" class=\"mx-xxs@xs color-ultramarine\" target=\"_blank\" rel=\"noopener\">Politique de gestion des cookies<\/a><\/p>\n<p>J\u2019accepte<\/p>\n<p>Si cette saison l\u2019Egyptien n\u2019est plus que l\u2019ombre de lui-m\u00eame, il n\u2019est effectivement pas le seul \u00e0 \u00eatre totalement \u00e0 c\u00f4t\u00e9 de ces pompes depuis le mois d\u2019ao\u00fbt. On pense notamment aux deux recrues estivales XXL Florian Wirtz et Aleksander Isaak, qui auront bien du mal \u00e0 faire oublier leur transfert \u00e0 125 et 145\u00a0millions d\u2019euros, mais aussi \u00e0 Virgil Van\u00a0Dijk et Ibrahima Konat\u00e9. Samedi, c\u2019est le Fran\u00e7ais <a href=\"https:\/\/rmcsport.bfmtv.com\/football\/premier-league\/il-est-trop-present-sur-la-scene-de-crime-slot-charge-konate-apres-la-nouvelle-contre-performance-de-liverpool_AV-202512070120.html\" class=\"c-link c-link--is-underlined\" target=\"_blank\" rel=\"noopener\">qui a pris pour tout le monde<\/a> en conf\u00e9rence de presse, lui qui fut notamment \u00e0 l\u2019origine du r\u00e9veil de Leeds apr\u00e8s le p\u00e9nalty transform\u00e9 par Calvert-Lewin alors que les Reds menaient tranquillement de deux buts et semblaient se diriger vers la victoire.<\/p>\n<\/p>\n<p>Konat\u00e9 d\u00e9sign\u00e9 coupable par Slot<\/p>\n<p>\u00ab\u00a0Malheureusement pour lui, il fait beaucoup de bonnes choses, mais il est un peu trop pr\u00e9sent sur la sc\u00e8ne de crime\u2026 J\u2019ai entendu \u00e7a en Angleterre. Cela signifie qu\u2019il est impliqu\u00e9 sur les buts que nous encaissons\u00a0\u00bb, a d\u00e9clar\u00e9 Slot apr\u00e8s la rencontre. On peut difficilement donner tort au coach n\u00e9erlandais, qui voit comme nous \u00e0 quel point Konat\u00e9 est en de\u00e7\u00e0 de son niveau de la saison derni\u00e8re.<\/p>\n<p>Mais dans ce contexte, c\u2019est certainement Slot qui finira par servir de fusible si Liverpool ne se r\u00e9veille pas rapidement. Or, vu l\u2019ambiance dans le groupe et la sortie au chalumeau de Mo Salah, on voit mal comment l\u2019ancien entra\u00eeneur de Feyenoord pourrait trouver les mots pour relancer ses joueurs. Si ces heures sont donc compt\u00e9es, celles de star des Reds le sont tout autant. Ces derni\u00e8res heures, dans la presse britannique, un d\u00e9part de l&rsquo;\u00ab\u00a0Egyptian King\u00a0\u00bb en janvier n\u2019\u00e9tait plus du tout \u00e0 exclure.<\/p>\n<p><script async src=\"https:\/\/platform.twitter.com\/widgets.js\" charset=\"utf-8\"><\/script><\/p>\n","protected":false},"excerpt":{"rendered":"Liverpool est-il en train d\u2019imploser sous nos yeux\u00a0? C\u2019est la question qu\u2019on se pose ce dimanche apr\u00e8s le&hellip;\n","protected":false},"author":2,"featured_media":585528,"comment_status":"","ping_status":"","sticky":false,"template":"","format":"standard","meta":{"footnotes":""},"categories":[2],"tags":[11,63,1011,27,28119,3490,15383,7369,12,70,25,517],"class_list":{"0":"post-585527","1":"post","2":"type-post","3":"status-publish","4":"format-standard","5":"has-post-thumbnail","7":"category-actualites","8":"tag-actualites","9":"tag-football","10":"tag-fr","11":"tag-france","12":"tag-ibrahima-konate","13":"tag-liverpool","14":"tag-liverpool-fc","15":"tag-mohamed-salah","16":"tag-news","17":"tag-premier-league","18":"tag-republique-francaise","19":"tag-sport"},"share_on_mastodon":{"url":"https:\/\/pubeurope.com\/@fr\/115681898300021214","error":""},"_links":{"self":[{"href":"https:\/\/www.europesays.com\/fr\/wp-json\/wp\/v2\/posts\/585527","targetHints":{"allow":["GET"]}}],"collection":[{"href":"https:\/\/www.europesays.com\/fr\/wp-json\/wp\/v2\/posts"}],"about":[{"href":"https:\/\/www.europesays.com\/fr\/wp-json\/wp\/v2\/types\/post"}],"author":[{"embeddable":true,"href":"https:\/\/www.europesays.com\/fr\/wp-json\/wp\/v2\/users\/2"}],"replies":[{"embeddable":true,"href":"https:\/\/www.europesays.com\/fr\/wp-json\/wp\/v2\/comments?post=585527"}],"version-history":[{"count":0,"href":"https:\/\/www.europesays.com\/fr\/wp-json\/wp\/v2\/posts\/585527\/revisions"}],"wp:featuredmedia":[{"embeddable":true,"href":"https:\/\/www.europesays.com\/fr\/wp-json\/wp\/v2\/media\/585528"}],"wp:attachment":[{"href":"https:\/\/www.europesays.com\/fr\/wp-json\/wp\/v2\/media?parent=585527"}],"wp:term":[{"taxonomy":"category","embeddable":true,"href":"https:\/\/www.europesays.com\/fr\/wp-json\/wp\/v2\/categories?post=585527"},{"taxonomy":"post_tag","embeddable":true,"href":"https:\/\/www.europesays.com\/fr\/wp-json\/wp\/v2\/tags?post=585527"}],"curies":[{"name":"wp","href":"https:\/\/api.w.org\/{rel}","templated":true}]}}