{"id":58553,"date":"2025-04-28T06:04:09","date_gmt":"2025-04-28T06:04:09","guid":{"rendered":"https:\/\/www.europesays.com\/fr\/58553\/"},"modified":"2025-04-28T06:04:09","modified_gmt":"2025-04-28T06:04:09","slug":"rer-d-deux-milliards-deuros-pour-96-rer-ng","status":"publish","type":"post","link":"https:\/\/www.europesays.com\/fr\/58553\/","title":{"rendered":"RER D : deux milliards d\u2019euros pour 96 RER NG"},"content":{"rendered":"<p><img loading=\"lazy\" decoding=\"async\" alt=\"\u00a9 IDF Mobilit\u00e9s - Le Conseil d\u2019administration d\u2019\u00cele-de-France Mobilit\u00e9s a vot\u00e9 une commande de 96 trains RER NG suppl\u00e9mentaires, pour la ligne du RER D.\" data-zoom-src=\"https:\/\/www.europesays.com\/fr\/wp-content\/uploads\/2025\/04\/initial-rer-ng-idf-mobilite.jpg\" data-zoomable=\"\" height=\"702\" src=\"https:\/\/www.europesays.com\/fr\/wp-content\/uploads\/2025\/04\/initial-rer-ng-idf-mobilite.jpg\" width=\"1248\"\/>  <\/p>\n<p class=\"article-desc\">\u00a9 IDF Mobilit\u00e9s &#8211; Le Conseil d\u2019administration d\u2019\u00cele-de-France Mobilit\u00e9s a vot\u00e9 une commande de 96 trains RER NG suppl\u00e9mentaires, pour la ligne du RER D. <\/p>\n<p>Quatre mois apr\u00e8s la mise en service des <strong>rames<\/strong> du type <a href=\"https:\/\/mesinfos.fr\/ile-de-france\/la-mise-en-service-du-rer-ng-inauguree-sur-la-ligne-e-187481.html\" rel=\"noopener nofollow\" target=\"_blank\">RER \u201cNouvelle G\u00e9n\u00e9ration\u201d<\/a> (<strong>NG<\/strong>), le rythme s\u2019acc\u00e9l\u00e8re. Le Conseil d\u2019administration d<strong>\u2019\u00cele-de-France Mobilit\u00e9s<\/strong> (IDFM) a vot\u00e9 le 10 avril une <strong>commande<\/strong> de <strong>96 trains<\/strong> suppl\u00e9mentaires, pour un montant de <strong>2,1 milliards d\u2019euros<\/strong>. Cela dans le cadre du renouvellement de l\u2019ensemble des Z2N circulant sur la ligne du <strong>RER D<\/strong> (hors branche Malesherbes assur\u00e9e par des Regio 2N). <\/p>\n<p>Cette demande pass\u00e9e aupr\u00e8s des fournisseurs <strong>Transilien SNCF Voyageurs<\/strong> et <a href=\"https:\/\/mesinfos.fr\/proxima-commande-a-alstom-12-trains-a-grande-vitesse-pour-conquerir-l-ouest-207841.html\" rel=\"noopener nofollow\" target=\"_blank\">Alstom<\/a>, intervient apr\u00e8s trois premi\u00e8res commandes d\u2019un total de 130 RER NG \u00e0 destination de la ligne E et 36 pour le RER D (plus longue ligne d\u2019\u00cele-de-France avec 194 kilom\u00e8tres). Actuellement, ce sont une dizaine de RER NG qui roulent sur la branche Corbeil-Essonnes du RER D. D\u2019ici 2029, on devrait compter 132 trains RER NG sur l\u2019ensemble de la ligne du RER D. <\/p>\n<p>Espaces pour personnes en situation de handicap et en fauteuil roulant <\/p>\n<p>Fin mars, Transilien SNCF, la filiale de SNCF Voyageurs en charge des trains de banlieue, avait par ailleurs demand\u00e9 \u00e0 Alstom, rappelle BFM Business, d&rsquo;interrompre la livraison des RER NG sur le RER E pour r\u00e9gler un <strong>probl\u00e8me technique<\/strong>. IDFM \u00e9crit dans son communiqu\u00e9 demander aux fournisseurs \u201cd\u2019anticiper d\u00e8s \u00e0 pr\u00e9sent la livraison de ces trains (les 96 command\u00e9s), de respecter les plannings de livraison et de mises en service.\u201d<\/p>\n<p>Ces rames nouvelles g\u00e9n\u00e9rations ont \u00e9t\u00e9 pens\u00e9es pour proposer un train spacieux, modulable et ouvert sur toute sa longueur pour faciliter la circulation \u00e0 bord. Le RER NG est un train 100 % accessible disposant de nombreuses portes \u00e9largies ainsi que diff\u00e9rents <strong>espaces<\/strong> d\u2019attente dont plusieurs r\u00e9serv\u00e9s aux personnes en situation de <a href=\"https:\/\/mesinfos.fr\/92220-bagneux\/l-un-des-plus-grands-heritages-de-ces-jeux-de-paris-sera-ce-changement-de-regard-sur-le-handicap-206711.html\" rel=\"noopener nofollow\" target=\"_blank\"><strong>handicap<\/strong><\/a> et en <strong>fauteuil roulant<\/strong>. <\/p>\n<p>Plusieurs innovations <\/p>\n<p>On note comme <strong>innovations<\/strong>, les lumi\u00e8res LED qui s\u2019adaptent aux diff\u00e9rents moments de la journ\u00e9e, l\u2019information voyageurs en temps r\u00e9el et connect\u00e9e, des ports USB et une climatisation intelligente. <\/p>\n<p>Une trentaine de trains devraient circuler sur la ligne D d\u2019ici la fin 2025. A terme, ils seront l\u2019objet d\u2019op\u00e9rations de maintenance au sein du nouveau Technicentre de <a href=\"https:\/\/mesinfos.fr\/94190-villeneuve-saint-georges\/des-dysfonctionnements-majeurs-pointes-a-villeneuve-saint-georges-216339.html\" rel=\"noopener nofollow\" target=\"_blank\">Villeneuve-Saint-Georges<\/a> (Val-de-Marne) dont la premi\u00e8re pierre a \u00e9t\u00e9 pos\u00e9e en juin 2024, ainsi qu\u2019au Technicentre de Joncherolles (Seine-Saint-Denis).<\/p>\n","protected":false},"excerpt":{"rendered":"\u00a9 IDF Mobilit\u00e9s &#8211; Le Conseil d\u2019administration d\u2019\u00cele-de-France Mobilit\u00e9s a vot\u00e9 une commande de 96 trains RER NG&hellip;\n","protected":false},"author":2,"featured_media":58554,"comment_status":"","ping_status":"","sticky":false,"template":"","format":"standard","meta":{"footnotes":""},"categories":[1592],"tags":[1111,11,1777,674,1011,27,662,12,626,25,2216],"class_list":{"0":"post-58553","1":"post","2":"type-post","3":"status-publish","4":"format-standard","5":"has-post-thumbnail","7":"category-ile-de-france","8":"tag-actu","9":"tag-actualites","10":"tag-eu","11":"tag-europe","12":"tag-fr","13":"tag-france","14":"tag-ile-de-france","15":"tag-news","16":"tag-paris","17":"tag-republique-francaise","18":"tag-transports-en-commun"},"share_on_mastodon":{"url":"https:\/\/pubeurope.com\/@fr\/114414083454021596","error":""},"_links":{"self":[{"href":"https:\/\/www.europesays.com\/fr\/wp-json\/wp\/v2\/posts\/58553","targetHints":{"allow":["GET"]}}],"collection":[{"href":"https:\/\/www.europesays.com\/fr\/wp-json\/wp\/v2\/posts"}],"about":[{"href":"https:\/\/www.europesays.com\/fr\/wp-json\/wp\/v2\/types\/post"}],"author":[{"embeddable":true,"href":"https:\/\/www.europesays.com\/fr\/wp-json\/wp\/v2\/users\/2"}],"replies":[{"embeddable":true,"href":"https:\/\/www.europesays.com\/fr\/wp-json\/wp\/v2\/comments?post=58553"}],"version-history":[{"count":0,"href":"https:\/\/www.europesays.com\/fr\/wp-json\/wp\/v2\/posts\/58553\/revisions"}],"wp:featuredmedia":[{"embeddable":true,"href":"https:\/\/www.europesays.com\/fr\/wp-json\/wp\/v2\/media\/58554"}],"wp:attachment":[{"href":"https:\/\/www.europesays.com\/fr\/wp-json\/wp\/v2\/media?parent=58553"}],"wp:term":[{"taxonomy":"category","embeddable":true,"href":"https:\/\/www.europesays.com\/fr\/wp-json\/wp\/v2\/categories?post=58553"},{"taxonomy":"post_tag","embeddable":true,"href":"https:\/\/www.europesays.com\/fr\/wp-json\/wp\/v2\/tags?post=58553"}],"curies":[{"name":"wp","href":"https:\/\/api.w.org\/{rel}","templated":true}]}}