{"id":585533,"date":"2025-12-08T03:52:14","date_gmt":"2025-12-08T03:52:14","guid":{"rendered":"https:\/\/www.europesays.com\/fr\/585533\/"},"modified":"2025-12-08T03:52:14","modified_gmt":"2025-12-08T03:52:14","slug":"amende-retrait-de-points-sous-le-coup-dune-sanction-dans-laffaire-du-transfert-de-melvyn-jaminet-toulouse-veut-plaider-le-vice-de-procedure","status":"publish","type":"post","link":"https:\/\/www.europesays.com\/fr\/585533\/","title":{"rendered":"Amende, retrait de points&#8230; Sous le coup d&rsquo;une sanction dans l&rsquo;affaire du transfert de Melvyn Jaminet, Toulouse veut plaider le vice de proc\u00e9dure"},"content":{"rendered":"\n<p>Amende, retrait de points&#8230; Sous le coup d&rsquo;une sanction dans l&rsquo;affaire du transfert de Melvyn Jaminet, Toulouse veut plaider le vice de proc\u00e9dure<\/p>\n<p>Convoqu\u00e9 ce lundi apr\u00e8s-midi devant le Conseil de discipline du rugby fran\u00e7ais, menac\u00e9 d&rsquo;un retrait de points (voire plus), le Stade Toulousain va plaider l&rsquo;ill\u00e9galit\u00e9 de cette deuxi\u00e8me proc\u00e9dure dans l&rsquo;affaire Jaminet. Sans se faire beaucoup d&rsquo;illusions.<\/p>\n","protected":false},"excerpt":{"rendered":"Amende, retrait de points&#8230; Sous le coup d&rsquo;une sanction dans l&rsquo;affaire du transfert de Melvyn Jaminet, Toulouse veut&hellip;\n","protected":false},"author":2,"featured_media":585534,"comment_status":"","ping_status":"","sticky":false,"template":"","format":"standard","meta":{"footnotes":""},"categories":[1416],"tags":[1011,27,479,1468,60],"class_list":{"0":"post-585533","1":"post","2":"type-post","3":"status-publish","4":"format-standard","5":"has-post-thumbnail","7":"category-rugby","8":"tag-fr","9":"tag-france","10":"tag-rugby","11":"tag-rugby-football","12":"tag-sports"},"share_on_mastodon":{"url":"https:\/\/pubeurope.com\/@fr\/115681921876393940","error":""},"_links":{"self":[{"href":"https:\/\/www.europesays.com\/fr\/wp-json\/wp\/v2\/posts\/585533","targetHints":{"allow":["GET"]}}],"collection":[{"href":"https:\/\/www.europesays.com\/fr\/wp-json\/wp\/v2\/posts"}],"about":[{"href":"https:\/\/www.europesays.com\/fr\/wp-json\/wp\/v2\/types\/post"}],"author":[{"embeddable":true,"href":"https:\/\/www.europesays.com\/fr\/wp-json\/wp\/v2\/users\/2"}],"replies":[{"embeddable":true,"href":"https:\/\/www.europesays.com\/fr\/wp-json\/wp\/v2\/comments?post=585533"}],"version-history":[{"count":0,"href":"https:\/\/www.europesays.com\/fr\/wp-json\/wp\/v2\/posts\/585533\/revisions"}],"wp:featuredmedia":[{"embeddable":true,"href":"https:\/\/www.europesays.com\/fr\/wp-json\/wp\/v2\/media\/585534"}],"wp:attachment":[{"href":"https:\/\/www.europesays.com\/fr\/wp-json\/wp\/v2\/media?parent=585533"}],"wp:term":[{"taxonomy":"category","embeddable":true,"href":"https:\/\/www.europesays.com\/fr\/wp-json\/wp\/v2\/categories?post=585533"},{"taxonomy":"post_tag","embeddable":true,"href":"https:\/\/www.europesays.com\/fr\/wp-json\/wp\/v2\/tags?post=585533"}],"curies":[{"name":"wp","href":"https:\/\/api.w.org\/{rel}","templated":true}]}}