{"id":585541,"date":"2025-12-08T03:59:14","date_gmt":"2025-12-08T03:59:14","guid":{"rendered":"https:\/\/www.europesays.com\/fr\/585541\/"},"modified":"2025-12-08T03:59:14","modified_gmt":"2025-12-08T03:59:14","slug":"quand-la-conversation-lemmerdait-il","status":"publish","type":"post","link":"https:\/\/www.europesays.com\/fr\/585541\/","title":{"rendered":"Quand la conversation l&#8217;emmerdait il&#8230;"},"content":{"rendered":"<p>\n                            Jamais avare d&rsquo;anecdotes, Amanda Lear a r\u00e9cemment \u00e9voqu\u00e9 ses rapports m\u00e9connus avec Charles Aznavour, qui a \u00e9t\u00e9 son voisin dans le Sud de la France. Elle a r\u00e9v\u00e9l\u00e9 que le chanteur avait une manie surprenante&#8230;<\/p>\n<p><a href=\"https:\/\/www.journaldesfemmes.fr\/people\/amanda-lear\/\" title=\"Amanda Lear\" target=\"_blank\" rel=\"noopener\">Amanda Lear<\/a> ne manque jamais l&rsquo;occasion de raconter ses folles anecdote. Dans le studio radio d&rsquo;Ici, celle dont l&rsquo;\u00e2ge demeure un myst\u00e8re pour tout le monde a donn\u00e9 de ses nouvelles et a racont\u00e9 des \u00e9pisodes marquants de sa vie. Elle a notamment r\u00e9v\u00e9l\u00e9 que son d\u00e9funt ami Charles Aznavour avait une vilaine manie quand les conversations commen\u00e7aient \u00e0 l&rsquo;agacer\u2026<\/p>\n<p>Amanda Lear balance une anecdote sur Charles Aznavour tr\u00e8s dr\u00f4le<\/p>\n<p>Amanda Lear ne m\u00e2che jamais ses mots.\u00a0L&rsquo;interpr\u00e8te embl\u00e9matique du tube Follow Me a longuement c\u00f4toy\u00e9 Charles Aznavour.\u00a0\u00ab\u00a0Je d\u00e9jeunais souvent avec lui\u00a0\u00bb, a-t-elle confi\u00e9 au micro d&rsquo;Ici.\u00a0Dans le Midi, leurs chemins se croisaient sans cesse\u00a0: \u00ab\u00a0Je voyais beaucoup Aznavour dans le Midi parce que, quand j&rsquo;avais une maison dans le Midi, c&rsquo;\u00e9tait mon voisin. En fait, on portait nos olives, tous les deux au m\u00eame moulin, parce que je suis ol\u00e9icultrice\u00a0\u00bb, a-t-elle racont\u00e9.\u00a0<\/p>\n<p><img decoding=\"async\" alt=\"\" src=\"https:\/\/www.europesays.com\/fr\/wp-content\/uploads\/2025\/12\/40056379.jpg\"\/><br \/>\n\u00a9\u00a0Shootpix\/ABACA<\/p>\n<p>Celle qui fut la muse de Salvador Dal\u00ed a d&rsquo;ailleurs r\u00e9v\u00e9l\u00e9 que le chanteur avait une f\u00e2cheuse habitude lorsqu&rsquo;une conversation commen\u00e7ait \u00e0 l&rsquo;agacer. \u00ab\u00a0Il \u00e9tait tr\u00e8s sourd et il avait un appareil. Et quand la conversation l&#8217;emmerdait, il d\u00e9crochait son Amplifon\u00a0\u00bb, s&rsquo;est-elle souvenue avec son franc-parler habituel.<\/p>\n<p>Amanda Lear se confie sur ce projet secret : \u00ab\u00a0Il est mort avant d&rsquo;avoir termin\u00e9\u2026\u00a0\u00bb<\/p>\n<p>Mais Amanda Lear a aussi souhait\u00e9 r\u00e9tablir certaines v\u00e9rit\u00e9s concernant leur complicit\u00e9 artistique. Charles Aznavour, disparu en 2018\u00a0\u00e0 la suite d&rsquo;un arr\u00eat cardiaque, nourrissait en effet de beaux projets pour elle. \u00ab\u00a0Il voulait m&rsquo;\u00e9crire une com\u00e9die musicale\u00a0\u00bb, a r\u00e9v\u00e9l\u00e9 l&rsquo;ic\u00f4ne fran\u00e7aise des ann\u00e9es disco. \u00ab\u00a0Et puis, il est mort avant d&rsquo;avoir termin\u00e9\u00a0\u00bb, a-t-elle ajout\u00e9, visiblement d\u00e9\u00e7ue de ne jamais voir aboutir cette cr\u00e9ation que lui pr\u00e9parait l&rsquo;interpr\u00e8te de La Boh\u00e8me.<\/p>\n<p>Un regret qu&rsquo;Amanda Lear a exprim\u00e9 sans d\u00e9tour, tant l&rsquo;id\u00e9e l&rsquo;aurait enchant\u00e9e. \u00ab\u00a0C&rsquo;est vraiment dommage car \u00e7a m&rsquo;aurait bien plu\u00a0\u00bb, a-t-elle expliqu\u00e9. Et pour saluer la m\u00e9moire de son ami, elle a\u00a0 \u00a0conclu avec une tendre admiration\u00a0: \u00ab\u00a0Je trouvais que c&rsquo;\u00e9tait vraiment un grand po\u00e8te\u00a0\u00bb.<\/p>\n","protected":false},"excerpt":{"rendered":"Jamais avare d&rsquo;anecdotes, Amanda Lear a r\u00e9cemment \u00e9voqu\u00e9 ses rapports m\u00e9connus avec Charles Aznavour, qui a \u00e9t\u00e9 son&hellip;\n","protected":false},"author":2,"featured_media":585542,"comment_status":"","ping_status":"","sticky":false,"template":"","format":"standard","meta":{"footnotes":""},"categories":[1359],"tags":[3723,19704,69902,51761,58,59,51763,1011,27,51766,51767,973],"class_list":{"0":"post-585541","1":"post","2":"type-post","3":"status-publish","4":"format-standard","5":"has-post-thumbnail","7":"category-people","8":"tag-actus","9":"tag-amanda-lear","10":"tag-cms-journaldesfemmes-3248698","11":"tag-controller-content","12":"tag-divertissement","13":"tag-entertainment","14":"tag-format-papier","15":"tag-fr","16":"tag-france","17":"tag-les-histoires-du-jdf","18":"tag-parallaxeinfeed","19":"tag-people"},"share_on_mastodon":{"url":"https:\/\/pubeurope.com\/@fr\/115681950201933913","error":""},"_links":{"self":[{"href":"https:\/\/www.europesays.com\/fr\/wp-json\/wp\/v2\/posts\/585541","targetHints":{"allow":["GET"]}}],"collection":[{"href":"https:\/\/www.europesays.com\/fr\/wp-json\/wp\/v2\/posts"}],"about":[{"href":"https:\/\/www.europesays.com\/fr\/wp-json\/wp\/v2\/types\/post"}],"author":[{"embeddable":true,"href":"https:\/\/www.europesays.com\/fr\/wp-json\/wp\/v2\/users\/2"}],"replies":[{"embeddable":true,"href":"https:\/\/www.europesays.com\/fr\/wp-json\/wp\/v2\/comments?post=585541"}],"version-history":[{"count":0,"href":"https:\/\/www.europesays.com\/fr\/wp-json\/wp\/v2\/posts\/585541\/revisions"}],"wp:featuredmedia":[{"embeddable":true,"href":"https:\/\/www.europesays.com\/fr\/wp-json\/wp\/v2\/media\/585542"}],"wp:attachment":[{"href":"https:\/\/www.europesays.com\/fr\/wp-json\/wp\/v2\/media?parent=585541"}],"wp:term":[{"taxonomy":"category","embeddable":true,"href":"https:\/\/www.europesays.com\/fr\/wp-json\/wp\/v2\/categories?post=585541"},{"taxonomy":"post_tag","embeddable":true,"href":"https:\/\/www.europesays.com\/fr\/wp-json\/wp\/v2\/tags?post=585541"}],"curies":[{"name":"wp","href":"https:\/\/api.w.org\/{rel}","templated":true}]}}